{"id":563850,"date":"2025-11-28T06:08:26","date_gmt":"2025-11-28T06:08:26","guid":{"rendered":"https:\/\/www.europesays.com\/fr\/563850\/"},"modified":"2025-11-28T06:08:26","modified_gmt":"2025-11-28T06:08:26","slug":"les-films-de-hayao-miyazaki-arrivent-sur-france-televisions-26-novembre-2025","status":"publish","type":"post","link":"https:\/\/www.europesays.com\/fr\/563850\/","title":{"rendered":"Les films de Hayao Miyazaki arrivent sur France T\u00e9l\u00e9visions, 26 Novembre 2025"},"content":{"rendered":"<p style=\"text-align: justify;\">Le mois prochain, <strong>France T\u00e9l\u00e9visions<\/strong> vous proposera de c\u00e9l\u00e9brer les f\u00eates de fin d&rsquo;ann\u00e9e en compagnie du plus c\u00e9l\u00e8bre des cin\u00e9astes d&rsquo;animation japonais : <strong><a href=\"https:\/\/www.manga-news.com\/index.php\/auteur\/MIYAZAKI-Hayao\" target=\"_blank\" rel=\"noopener\">Hayao Miyazaki<\/a><\/strong> !<\/p>\n<p style=\"text-align: justify;\">En effet, \u00e0 partir du <strong>6 d\u00e9cembre<\/strong> et \u00e0 raison de deux films environ par semaine, vous pourrez retrouver gratuitement, sur la plateforme <strong>france.tv<\/strong> mais aussi en diffusion sur la cha\u00eene <strong>France 4<\/strong>, 11 des 12 films r\u00e9alis\u00e9s par le ma\u00eetre.<\/p>\n<p style=\"text-align: center;\"><img decoding=\"async\" src=\"https:\/\/www.europesays.com\/fr\/wp-content\/uploads\/2025\/11\/hayao-miyazaki-france-televisions-1.webp.webp\" alt=\"\" style=\"width: 100%; max-width: 562px; height: auto; max-height: 702px;\"\/><\/p>\n<p style=\"text-align: justify;\">Sont donc au programme: <strong><a href=\"https:\/\/www.manga-news.com\/index.php\/dvd\/Kiki-la-petite-sorciere\" target=\"_blank\" rel=\"noopener\">Kiki la petite sorci\u00e8re<\/a><\/strong>, <strong><a href=\"https:\/\/www.manga-news.com\/index.php\/dvd\/Porco-Rosso-Edition-Simple\" target=\"_blank\" rel=\"noopener\">Porco Rosso<\/a><\/strong>, <strong><a href=\"https:\/\/www.manga-news.com\/index.php\/dvd\/Mon-Voisin-Totoro\" target=\"_blank\" rel=\"noopener\">Mon voisin Totoro<\/a><\/strong>, <strong><a href=\"https:\/\/www.manga-news.com\/index.php\/dvd\/le-vent-se-leve-Kaze-Tachinu\" target=\"_blank\" rel=\"noopener\">Le vent se l\u00e8ve<\/a><\/strong>, <strong><a href=\"https:\/\/www.manga-news.com\/index.php\/dvd\/Ponyo-Sur-la-Falaise\" target=\"_blank\" rel=\"noopener\">Ponyo sur la falaise<\/a><\/strong>, <strong><a href=\"https:\/\/www.manga-news.com\/index.php\/dvd\/Le-Chateau-Ambulant\" target=\"_blank\" rel=\"noopener\">Le Ch\u00e2teau Ambulant<\/a><\/strong>, <strong><a href=\"https:\/\/www.manga-news.com\/index.php\/dvd\/Kimitachi-ha-do-Ikiru-ka\" target=\"_blank\" rel=\"noopener\">Le Gar\u00e7on et le H\u00e9ron<\/a><\/strong>, <strong><a href=\"https:\/\/www.manga-news.com\/index.php\/dvd\/Princesse-Mononoke\" target=\"_blank\" rel=\"noopener\">Princesse Mononok\u00e9<\/a><\/strong>, <a href=\"https:\/\/www.manga-news.com\/index.php\/dvd\/Le-chateau-dans-le-ciel\" target=\"_blank\" rel=\"noopener\"><strong>Le Ch\u00e2teau dans le Ciel<\/strong><\/a>, <strong><a href=\"https:\/\/www.manga-news.com\/index.php\/dvd\/Le-voyage-de-Chihiro\" target=\"_blank\" rel=\"noopener\">Le Voyage de Chihiro<\/a><\/strong>, et <strong><a href=\"https:\/\/www.manga-news.com\/index.php\/dvd\/Nausicaa-De-La-Vallee-Du-Vent\" target=\"_blank\" rel=\"noopener\">Nausic\u00e4a de la Vall\u00e9e du Vent<\/a><\/strong>.<\/p>\n<p style=\"text-align: justify;\">Le grand absent est <a href=\"https:\/\/www.manga-news.com\/index.php\/dvd\/Lupin-III-Le-Chateau-de-Cagliostro\" target=\"_blank\" rel=\"noopener\">Lupin III: Le Ch\u00e2teau de Cagliostro<\/a>, tout premier long-m\u00e9trage de la carri\u00e8re du cin\u00e9aste.<\/p>\n<p style=\"text-align: center;\"><img decoding=\"async\" src=\"https:\/\/www.europesays.com\/fr\/wp-content\/uploads\/2025\/11\/hayao-miyazaki-france-televisions-2.webp.webp\" alt=\"\" style=\"width: 100%; max-width: 561px; height: auto; max-height: 702px;\"\/><\/p>\n<p style=\"text-align: justify;\">France T\u00e9l\u00e9visions n&rsquo;a pas donn\u00e9 d&rsquo;informations suppl\u00e9mentaires pour l&rsquo;instant: on sait juste que les deux premiers films propos\u00e9s seront Kiki la petite sorci\u00e8re et Porco Rosso, et qu&rsquo;ils sont pr\u00e9vus sur France 4 le samedi 6 d\u00e9cembre.<\/p>\n","protected":false},"excerpt":{"rendered":"Le mois prochain, France T\u00e9l\u00e9visions vous proposera de c\u00e9l\u00e9brer les f\u00eates de fin d&rsquo;ann\u00e9e en compagnie du plus&hellip;\n","protected":false},"author":2,"featured_media":563851,"comment_status":"","ping_status":"","sticky":false,"template":"","format":"standard","meta":{"footnotes":""},"categories":[1354],"tags":[1111,47,2566,58,59,1346,1011,27,1922,67984,6681,6683,2567,6682,1360,1404],"class_list":{"0":"post-563850","1":"post","2":"type-post","3":"status-publish","4":"format-standard","5":"has-post-thumbnail","7":"category-films","8":"tag-actu","9":"tag-actualite","10":"tag-anime","11":"tag-divertissement","12":"tag-entertainment","13":"tag-films","14":"tag-fr","15":"tag-france","16":"tag-info","17":"tag-les-films-de-hayao-miyazaki-arrivent-sur-france-televisions","18":"tag-manga","19":"tag-manga-news","20":"tag-manga-news-com","21":"tag-mangas","22":"tag-movies","23":"tag-quotidien"},"share_on_mastodon":{"url":"https:\/\/pubeurope.com\/@fr\/115625834722505432","error":""},"_links":{"self":[{"href":"https:\/\/www.europesays.com\/fr\/wp-json\/wp\/v2\/posts\/563850","targetHints":{"allow":["GET"]}}],"collection":[{"href":"https:\/\/www.europesays.com\/fr\/wp-json\/wp\/v2\/posts"}],"about":[{"href":"https:\/\/www.europesays.com\/fr\/wp-json\/wp\/v2\/types\/post"}],"author":[{"embeddable":true,"href":"https:\/\/www.europesays.com\/fr\/wp-json\/wp\/v2\/users\/2"}],"replies":[{"embeddable":true,"href":"https:\/\/www.europesays.com\/fr\/wp-json\/wp\/v2\/comments?post=563850"}],"version-history":[{"count":0,"href":"https:\/\/www.europesays.com\/fr\/wp-json\/wp\/v2\/posts\/563850\/revisions"}],"wp:featuredmedia":[{"embeddable":true,"href":"https:\/\/www.europesays.com\/fr\/wp-json\/wp\/v2\/media\/563851"}],"wp:attachment":[{"href":"https:\/\/www.europesays.com\/fr\/wp-json\/wp\/v2\/media?parent=563850"}],"wp:term":[{"taxonomy":"category","embeddable":true,"href":"https:\/\/www.europesays.com\/fr\/wp-json\/wp\/v2\/categories?post=563850"},{"taxonomy":"post_tag","embeddable":true,"href":"https:\/\/www.europesays.com\/fr\/wp-json\/wp\/v2\/tags?post=563850"}],"curies":[{"name":"wp","href":"https:\/\/api.w.org\/{rel}","templated":true}]}}