{"id":563852,"date":"2025-11-28T06:09:11","date_gmt":"2025-11-28T06:09:11","guid":{"rendered":"https:\/\/www.europesays.com\/fr\/563852\/"},"modified":"2025-11-28T06:09:11","modified_gmt":"2025-11-28T06:09:11","slug":"9-32-66-et-83-ans-chacun-de-ces-ages-correspond-a-une-phase-de-developpement-de-notre-cerveau-liberation","status":"publish","type":"post","link":"https:\/\/www.europesays.com\/fr\/563852\/","title":{"rendered":"9, 32, 66 et 83 ans : chacun de ces \u00e2ges correspond \u00e0 une phase de d\u00e9veloppement de notre cerveau &#8211; Lib\u00e9ration"},"content":{"rendered":"<ol>\n<li><a href=\"https:\/\/news.google.com\/rss\/articles\/CBMi_wFBVV95cUxOYnVYQnBzZmdUUFRydGpldUJUWktjcmJHTFBuWHdJZExrLTk4OTZ6bkZudk5Yck8xejVqdG5wWUVnUmZwZE9zbUdSSzdTQndwRHJaR0VhUHBlMnJMUk5ybi1CcFRpLUpvMGhWYXZzVWRVQWE4dEdJN0RWaWhMRnlnX2gtUjRjTmtOS21TemVvS0hES2JsdzNhVzhaT2NrcTdKdE9Hci11bUZzRXlWbmVKM3duUnduYk5qd09BN3U4eGNsWFYzU1JwQWtaeEtucHY5VkdzTWhsaTBIU3NMZkRSenhDcjJsaEFYQ1ZONHozZkM5bThuTlNzNzFTTnFNOVU?oc=5\" target=\"_blank\" rel=\"noopener\">9, 32, 66 et 83 ans : chacun de ces \u00e2ges correspond \u00e0 une phase de d\u00e9veloppement de notre cerveau<\/a>&nbsp;&nbsp;Lib\u00e9ration<\/li>\n<li><a href=\"https:\/\/news.google.com\/rss\/articles\/CBMivgFBVV95cUxOWWd5cXlWSXFDSGRsbzJYZmZJU1MxVllXT3RIcGZMUlRrQVp5MGJ2OUFCaks5N3RxRkVBWmdVZnpXMTFfaFdjSmU3WnRLRkpLclFiUk9xVXVkN2dPclJROGFCQ1A0MGU4RVJkQmE1QTBxNEM2bnF0cUNmZEsyUmxFWVV5Y2JEM2MtQWFndHNwT0txdGZlM1ZpejRITGo2YUI2MTUtSC1HcldtdUZBSWJ2S0R1dzY5aGV5THhmajlR?oc=5\" target=\"_blank\" rel=\"noopener\">Votre cerveau quitte l\u2019adolescence seulement \u00e0 32 ans<\/a>&nbsp;&nbsp;20 Minutes<\/li>\n<li><a href=\"https:\/\/news.google.com\/rss\/articles\/CBMi_AFBVV95cUxON25aQlkxYnk2azBXTkZZNkhXM2E2QzcxY05CV0VwTF9mNmFTTEhLVVdFNXJ3bTlNZzRqaHpmYjk1dUZBNkFNVkhrNzhycWQzQ29jWnh3S094aDRQT3loaVlDa09FbjJBQm9rdTFMcEJvT0FRVlE4RHRCRlB6MGp6dWUtTDljMWpkNUZCR2lfc2FwMVc3X21CRDI2UG91SmtPNTFWazZZX3BEd3ZtcS1wZG92OG9Zd1l3V2M4b1d0ZGF4dkxOQ1dSSTIxazFISlFmUTZlYU9fWjhwekZibGJjZU50dHYxaFdMTjBmV3JUQl80YXdLLTNYS09kQWI?oc=5\" target=\"_blank\" rel=\"noopener\">La fin de l\u2019adolescence intervient \u00e0 l\u2019\u00e2ge de 32 ans, selon une \u00e9tude de l\u2019universit\u00e9 de Cambridge<\/a>&nbsp;&nbsp;Ouest-France<\/li>\n<li><a href=\"https:\/\/news.google.com\/rss\/articles\/CBMinwFBVV95cUxOWmpSRFVoem9rV3RkOExtLUpySVExMGczYURXdC1KcFg4eFIyLVpEd0pDNzZiWWFMZVNWeE1iVzFiR0duN0J1S25uT0duV1hUZmkyRTZFcTZEN2VOeUZYZFRwWFQwdDJaMXlMc0VhTFRLdkJ5X1FhblFwaDFBN2YtZW5MNF9vZkJUNGtzSWVWbVZvbDBHTXVjZEFHaEJ4WE0?oc=5\" target=\"_blank\" rel=\"noopener\">Voici l\u2019\u00e2ge o\u00f9 votre cerveau devient r\u00e9ellement adulte<\/a>&nbsp;&nbsp;ma-sante.news<\/li>\n<li><a href=\"https:\/\/news.google.com\/rss\/articles\/CBMi7wFBVV95cUxPVERKTjRSMTBIVGN4blFLM3hTQVFEVjBCVmp6Y1RLSmNHbFdGaFhrUHltOWJQdGR0bFd6aWJkdDFnU0k4NnlkRDB4LXRHVkhNWkowdjNIdGEya0F1MVN0eXlIZmdmRWpkeWhOUVRKTF9odERMMkZYSW5lRzhVWVQ5eGpJUUtaQkVlSWFjYjdfNC1lWjhjX3RNaS1aUVNLeURDbnA1S1NGbTFYcU43NzZ1dFB2X1lEYmpydnVjYmlWbXRxbTJ0ck1BVDhCQzRxYWdoM0ZYM3RtVGNyaHVUZ285TnBuYkZfZDF2bVVrYVFrdw?oc=5\" target=\"_blank\" rel=\"noopener\">\u00ab Le cerveau se restructure tout au long de la vie \u00bb : selon une \u00e9tude, nous quittons l\u2019adolescence \u00e0 32 ans<\/a>&nbsp;&nbsp;Le Point<\/li>\n<\/ol>\n","protected":false},"excerpt":{"rendered":"9, 32, 66 et 83 ans : chacun de ces \u00e2ges correspond \u00e0 une phase de d\u00e9veloppement de&hellip;\n","protected":false},"author":2,"featured_media":395849,"comment_status":"","ping_status":"","sticky":false,"template":"","format":"standard","meta":{"footnotes":""},"categories":[10],"tags":[1011,27,72,71],"class_list":{"0":"post-563852","1":"post","2":"type-post","3":"status-publish","4":"format-standard","5":"has-post-thumbnail","7":"category-sante","8":"tag-fr","9":"tag-france","10":"tag-health","11":"tag-sante"},"share_on_mastodon":{"url":"","error":""},"_links":{"self":[{"href":"https:\/\/www.europesays.com\/fr\/wp-json\/wp\/v2\/posts\/563852","targetHints":{"allow":["GET"]}}],"collection":[{"href":"https:\/\/www.europesays.com\/fr\/wp-json\/wp\/v2\/posts"}],"about":[{"href":"https:\/\/www.europesays.com\/fr\/wp-json\/wp\/v2\/types\/post"}],"author":[{"embeddable":true,"href":"https:\/\/www.europesays.com\/fr\/wp-json\/wp\/v2\/users\/2"}],"replies":[{"embeddable":true,"href":"https:\/\/www.europesays.com\/fr\/wp-json\/wp\/v2\/comments?post=563852"}],"version-history":[{"count":0,"href":"https:\/\/www.europesays.com\/fr\/wp-json\/wp\/v2\/posts\/563852\/revisions"}],"wp:featuredmedia":[{"embeddable":true,"href":"https:\/\/www.europesays.com\/fr\/wp-json\/wp\/v2\/media\/395849"}],"wp:attachment":[{"href":"https:\/\/www.europesays.com\/fr\/wp-json\/wp\/v2\/media?parent=563852"}],"wp:term":[{"taxonomy":"category","embeddable":true,"href":"https:\/\/www.europesays.com\/fr\/wp-json\/wp\/v2\/categories?post=563852"},{"taxonomy":"post_tag","embeddable":true,"href":"https:\/\/www.europesays.com\/fr\/wp-json\/wp\/v2\/tags?post=563852"}],"curies":[{"name":"wp","href":"https:\/\/api.w.org\/{rel}","templated":true}]}}