{"id":563859,"date":"2025-11-28T06:13:12","date_gmt":"2025-11-28T06:13:12","guid":{"rendered":"https:\/\/www.europesays.com\/fr\/563859\/"},"modified":"2025-11-28T06:13:12","modified_gmt":"2025-11-28T06:13:12","slug":"forfait-mobile-et-internet-ces-operateurs-qui-baissent-leurs-prix-pendant-le-black-friday-ouest-france","status":"publish","type":"post","link":"https:\/\/www.europesays.com\/fr\/563859\/","title":{"rendered":"Forfait mobile et Internet : ces op\u00e9rateurs qui baissent leurs prix pendant le Black Friday &#8211; Ouest-France"},"content":{"rendered":"<ol>\n<li><a href=\"https:\/\/news.google.com\/rss\/articles\/CBMi_wFBVV95cUxOUGJBMTlVYUNwVDhoWXhlWENZTVBqNWdvNFdrQlJSdncyb0dtTXlaTUJFNEJ1aVJKc2hWNVBBNXpzZThtaUNDaXY2bDBvdmEyRl8wbXJEdDJ3bklDaDVXaGFOaV9FX2pZTzVzVUFGNXhXM2ZRb3I1cldGZDFYZGg3Ujh3d2FqTzdib2EzYWplU1d0ZnBoVzBJVnFZUWNycGRxZ2trUUV1V2EtOWhCd1dMVVQ4QWI3a1VEd2R1VWRxeHpCeEdFcEpVOTJUQ1J1Zms2bjRnc3FPc3pKdjVRTXA2aXoweTl2YXM4Ni1wYVd0dE1hbTFiNUlTbE4wdUJJeHc?oc=5\" target=\"_blank\" rel=\"noopener\">Forfait mobile et Internet : ces op\u00e9rateurs qui baissent leurs prix pendant le Black Friday<\/a>&nbsp;&nbsp;Ouest-France<\/li>\n<li><a href=\"https:\/\/news.google.com\/rss\/articles\/CBMi_wFBVV95cUxPRFpQVTVNWUM3Q0hJNlZLX045cGVtbHRqYUh5OGVzZzRndUh3Sk9wQkMwbkU4QmRRclFkcmF6RmNRaGhQa28tNzZ3NUNTY3BHQmxXR25MUjFTOGdYVk5IMHVEeTFJdk9taGZ5WjV1RnhoTHpQTU03ZHlwY3ZwSk5VdlRuRVh1UW9RaEQtZy1RbU9JcTlMN3ZlMFk5V3dYRncwSEF3N05BbDBnazgwalBxMkpkQ1Jyc2s4QmEyRXhzT0tiWVpKYUg4Y0h0ZFFqdGxpVlA1Vl9NamVHNjJxODVpcV93NG16MVliN0NTYTNINWg0VW9rNnh1ZjlxZlN4ajDSAYQCQVVfeXFMUDBFZ01HMEdlWmZBQm0yNHdnRFVtaUFnNmVUeWQtRHNqVWptOWR0V0VBNDBnZ05tQ0lSNUYxT0JTLWs1TEw4ZTZfb3ZWd2dOQzhyUGoyc0ExSU9wYUhqbi1FVVF3T3dUcmZwRElkUjJraUVnNlZ4MWFjc1dWVTgzWE5Pam5QVlRBSTlGeVQ3WHdYUW05TjFjYkw4MlA1U1BwQXE4OTAtZXE0V0ZxcTFnTjZGOFBSSkhwXy00Tk9qcHQwNUNJcDFrYlZOSnI3TEdjaFpkQVRoRUFyMjAtWTlWcTNGRlJtWFBYRWpGWHFTazlkbHRmZDJoc0RhQTVvTGQydjZWaWU?oc=5\" target=\"_blank\" rel=\"noopener\">Black Friday : ce que vous pouvez gagner sur le prix de votre forfait mobile ou Internet<\/a>&nbsp;&nbsp;Boursorama<\/li>\n<li><a href=\"https:\/\/news.google.com\/rss\/articles\/CBMi6AFBVV95cUxOb21LX0QzZ1p1Z3dZaGdIS3F3VHpLU0FMc1BVNnFRVXFNZktvdVhYWV8tYmRKLW9qSVBQZGVYRWtiNkpaZmhVOG1UVkxQOXJhNnpSWmhaVUx2UW1qQjl2U1N1Mm9JYl96TllaQzlzaWJ5TEduTWpMVjJ0UG4yRi1ZSjNsWHR3WjhOVnVnTzNBU1l0YzBHRmQtdGZTeHZQVjVBNTdmMVhoREx6MWFWamtaZW5oaEt6bWRiNURGOVlDRkMyUDJ3RlNaV0gxUTBhTFBuTmVXN0VWaUlWRGNaWVFuUDlNY2c2Q2Ix?oc=5\" target=\"_blank\" rel=\"noopener\">Trois forfaits 5G XXL \u00e0 prix cass\u00e9s : Auchan, Lebara et Cdiscount se livrent une bataille f\u00e9roce<\/a>&nbsp;&nbsp;Le Point<\/li>\n<li><a href=\"https:\/\/news.google.com\/rss\/articles\/CBMi6wFBVV95cUxOT0tXU0wybEVCMjJBaUN4b0ZBaDNmTDNHNld2YW1HMHdMM3U4RkFzQW43NmZHWDcwY0xaRW5ISW5yekszQVBlY2xiNmExUWRfaVQyRUU5YUJ5UTVBNE01VmxwQU5wWkJSZTR3NS04X3E2RHhuOHdVNzA3QU9GZzFvSExubWJXaExaSWlnWm41Szh2TExmNmJHODB1UlRhQ21HN2xzS3o3THo3aEY2dWRYTUFJcDFNMVE0MmI5eXBDNThRVUk2b0ltSUNhdXI0MDhqSzdDVmE3Ry1RdTRrZUduOUZyRXpzVjRVWWUw?oc=5\" target=\"_blank\" rel=\"noopener\">Ce forfait 5G avec une data monstrueuse \u00e0 moins de 10 euros risque de dispara\u00eetre tr\u00e8s vite<\/a>&nbsp;&nbsp;Le Progr\u00e8s<\/li>\n<\/ol>\n","protected":false},"excerpt":{"rendered":"Forfait mobile et Internet : ces op\u00e9rateurs qui baissent leurs prix pendant le Black Friday&nbsp;&nbsp;Ouest-France Black Friday :&hellip;\n","protected":false},"author":2,"featured_media":395849,"comment_status":"","ping_status":"","sticky":false,"template":"","format":"standard","meta":{"footnotes":""},"categories":[6],"tags":[35,33,34,1011,27],"class_list":{"0":"post-563859","1":"post","2":"type-post","3":"status-publish","4":"format-standard","5":"has-post-thumbnail","7":"category-economie","8":"tag-business","9":"tag-economie","10":"tag-economy","11":"tag-fr","12":"tag-france"},"share_on_mastodon":{"url":"https:\/\/pubeurope.com\/@fr\/115625853237360827","error":""},"_links":{"self":[{"href":"https:\/\/www.europesays.com\/fr\/wp-json\/wp\/v2\/posts\/563859","targetHints":{"allow":["GET"]}}],"collection":[{"href":"https:\/\/www.europesays.com\/fr\/wp-json\/wp\/v2\/posts"}],"about":[{"href":"https:\/\/www.europesays.com\/fr\/wp-json\/wp\/v2\/types\/post"}],"author":[{"embeddable":true,"href":"https:\/\/www.europesays.com\/fr\/wp-json\/wp\/v2\/users\/2"}],"replies":[{"embeddable":true,"href":"https:\/\/www.europesays.com\/fr\/wp-json\/wp\/v2\/comments?post=563859"}],"version-history":[{"count":0,"href":"https:\/\/www.europesays.com\/fr\/wp-json\/wp\/v2\/posts\/563859\/revisions"}],"wp:featuredmedia":[{"embeddable":true,"href":"https:\/\/www.europesays.com\/fr\/wp-json\/wp\/v2\/media\/395849"}],"wp:attachment":[{"href":"https:\/\/www.europesays.com\/fr\/wp-json\/wp\/v2\/media?parent=563859"}],"wp:term":[{"taxonomy":"category","embeddable":true,"href":"https:\/\/www.europesays.com\/fr\/wp-json\/wp\/v2\/categories?post=563859"},{"taxonomy":"post_tag","embeddable":true,"href":"https:\/\/www.europesays.com\/fr\/wp-json\/wp\/v2\/tags?post=563859"}],"curies":[{"name":"wp","href":"https:\/\/api.w.org\/{rel}","templated":true}]}}