{"id":563860,"date":"2025-11-28T06:14:14","date_gmt":"2025-11-28T06:14:14","guid":{"rendered":"https:\/\/www.europesays.com\/fr\/563860\/"},"modified":"2025-11-28T06:14:14","modified_gmt":"2025-11-28T06:14:14","slug":"donald-trump-prend-des-nouvelles-mesures-anti-migrants-apres-la-mort-dune-militaire-dans-lattaque-d-washington","status":"publish","type":"post","link":"https:\/\/www.europesays.com\/fr\/563860\/","title":{"rendered":"Donald Trump prend des nouvelles mesures anti-migrants apr\u00e8s la mort d\u2019une militaire dans l\u2019attaque d Washington"},"content":{"rendered":"<p>        <img decoding=\"async\" loading=\"lazy\" src=\"https:\/\/www.europesays.com\/fr\/wp-content\/uploads\/2025\/11\/1764310454_984_9bf5d19_upload-1-qzzh8rhrfago-afp-20251125-866t8ft-v1-highres-uspresidentdonaldtrumpandfirstladymela.jpeg\"  width=\"728\" height=\"409\" alt=\"Les \u00c9tats-Unis de Donald Trump ont annonc\u00e9 ce jeudi 27\u00a0novembre le r\u00e9examen des \u00ab\u00a0cartes vertes\u00a0\u00bb attribu\u00e9es aux ressortissants de 19\u00a0pays jug\u00e9s sensibles.\"\/>  <\/p>\n<p>ALEX WROBLEWSKI \/ AFP<\/p>\n<p>Les \u00c9tats-Unis de Donald Trump ont annonc\u00e9 ce jeudi 27\u00a0novembre le r\u00e9examen des \u00ab\u00a0cartes vertes\u00a0\u00bb attribu\u00e9es aux ressortissants de 19\u00a0pays jug\u00e9s sensibles.<\/p>\n<p>      <strong>EN BREF<\/strong> <strong>\u2022 <\/strong>Donald Trump annonce des mesures anti-migrants apr\u00e8s l\u2019attaque \u00e0 Washington, incluant le r\u00e9examen des \u00ab\u00a0cartes vertes\u00a0\u00bb de ressortissants de 19 pays jug\u00e9s pr\u00e9occupants.<br \/><strong>\u2022 <\/strong>Il promet aussi de \u00ab\u00a0suspendre l\u2019immigration des pays du tiers-monde\u00a0\u00bb pour, selon lui, renforcer la s\u00e9curit\u00e9 nationale.<br \/><strong>\u2022 <\/strong>Une enqu\u00eate pour terrorisme est lanc\u00e9e apr\u00e8s l\u2019attaque par un suspect afghan.                         <\/p>\n<p class=\"asset asset-text\">Une politique migratoire de plus en plus r\u00e9pressive. Sous le choc apr\u00e8s<a href=\"https:\/\/www.huffingtonpost.fr\/international\/video\/une-attaque-vise-des-gardes-nationaux-a-washington-pres-de-la-maison-blanche-ce-que-l-on-sait_257585.html\" target=\"_blank\" rel=\"noopener\"> l\u2019attaque \u00e0 Washington contre deux soldats de la Garde nationale <\/a>par un suspect afghan, les \u00c9tats-Unis de Donald Trump ont lanc\u00e9 ce jeudi 27\u00a0novembre une enqu\u00eate pour terrorisme et vont r\u00e9examiner les <a href=\"https:\/\/www.huffingtonpost.fr\/international\/article\/trump-cree-une-carte-verte-pour-gens-riches-mais-il-faut-debourser-un-gros-pactole-pour-l-obtenir_246710.html\" target=\"_blank\" rel=\"noopener\">\u00ab\u00a0cartes vertes\u00a0\u00bb<\/a> attribu\u00e9es aux ressortissants de 19 pays jug\u00e9s sensibles. Le pr\u00e9sident am\u00e9ricain a annonc\u00e9 dans la nuit de jeudi \u00e0 vendredi la mort de la militaire Sarah Beckstrom, qui avait \u00e9t\u00e9 gri\u00e8vement bless\u00e9e par les tirs.<\/p>\n<p class=\"asset asset-text\">Commis mercredi par un Afghan de 29\u00a0ans, arriv\u00e9 aux \u00c9tats-Unis en 2021 apr\u00e8s avoir servi aux c\u00f4t\u00e9s de l\u2019arm\u00e9e am\u00e9ricaine en Afghanistan, cet acte consid\u00e9r\u00e9 comme une \u00ab\u00a0embuscade\u00a0\u00bb par les autorit\u00e9s a imm\u00e9diatement pouss\u00e9 Donald Trump \u00e0 promettre un durcissement de sa politique anti-immigration.<\/p>\n<p class=\"asset asset-text\">\u00ab\u00a0Nous devons prendre toutes les mesures n\u00e9cessaires pour assurer l\u2019expulsion de tout \u00e9tranger de quelque pays que ce soit qui n\u2019a pas sa place ici ou qui n\u2019apporte aucun avantage \u00e0 notre pays\u00a0\u00bb, avait insist\u00e9 mercredi soir le pr\u00e9sident am\u00e9ricain.<\/p>\n<p>                     Traitement des demandes d\u2019immigration des ressortissants afghans suspendu    <\/p>\n<p class=\"asset asset-text\">Appliquant la consigne pr\u00e9sidentielle, le directeur des services d\u2019immigration (USCIS), Joseph Edlow, a annonc\u00e9 jeudi avoir \u00ab\u00a0ordonn\u00e9 un r\u00e9examen complet et rigoureux de chaque carte verte d\u00e9livr\u00e9e \u00e0 tout ressortissant \u00e9tranger provenant de pays jug\u00e9s pr\u00e9occupants\u00a0\u00bb. Ce permis accordant le titre de r\u00e9sident permanent aux \u00c9tats-Unis sera r\u00e9examin\u00e9 pour les immigr\u00e9s originaires d\u2019Afghanistan, mais aussi de 18 autres pays incluant notamment le Venezuela, Ha\u00efti et l\u2019Iran.<\/p>\n<p class=\"asset asset-text\">Mais le pr\u00e9sident am\u00e9ricain a promis d\u2019aller plus loin. \u00ab\u00a0Je vais suspendre d\u00e9finitivement l\u2019immigration en provenance de tous les pays du tiers-monde afin de permettre au syst\u00e8me am\u00e9ricain de se r\u00e9tablir compl\u00e8tement\u00a0\u00bb, a \u00e9crit Donald Trump dans une longue diatribe sur son r\u00e9seau Truth Social \u00e0 l\u2019occasion de la f\u00eate de Thanksgiving.<\/p>\n<p class=\"asset asset-text\">Il a menac\u00e9 d\u2019annuler \u00ab\u00a0des millions\u00a0\u00bb d\u2019admissions d\u2019\u00e9trangers accord\u00e9es par le gouvernement de son pr\u00e9d\u00e9cesseur d\u00e9mocrate Joe Biden et affirm\u00e9 que son administration allait \u00ab\u00a0chasser toute personne qui n\u2019est pas un atout pour les \u00c9tats-Unis ou qui est incapable d\u2019aimer notre pays\u00a0\u00bb. Il veut aussi notamment \u00ab\u00a0d\u00e9naturaliser les migrants qui nuisent \u00e0 la tranquillit\u00e9 nationale\u00a0\u00bb et \u00ab\u00a0expulser tout ressortissant \u00e9tranger qui constitue un fardeau public, un risque pour la s\u00e9curit\u00e9 ou qui n\u2019est pas compatible avec la civilisation occidentale\u00a0\u00bb.<\/p>\n<p class=\"asset asset-text\">Les autorit\u00e9s am\u00e9ricaines avaient d\u00e9j\u00e0 annonc\u00e9 apr\u00e8s l\u2019attaque suspendre pour une dur\u00e9e ind\u00e9finie le traitement des demandes d\u2019immigration concernant des ressortissants afghans. Selon le d\u00e9partement d\u2019\u00c9tat am\u00e9ricain, plus de 190\u00a0000 Afghans sont arriv\u00e9s aux \u00c9tats-Unis depuis la prise de pouvoir des talibans.<\/p>\n<p class=\"asset asset-text\">AfghanEvac, une organisation charg\u00e9e d\u2019aider des Afghans \u00e0 s\u2019\u00e9tablir aux \u00c9tats-Unis apr\u00e8s le retrait am\u00e9ricain d\u2019Afghanistan de 2021, a assur\u00e9 que la communaut\u00e9 afghane \u00e9tait soumise \u00e0 \u00ab\u00a0des v\u00e9rifications de s\u00e9curit\u00e9 (&#8230;) parmi les plus approfondies\u00a0\u00bb en mati\u00e8re d\u2019immigration. \u00ab\u00a0L\u2019acte violent et isol\u00e9 de cet individu ne doit pas servir d\u2019excuse pour d\u00e9finir ou rabaisser toute une communaut\u00e9\u00a0\u00bb, a mis en garde le pr\u00e9sident de l\u2019organisation, Shawn VanDiver.<\/p>\n<p>    D\u00e9c\u00e8s d\u2019une militaire, annonc\u00e9 par Donald Trump    <\/p>\n<p class=\"asset asset-text\">Le suspect, Rahmanullah Lakanwal, a travers\u00e9 le pays en voiture depuis l\u2019\u00c9tat de Washington, dans le nord-ouest du pays, pour se rendre dans la capitale f\u00e9d\u00e9rale, sur la c\u00f4te est, selon la procureure de Washington, Jeanine Pirro. L\u00e0, il a men\u00e9 une attaque \u00ab\u00a0cibl\u00e9e\u00a0\u00bb contre des militaires de la Garde nationale, ouvrant le feu sur deux d\u2019entre eux avec un avec revolver Smith &amp;\u00a0Wesson, \u00ab\u00a0sans provocation, comme dans une embuscade\u00a0\u00bb.<\/p>\n<p class=\"asset asset-text\">L\u2019une des membres de Garde nationale touch\u00e9e, une femme de 20\u00a0ans, est d\u00e9c\u00e9d\u00e9e dans la nuit de jeudi \u00e0 vendredi, a annonc\u00e9 Donald Trump. \u00ab\u00a0Sarah Beckstrom de Virginie-Occidentale, une personne tr\u00e8s respect\u00e9e, jeune et magnifique, qui a commenc\u00e9 son service en juin\u00a02023, remarquable \u00e0 tous \u00e9gards, vient de nous quitter. Elle n\u2019est plus parmi nous\u00a0\u00bb, a expliqu\u00e9 le milliardaire r\u00e9publicain lors d\u2019une allocution t\u00e9l\u00e9vis\u00e9e.<\/p>\n<p class=\"asset asset-text\">L\u2019autre militaire vis\u00e9, un homme de 24\u00a0ans, se trouve dans un \u00e9tat critique. Il \u00ab\u00a0lutte pour sa vie\u00a0\u00bb, a ajout\u00e9 le r\u00e9publicain. \u00ab\u00a0Il est dans un \u00e9tat tr\u00e8s grave. Il se bat pour sa vie, et nous esp\u00e9rons recevoir de meilleures nouvelles \u00e0 son sujet.\u00a0\u00bb<\/p>\n<p class=\"asset asset-text\">Le tireur \u00e9tait toujours hospitalis\u00e9 jeudi sous haute surveillance. La procureure a indiqu\u00e9 qu\u2019il ferait face \u00e0 trois chefs d\u2019agression arm\u00e9e avec intention de tuer. Son mobile reste inconnu.<\/p>\n<p>                     Enqu\u00eate internationale    <\/p>\n<p class=\"asset asset-text\">Selon le directeur de la CIA, John Ratcliffe, le suspect avait travaill\u00e9 avec l\u2019arm\u00e9e am\u00e9ricaine en Afghanistan avant d\u2019\u00eatre exfiltr\u00e9 vers les \u00c9tats-Unis. \u00ab\u00a0Nous enqu\u00eatons pleinement sur cet aspect de son pass\u00e9\u00a0\u00bb, a d\u00e9clar\u00e9 le directeur du FBI, Kash Patel, lors d\u2019une conf\u00e9rence de presse.<\/p>\n<p class=\"asset asset-text\">La police f\u00e9d\u00e9rale a lanc\u00e9 une enqu\u00eate internationale pour terrorisme et se penche \u00e9galement sur d\u2019\u00ab\u00a0\u00e9ventuels complices\u00a0\u00bb dans le pays ou \u00e0 l\u2019\u00e9tranger, a-t-il indiqu\u00e9. Il a ajout\u00e9 que les autorit\u00e9s menaient des perquisitions en lien avec l\u2019enqu\u00eate, y compris au domicile du suspect, dans l\u2019\u00c9tat de Washington.<\/p>\n<p class=\"asset asset-text\">Rahmanullah Lakanwal \u00e9tait arriv\u00e9 aux \u00c9tats-Unis un mois apr\u00e8s le retrait pr\u00e9cipit\u00e9 des forces am\u00e9ricaines d\u2019Afghanistan pendant la pr\u00e9sidence du d\u00e9mocrate Joe Biden, en ao\u00fbt\u00a02021, dans le cadre d\u2019une op\u00e9ration mise en place pour aider les Afghans ayant collabor\u00e9 avec les Am\u00e9ricains.<\/p>\n<p class=\"asset asset-text\">Des responsables du FBI, de la CIA et du minist\u00e8re de la S\u00e9curit\u00e9 int\u00e9rieure ont affirm\u00e9 qu\u2019il n\u2019avait pas fait l\u2019objet d\u2019un examen minutieux \u00e0 son arriv\u00e9e et avait b\u00e9n\u00e9fici\u00e9 des politiques d\u2019accueil jug\u00e9es laxistes mises en place apr\u00e8s le retrait chaotique des troupes am\u00e9ricaines d\u2019Afghanistan.<\/p>\n","protected":false},"excerpt":{"rendered":"ALEX WROBLEWSKI \/ AFP Les \u00c9tats-Unis de Donald Trump ont annonc\u00e9 ce jeudi 27\u00a0novembre le r\u00e9examen des \u00ab\u00a0cartes&hellip;\n","protected":false},"author":2,"featured_media":563861,"comment_status":"","ping_status":"","sticky":false,"template":"","format":"standard","meta":{"footnotes":""},"categories":[5],"tags":[11,75,73,1011,27,1061,14,12,28],"class_list":{"0":"post-563860","1":"post","2":"type-post","3":"status-publish","4":"format-standard","5":"has-post-thumbnail","7":"category-international","8":"tag-actualites","9":"tag-donald-trump","10":"tag-etats-unis","11":"tag-fr","12":"tag-france","13":"tag-immigration","14":"tag-international","15":"tag-news","16":"tag-world"},"share_on_mastodon":{"url":"https:\/\/pubeurope.com\/@fr\/115625857760400158","error":""},"_links":{"self":[{"href":"https:\/\/www.europesays.com\/fr\/wp-json\/wp\/v2\/posts\/563860","targetHints":{"allow":["GET"]}}],"collection":[{"href":"https:\/\/www.europesays.com\/fr\/wp-json\/wp\/v2\/posts"}],"about":[{"href":"https:\/\/www.europesays.com\/fr\/wp-json\/wp\/v2\/types\/post"}],"author":[{"embeddable":true,"href":"https:\/\/www.europesays.com\/fr\/wp-json\/wp\/v2\/users\/2"}],"replies":[{"embeddable":true,"href":"https:\/\/www.europesays.com\/fr\/wp-json\/wp\/v2\/comments?post=563860"}],"version-history":[{"count":0,"href":"https:\/\/www.europesays.com\/fr\/wp-json\/wp\/v2\/posts\/563860\/revisions"}],"wp:featuredmedia":[{"embeddable":true,"href":"https:\/\/www.europesays.com\/fr\/wp-json\/wp\/v2\/media\/563861"}],"wp:attachment":[{"href":"https:\/\/www.europesays.com\/fr\/wp-json\/wp\/v2\/media?parent=563860"}],"wp:term":[{"taxonomy":"category","embeddable":true,"href":"https:\/\/www.europesays.com\/fr\/wp-json\/wp\/v2\/categories?post=563860"},{"taxonomy":"post_tag","embeddable":true,"href":"https:\/\/www.europesays.com\/fr\/wp-json\/wp\/v2\/tags?post=563860"}],"curies":[{"name":"wp","href":"https:\/\/api.w.org\/{rel}","templated":true}]}}