{"id":563866,"date":"2025-11-28T06:18:24","date_gmt":"2025-11-28T06:18:24","guid":{"rendered":"https:\/\/www.europesays.com\/fr\/563866\/"},"modified":"2025-11-28T06:18:24","modified_gmt":"2025-11-28T06:18:24","slug":"les-petits-secrets-decotay-moingt-saint-etienne-federation-francaise-de-football-fff","status":"publish","type":"post","link":"https:\/\/www.europesays.com\/fr\/563866\/","title":{"rendered":"Les petits secrets d\u2019\u00c9cotay Moingt-Saint-\u00c9tienne | F\u00e9d\u00e9ration Fran\u00e7aise de Football (FFF)"},"content":{"rendered":"<p>    <img data-twic-src=\"https:\/\/www.europesays.com\/fr\/wp-content\/uploads\/2025\/11\/8a0b3a1fc808971a2f28f0e7747b5620.png\" data-credit=\"photo Sol\u00e8ne MEYRET \/ USEM\" title=\"photo Sol\u00e8ne MEYRET \/ USEM\" alt=\"Ecotay Moingt\" class=\"block\"\/>   <\/p>\n<p style=\"font-weight: bold\">Qualifi\u00e9 pour le 8e tour de la Coupe de France Cr\u00e9dit Agricole, le club de R\u00e9gional 3 s\u2019appr\u00eate \u00e0 d\u00e9fier les Verts devant plus de 25 000 supporters \u00e0 Geoffroy-Guichard, samedi 29 novembre (20h30, sur BeIN Sports 1), dans un derby lig\u00e9rien aux mille et une anecdotes.<\/p>\n<p class=\"light\">Les plan\u00e8tes de la Coupe de France Cr\u00e9dit Agricole se sont parfaitement align\u00e9es pour propulser l\u2019US \u00c9cotay Moingt dans une autre galaxie, celle du stade Geoffroy-Guichard o\u00f9 plus de 25 000 supporters sont attendus, samedi 29 novembre (20h30, en direct sur BeIN Sports 1). Tous les projecteurs sont braqu\u00e9s sur le club de R\u00e9gional 3, <a href=\"https:\/\/www.fff.fr\/article\/15734-7e-tour-tous-les-resultats.html\" target=\"_blank\" rel=\"noopener\" data-mce-href=\"https:\/\/www.fff.fr\/article\/15734-7e-tour-tous-les-resultats.html\" data-mce->Petit Poucet Intermarch\u00e9<\/a> d\u2019un 8e tour historique pour lui, mais aussi pour le District de la Loire, rattach\u00e9 \u00e0 la Ligue Auvergne-Rh\u00f4ne Alpes pr\u00e9sid\u00e9e par Pascal Parent, membre du Comex de la FFF. Quatre-vingt-trois ans apr\u00e8s, l\u2019AS Saint-\u00c9tienne (Ligue 2), six fois vainqueur du troph\u00e9e Charles-Simon (1962, 1968, 1970, 1974, 1975, 1977), va affronter une \u00e9quipe de son d\u00e9partement en comp\u00e9tition officielle. Entre un coach neveu d\u2019un ancien iconique joueur st\u00e9phanois, un pr\u00e9sident d\u2019honneur collectionneur XXL des Verts et des joueurs presque tous supporters d\u2019un des monuments du football fran\u00e7ais, ce derby lig\u00e9rien &#8211; 40 kilom\u00e8tres s\u00e9parent \u00c9cotay de Saint-\u00c9tienne &#8211; fourmille de formidables petites histoires.<\/p>\n<p class=\"light\"><img decoding=\"async\" src=\"https:\/\/www.europesays.com\/fr\/wp-content\/uploads\/2025\/11\/17a6254c7715505c89bc7cb1be399df3.jpg\" alt=\"\" data-mce-src=\"https:\/\/www.europesays.com\/fr\/wp-content\/uploads\/2025\/11\/17a6254c7715505c89bc7cb1be399df3.jpg\"\/><br \/>La joie des For\u00e9ziens apr\u00e8s leur qualification pour le 8e tour de la Coupe de France Cr\u00e9dit Agricole acquise au bout d&rsquo;un match \u00e0 suspense \u00e0 Nord Loz\u00e8re (4-4, 3 tab \u00e0 4), durant lequel ils ont \u00e9galis\u00e9 en fin de partie avant de voir leur gardien, Louis Odin, briller (photo Sol\u00e8ne MEYRET \/ USEM).<\/p>\n<p>\u00a0EX-VERT ET NEVEU DE G\u00c9RARD FARISON\u00a0<br \/>\u00ab Il m&rsquo;amenait voir le d\u00e9crassage \u00bb<\/p>\n<p>Le vert, \u00c9ric Cognet en est impr\u00e9gn\u00e9. L\u2019entra\u00eeneur de l&rsquo;\u00e9quipe fanion d\u2019\u00c9cotay Moignt l\u2019a \u00e9trenn\u00e9 dans un r\u00f4le de milieu d\u00e9fensif, jusqu\u2019\u00e0 sa majorit\u00e9, avant \u00ab de faire le choix, humblement, des \u00e9tudes, rembobine-t-il. Je savais que je n\u2019avais pas le niveau pour briller au haut niveau et je voulais pr\u00e9parer ma vie professionnelle. \u00bb Celui qui f\u00eatera ses 62 ans dimanche garde n\u00e9anmoins de tr\u00e8s bons souvenirs de son passage \u00e0 l&rsquo;ASSE : \u00ab J\u2019ai \u00e9volu\u00e9 en championnat de France avec, entre autres, Thierry Oleksiak et Laurent Paganelli. J\u2019aimerais d\u2019ailleurs beaucoup revoir \u00ab\u00a0Paga\u00a0\u00bb, c\u2019\u00e9tait un mec brillant et tr\u00e8s simple. \u00bb<\/p>\n<p><img decoding=\"async\" src=\"https:\/\/www.europesays.com\/fr\/wp-content\/uploads\/2025\/11\/dc63e63cbb353c459cae31fbe2882d93.jpg\" alt=\"\" data-mce-src=\"https:\/\/www.europesays.com\/fr\/wp-content\/uploads\/2025\/11\/dc63e63cbb353c459cae31fbe2882d93.jpg\"\/><br \/>\u00c9ric Cognet, le coach d&rsquo;\u00c9cotay Moingt, lors de la conf\u00e9rence de presse organis\u00e9e jeudi au centre d&rsquo;entra\u00eenement de l&rsquo;AS Saint-Etienne (photo ASSE).<\/p>\n<p>La relation d\u2019\u00c9ric Cognet avec le club dix fois champion de France d\u00e9passe le cadre du football. Elle prend racine dans son environnement familial puisque son oncle, c\u00f4t\u00e9 maternel, \u00e9tait un certain <a href=\"https:\/\/www.fff.fr\/equipe-nationale\/joueur\/7892-farison-gerard\/fiche.html\" target=\"_blank\" rel=\"noopener\" data-mce-href=\"https:\/\/www.fff.fr\/equipe-nationale\/joueur\/7892-farison-gerard\/fiche.html\" data-mce->G\u00e9rard Farison<\/a> (<a href=\"https:\/\/www.fff.fr\/article\/3403-gerard-farison-s-en-est-alle.html\" target=\"_blank\" rel=\"noopener\" data-mce-href=\"https:\/\/www.fff.fr\/article\/3403-gerard-farison-s-en-est-alle.html\" data-mce->d\u00e9c\u00e9d\u00e9 le 8 septembre 2021<\/a>), 412 matches avec les Verts, huit titres (dont trois Coupes de France) et une s\u00e9lection avec les Bleus. \u00ab J\u2019\u00e9tais l\u2019a\u00een\u00e9 de ses neveux et j\u2019\u00e9tais tr\u00e8s proche de lui. Je gardais ses enfants quand il allait jouer. Le lendemain, pour me r\u00e9compenser, il m\u2019amenait au d\u00e9crassage de l\u2019\u00e9quipe. C\u2019est aussi gr\u00e2ce \u00e0 lui que j\u2019ai sign\u00e9 ma premi\u00e8re licence \u00e0 l\u2019ASSE. \u00bb<\/p>\n<p>\u00a0LES BELLES ATTENTIONS DES VERTS\u00a0<br \/>Les petits plats dans les grands<\/p>\n<p>Si le 8e tour de Coupe de France Cr\u00e9dit Agricole n\u2019aura lieu que samedi, le r\u00eave d\u2019\u00c9cotay Moingt a lui commenc\u00e9 depuis plusieurs jours. Le club pr\u00e9sid\u00e9 par Nicolas Laveille, 480 licenci\u00e9(e)s, le doit beaucoup \u00e0 l\u2019AS Saint-\u00c9tienne qui, en plus d\u2019avoir accept\u00e9 d\u2019inverser la rencontre et de l\u2019organiser \u00e0 Geoffroy-Guichard, a jou\u00e9 les P\u00e8res No\u00ebl avant l\u2019heure. Le 18 novembre, Lo\u00efc Perrin, ancien capitaine embl\u00e9matique et actuel directeur sportif des Verts, s\u2019est invit\u00e9 \u00e0 l\u2019entra\u00eenement des joueurs de R\u00e9gional 3 pour leur annoncer que le match aurait bien lieu dans le c\u00e9l\u00e8bre Chaudron.<\/p>\n<blockquote class=\"twitter-tweet\">\n<p dir=\"ltr\" lang=\"fr\">\ud83d\udc9a Une f\u00eate, \u00e0 la maison, et en prime time !<\/p>\n<p>L\u2019ASSE est tr\u00e8s heureuse de donner rendez-vous \u00e0 l\u2019US Ecotay-Moingt dans le Chaudron ! \ud83e\udd79\ud83c\udfe0 <a href=\"https:\/\/t.co\/BcouiowYR9\" data-mce-href=\"https:\/\/t.co\/BcouiowYR9\" data-mce->pic.twitter.com\/BcouiowYR9<\/a><\/p>\n<p>\u2014 AS Saint-\u00c9tienne (@ASSEofficiel) <a href=\"https:\/\/twitter.com\/ASSEofficiel\/status\/1990876637391466775?ref_src=twsrc%5Etfw\" data-mce-href=\"https:\/\/twitter.com\/ASSEofficiel\/status\/1990876637391466775?ref_src=twsrc%5Etfw\" data-mce- target=\"_blank\" rel=\"noopener\">November 18, 2025<\/a><\/p><\/blockquote>\n<p>Pour pr\u00e9parer la rencontre, l&rsquo;USEM va se mettre au vert vendredi au centre d\u2019entra\u00eenement Robert-Herbin, \u00e0 L\u2019\u00c9trat, lieu de vie de l\u2019AS Saint-\u00c9tienne. Entra\u00eenement, s\u00e9ance vid\u00e9o, nuit au centre de formation, petit-d\u00e9jeuner le samedi matin et d\u00e9part avec l\u2019un des bus logot\u00e9s \u00ab ASSE \u00bb vers Geoffroy-Guichard le soir : ils vont vivre pendant deux jours comme des pros.<\/p>\n<p>Le parcours d&rsquo;\u00c9cotay Moingt<\/p>\n<ul>\n<li class=\"light\"><strong>2e tour :<\/strong> Rhins Trambouze Foot (D2) &#8211; US \u00c9cotay Moingt (R3) 0-2<\/li>\n<li class=\"light\"><strong>3e tour :<\/strong> US \u00c9cotay Moingt (R3) &#8211; AS Brignais (D1) 3-3 (4 tab \u00e0 2)<\/li>\n<li class=\"light\"><strong>4e tour :<\/strong> AS Tronget (D2) &#8211; US \u00c9cotay Moingt (R3) 2-7<\/li>\n<li class=\"light\"><strong>5e tour :<\/strong> US \u00c9cotay Moingt (R3) &#8211; Mos 3 Rivi\u00e8res FC (R2) 1-0<\/li>\n<li class=\"light\"><strong>6e tour :<\/strong> Olympique Saint-Julien Chapteuil (R3) &#8211; US \u00c9cotay Moingt (R3) 1-5<\/li>\n<li class=\"light\"><strong>7e tour :<\/strong> Entente Nord Loz\u00e8re (R2) &#8211; US \u00c9cotay Moingt (R3) 4-4 (3 tab \u00e0 4)<\/li>\n<li class=\"light\"><strong>8e tour :<\/strong> AS Saint-\u00c9tienne (L2) &#8211; US \u00c9cotay Moingt (R3), samedi 30 novembre, \u00e0 20h30 (sur BeIN Sports 1)<\/li>\n<\/ul>\n<p>\u00a0LA SOLIDARIT\u00c9 LIG\u00c9RIENNE\u00a0<br \/>Deux joueurs devaient \u00eatre suspendus mais\u2026<\/p>\n<p>C\u2019est le match d\u2019une vie et ils ont bien failli le manquer. Beno\u00eet Brunon, 38 ans et capitaine, et Jules Vial, devaient \u00eatre suspendus pour le rendez-vous \u00e0 Geoffroy-Guichard. Ils peuvent remercier leur voisin de l\u2019US Saint-Galmier Chamb\u0153uf d\u2019avoir accept\u00e9 de reporter le match de la 8e journ\u00e9e de R\u00e9gional 3 \u2013 qui se disputera durant le week-end du 8e tour de la Coupe de France \u2013 au mercredi 26 novembre.<\/p>\n<blockquote class=\"twitter-tweet\">\n<p dir=\"ltr\" lang=\"fr\">[\ud83d\udcfa LIVE ] \ud83c\uddeb\ud83c\uddf7 <a href=\"https:\/\/twitter.com\/hashtag\/Ligue2BKT?src=hash&amp;ref_src=twsrc%5Etfw\" data-mce-href=\"https:\/\/twitter.com\/hashtag\/Ligue2BKT?src=hash&amp;ref_src=twsrc%5Etfw\" data-mce- target=\"_blank\" rel=\"noopener\">#Ligue2BKT<\/a> <br \/>\ud83c\udfdf\ufe0f Florian Genton accueille Benoit Brunon \u00e0 Geoffroy Guichard, capitaine du club d&rsquo;Ecotay Moingt qui va d\u00e9fier l&rsquo;<a href=\"https:\/\/twitter.com\/ASSEofficiel?ref_src=twsrc%5Etfw\" data-mce-href=\"https:\/\/twitter.com\/ASSEofficiel?ref_src=twsrc%5Etfw\" data-mce- target=\"_blank\" rel=\"noopener\">@ASSEofficiel<\/a> la semaine prochaine en Coupe de France ! \ud83c\udfc6\ud83d\udc40<a href=\"https:\/\/twitter.com\/hashtag\/beINLigue2?src=hash&amp;ref_src=twsrc%5Etfw\" data-mce-href=\"https:\/\/twitter.com\/hashtag\/beINLigue2?src=hash&amp;ref_src=twsrc%5Etfw\" data-mce- target=\"_blank\" rel=\"noopener\">#beINLigue2<\/a> <a href=\"https:\/\/twitter.com\/hashtag\/ASSEASNL?src=hash&amp;ref_src=twsrc%5Etfw\" data-mce-href=\"https:\/\/twitter.com\/hashtag\/ASSEASNL?src=hash&amp;ref_src=twsrc%5Etfw\" data-mce- target=\"_blank\" rel=\"noopener\">#ASSEASNL<\/a> <a href=\"https:\/\/t.co\/jbCKCvwDvL\" data-mce-href=\"https:\/\/t.co\/jbCKCvwDvL\" data-mce->pic.twitter.com\/jbCKCvwDvL<\/a><\/p>\n<p>\u2014 beIN SPORTS (@beinsports_FR) <a href=\"https:\/\/twitter.com\/beinsports_FR\/status\/1992302811321868406?ref_src=twsrc%5Etfw\" data-mce-href=\"https:\/\/twitter.com\/beinsports_FR\/status\/1992302811321868406?ref_src=twsrc%5Etfw\" data-mce- target=\"_blank\" rel=\"noopener\">November 22, 2025<\/a><\/p><\/blockquote>\n<p>Cela a donc permis aux deux joueurs du Forez de purger lors de cette rencontre organis\u00e9e en milieu de semaine leur match de suspension afin de participer \u00e0 la f\u00eate dans le Chaudron. Et au coach \u00c9ric Cognet de largement faire tourner son effectif, \u00ab sensiblement le m\u00eame qu&rsquo;il y a trois ans lorsqu&rsquo;on \u00e9voluait en D\u00e9partemental 2 \u00bb, glisse le coach. Battue par Saint-Galmier Chamb\u0153uf (1-3), l&rsquo;USEM d\u00e9fiera donc le troisi\u00e8me de Ligue 2 dans la peau du 9e de sa poule de R3.<\/p>\n<p>\u00a0LES TRAITS D\u2019UNION\u00a0<br \/>Joueurs abonn\u00e9s et fondateur collectionneur<\/p>\n<p>Leur si\u00e8ge sera exceptionnellement vide. Samedi, ils ne s\u2019\u00e9poumoneront pas dans les trav\u00e9es du Chaudron et laisseront, le temps d\u2019une soir\u00e9e, leur carte d\u2019abonn\u00e9s aux vestiaires. Jeune papa, Cyril Vilvert \u2013 \u00e7a ne s\u2019invente pas \u2013 n\u2019est pas encart\u00e9 mais, comme toute l\u2019\u00e9quipe, est un fervent supporter de l\u2019AS Saint-\u00c9tienne. \u00ab C\u2019est un club mythique en France mais quand on est de la Loire, c\u2019est encore pire, glisse-t-il. Lui est du cru \u2013 son accent ne trompe pas \u2013 et, \u00e0 29 ans, va fouler une pelouse qu\u2019il observe depuis l\u2019enfance des tribunes. \u00ab J\u2019ai assist\u00e9 \u00e0 mon premier match dans le Chaudron \u00e0 6 ans. C\u2019est bizarre d\u2019imaginer qu\u2019on va jouer contre les Verts. Je pense qu\u2019on va se dire : \u00ab\u00a0D\u2019habitude, on n\u2019est pas \u00e0 cette place\u00a0\u00bb \u00bb, rit l\u2019attaquant.<\/p>\n<p><img decoding=\"async\" src=\"https:\/\/www.europesays.com\/fr\/wp-content\/uploads\/2025\/11\/7e42d93960c4152f3411ec1a828ac1c2.jpg\" alt=\"\" data-mce-src=\"https:\/\/www.europesays.com\/fr\/wp-content\/uploads\/2025\/11\/7e42d93960c4152f3411ec1a828ac1c2.jpg\"\/><br \/>Les joueurs de l&rsquo;US \u00c9cotay Moingt \u00e0 l&rsquo;entra\u00eenement (photo Sol\u00e8ne MEYRET \/ USEM).<\/p>\n<p>Christian Jouve, aussi, va s\u2019engouffrer sur le terrain. Apr\u00e8s trente-trois ans de pr\u00e9sidence, celui qui a \u00e9t\u00e9 \u00e0 l\u2019origine de la fusion entre l\u2019US Moingt et l\u2019AS \u00c9cotay, en 2004, a pass\u00e9 la main il y a trois ans mais demeure pr\u00e9sident d\u2019honneur. Une casquette qu\u2019il partage avec celle de collectionneur inv\u00e9t\u00e9r\u00e9 d\u2019objets li\u00e9s \u00e0 l\u2019ASSE. Il en a d\u2019ailleurs mis certains \u00e0 disposition du Mus\u00e9e des Verts, construit \u00e0 l\u2019int\u00e9rieur de Geoffroy-Guichard. \u00ab On est tous supporters des Verts \u00e0 notre mani\u00e8re, avec des histoires diff\u00e9rentes \u00bb, r\u00e9sume \u00c9ric Cognet.<\/p>\n<p style=\"text-align: center;\" data-mce-style=\"text-align: center;\"><strong>Lire aussi : <a href=\"https:\/\/www.fff.fr\/article\/15787-le-programme-du-8e-tour.html\" target=\"_blank\" rel=\"noopener\" data-mce-href=\"https:\/\/www.fff.fr\/article\/15787-le-programme-du-8e-tour.html\" data-mce->le programme du 8e tour<\/a><\/strong><\/p>\n<p>Le calendrier de l&rsquo;\u00e9dition 2025-2026<\/p>\n<ul>\n<li class=\"light\"><strong>8e tour<\/strong> : 28, 29 et 30 novembre 2025<\/li>\n<li class=\"light\"><strong>32es de finale<\/strong> : 20 d\u00e9cembre 2025 (entr\u00e9e des clubs de Ligue 1)<\/li>\n<li class=\"light\"><strong>16es de finale<\/strong> : 10 janvier 2026<\/li>\n<li class=\"light\"><strong>8es de finale<\/strong> : 4 f\u00e9vrier 2026<\/li>\n<li class=\"light\"><strong>Quarts de finale<\/strong> : 4 mars 2026<\/li>\n<li class=\"light\"><strong>Demi-finales<\/strong> : 22 avril 2026<\/li>\n<li class=\"light\"><strong>Finale<\/strong> : 23 mai 2026<\/li>\n<\/ul>\n<p style=\"text-align: center;\" data-mce-style=\"text-align: center;\"><a href=\"https:\/\/www.fff.fr\/selection\/2-equipe-de-france\/index.html\" target=\"_blank\" rel=\"noopener\" data-mce-href=\"https:\/\/www.fff.fr\/selection\/2-equipe-de-france\/index.html\" data-mce-><strong>Toute l&rsquo;actualit\u00e9 de la Coupe de France Cr\u00e9dit Agricole<\/strong><\/a><\/p>\n<p>  <script async src=\"https:\/\/platform.twitter.com\/widgets.js\" charset=\"utf-8\"><\/script><\/p>\n","protected":false},"excerpt":{"rendered":"Qualifi\u00e9 pour le 8e tour de la Coupe de France Cr\u00e9dit Agricole, le club de R\u00e9gional 3 s\u2019appr\u00eate&hellip;\n","protected":false},"author":2,"featured_media":563867,"comment_status":"","ping_status":"","sticky":false,"template":"","format":"standard","meta":{"footnotes":""},"categories":[9653],"tags":[1111,11,2430,1777,674,85,1011,27,12,25,4001],"class_list":{"0":"post-563866","1":"post","2":"type-post","3":"status-publish","4":"format-standard","5":"has-post-thumbnail","7":"category-saint-etienne","8":"tag-actu","9":"tag-actualites","10":"tag-auvergne-rhone-alpes","11":"tag-eu","12":"tag-europe","13":"tag-fff","14":"tag-fr","15":"tag-france","16":"tag-news","17":"tag-republique-francaise","18":"tag-saint-etienne"},"share_on_mastodon":{"url":"https:\/\/pubeurope.com\/@fr\/115625874016835948","error":""},"_links":{"self":[{"href":"https:\/\/www.europesays.com\/fr\/wp-json\/wp\/v2\/posts\/563866","targetHints":{"allow":["GET"]}}],"collection":[{"href":"https:\/\/www.europesays.com\/fr\/wp-json\/wp\/v2\/posts"}],"about":[{"href":"https:\/\/www.europesays.com\/fr\/wp-json\/wp\/v2\/types\/post"}],"author":[{"embeddable":true,"href":"https:\/\/www.europesays.com\/fr\/wp-json\/wp\/v2\/users\/2"}],"replies":[{"embeddable":true,"href":"https:\/\/www.europesays.com\/fr\/wp-json\/wp\/v2\/comments?post=563866"}],"version-history":[{"count":0,"href":"https:\/\/www.europesays.com\/fr\/wp-json\/wp\/v2\/posts\/563866\/revisions"}],"wp:featuredmedia":[{"embeddable":true,"href":"https:\/\/www.europesays.com\/fr\/wp-json\/wp\/v2\/media\/563867"}],"wp:attachment":[{"href":"https:\/\/www.europesays.com\/fr\/wp-json\/wp\/v2\/media?parent=563866"}],"wp:term":[{"taxonomy":"category","embeddable":true,"href":"https:\/\/www.europesays.com\/fr\/wp-json\/wp\/v2\/categories?post=563866"},{"taxonomy":"post_tag","embeddable":true,"href":"https:\/\/www.europesays.com\/fr\/wp-json\/wp\/v2\/tags?post=563866"}],"curies":[{"name":"wp","href":"https:\/\/api.w.org\/{rel}","templated":true}]}}