{"id":563868,"date":"2025-11-28T06:19:17","date_gmt":"2025-11-28T06:19:17","guid":{"rendered":"https:\/\/www.europesays.com\/fr\/563868\/"},"modified":"2025-11-28T06:19:17","modified_gmt":"2025-11-28T06:19:17","slug":"david-lelait-hello-prix-metropolitain-du-reseau-stan-2025","status":"publish","type":"post","link":"https:\/\/www.europesays.com\/fr\/563868\/","title":{"rendered":"David Lelait-Hello Prix M\u00e9tropolitain du r\u00e9seau Stan 2025"},"content":{"rendered":"<p>Une rencontre avec David Lelait-Helo, laur\u00e9at du premier Prix M\u00e9tropolitain du r\u00e9seau Stan 2025, pour Il \u00e9tait une femme \u00e9trange (\u00c9ditions H\u00e9lo\u00efse d\u2019Ormesson) , est programm\u00e9e lundi 1 er \u00a0d\u00e9cembre \u00e0 l\u2019auditorium des Beaux-arts \u00e0 Nancy.<\/p>\n<p>Cette ann\u00e9e, un nouveau prix dans l\u2019histoire du Livre sur la Place est mis sur orbite\u00a0: le Prix M\u00e9tropolitain du r\u00e9seau Stan, imagin\u00e9 conjointement par Le Livre sur la Place et le R\u00e9seau Stan, le r\u00e9seau de transport de la m\u00e9tropole nanc\u00e9ienne. Il r\u00e9compense un roman francophone de la rentr\u00e9e litt\u00e9raire d\u2019hiver (janvier\/f\u00e9vrier) ayant pour th\u00e8me le voyage, dans son sens le plus large.<\/p>\n<p>Les dix lecteurs amateurs, membres du jury, ont choisi le roman de <a href=\"https:\/\/www.republicain-lorrain.fr\/culture-loisirs\/2024\/11\/18\/je-suis-la-maman-du-bourreau-le-monologue-poignant-de-clementine-celarie\" target=\"_blank\" rel=\"noopener\">David Lelait-Helo<\/a> , Il \u00e9tait une femme \u00e9trange , publi\u00e9 aux \u00e9ditions H\u00e9lo\u00efse d\u2019Ormesson.<\/p>\n<p>  Une plume reconnue<\/p>\n<p>N\u00e9 en 1971 \u00e0 Orl\u00e9ans, David Lelait-Helo, hispaniste de formation, est l\u2019auteur de nombreux romans dont Poussi\u00e8re d\u2019homme, D\u2019entre les pierres, Quand je serai grand, je serai Nana Mouskouri et Je suis la maman du bourreau. Il est aussi l\u2019auteur de recueils de contes. C\u2019est aussi un biographe inspir\u00e9 et brillant, notamment de Dalida, Barbara ou de Line Renaud. Dans Il \u00e9tait une femme \u00e9trange , le romancier raconte le destin extraordinaire de Mar\u00eda Dolores Pinta de las Aguas Dulces qui eut trois vies et deux sexes. Un r\u00e9cit fascinant qui m\u00eale r\u00e9alisme et imaginaire de fa\u00e7on magistrale.<\/p>\n<p>Le Livre sur la Place et le r\u00e9seau Stan convient les lecteurs \u00e0 une rencontre avec David Lelait-Helo, accompagn\u00e9e d\u2019une lecture d\u2019extraits par <a href=\"https:\/\/www.estrepublicain.fr\/culture-loisirs\/2025\/09\/14\/clementine-celarie-pour-une-cloture-somptueuse\" target=\"_blank\" rel=\"noopener\">Cl\u00e9mentine C\u00e9lari\u00e9<\/a>. La remise du prix sera suivie par une rencontre avec l\u2019auteur et son \u00e9ditrice H\u00e9lo\u00efse d\u2019Ormesson, anim\u00e9e par Sarah Polacci, commissaire g\u00e9n\u00e9rale du <a href=\"https:\/\/www.estrepublicain.fr\/culture-loisirs\/2025\/09\/12\/le-livre-sur-la-place-est-un-acte-de-resistance\" target=\"_blank\" rel=\"noopener\">Livre sur la Place<\/a>. Une s\u00e9ance de d\u00e9dicaces est organis\u00e9e sur place avec la participation du Hall du Livre. L\u2019entr\u00e9e gratuite et sans r\u00e9servation, est assur\u00e9e dans la limite des capacit\u00e9s de la salle.<\/p>\n<p>Lundi 1 er \u00a0d\u00e9cembre 2025 \u00e0 18\u00a0h\u00a030, dans l\u2019auditorium du Mus\u00e9e des Beaux-Arts. Entr\u00e9e par le Jardin du Mus\u00e9e des Beaux-Arts, rue Gustave Simon<\/p>\n","protected":false},"excerpt":{"rendered":"Une rencontre avec David Lelait-Helo, laur\u00e9at du premier Prix M\u00e9tropolitain du r\u00e9seau Stan 2025, pour Il \u00e9tait une&hellip;\n","protected":false},"author":2,"featured_media":563869,"comment_status":"","ping_status":"","sticky":false,"template":"","format":"standard","meta":{"footnotes":""},"categories":[9635],"tags":[1111,11,1687,1704,1777,674,1011,27,775,22382,2410,1702,1703,12,3456,25],"class_list":{"0":"post-563868","1":"post","2":"type-post","3":"status-publish","4":"format-standard","5":"has-post-thumbnail","7":"category-nancy","8":"tag-actu","9":"tag-actualites","10":"tag-culture-loisirs","11":"tag-edition-nancy-et-agglomeration","12":"tag-eu","13":"tag-europe","14":"tag-fr","15":"tag-france","16":"tag-grand-est","17":"tag-le-livre-sur-la-place","18":"tag-livres-bd","19":"tag-nancy","20":"tag-nancy-ville-54b","21":"tag-news","22":"tag-region-lorraine","23":"tag-republique-francaise"},"share_on_mastodon":{"url":"https:\/\/pubeurope.com\/@fr\/115625876804738681","error":""},"_links":{"self":[{"href":"https:\/\/www.europesays.com\/fr\/wp-json\/wp\/v2\/posts\/563868","targetHints":{"allow":["GET"]}}],"collection":[{"href":"https:\/\/www.europesays.com\/fr\/wp-json\/wp\/v2\/posts"}],"about":[{"href":"https:\/\/www.europesays.com\/fr\/wp-json\/wp\/v2\/types\/post"}],"author":[{"embeddable":true,"href":"https:\/\/www.europesays.com\/fr\/wp-json\/wp\/v2\/users\/2"}],"replies":[{"embeddable":true,"href":"https:\/\/www.europesays.com\/fr\/wp-json\/wp\/v2\/comments?post=563868"}],"version-history":[{"count":0,"href":"https:\/\/www.europesays.com\/fr\/wp-json\/wp\/v2\/posts\/563868\/revisions"}],"wp:featuredmedia":[{"embeddable":true,"href":"https:\/\/www.europesays.com\/fr\/wp-json\/wp\/v2\/media\/563869"}],"wp:attachment":[{"href":"https:\/\/www.europesays.com\/fr\/wp-json\/wp\/v2\/media?parent=563868"}],"wp:term":[{"taxonomy":"category","embeddable":true,"href":"https:\/\/www.europesays.com\/fr\/wp-json\/wp\/v2\/categories?post=563868"},{"taxonomy":"post_tag","embeddable":true,"href":"https:\/\/www.europesays.com\/fr\/wp-json\/wp\/v2\/tags?post=563868"}],"curies":[{"name":"wp","href":"https:\/\/api.w.org\/{rel}","templated":true}]}}