{"id":563870,"date":"2025-11-28T06:20:11","date_gmt":"2025-11-28T06:20:11","guid":{"rendered":"https:\/\/www.europesays.com\/fr\/563870\/"},"modified":"2025-11-28T06:20:11","modified_gmt":"2025-11-28T06:20:11","slug":"de-nombreuses-animations-prevues-ce-week-end-voici-celles-a-ne-pas-manquer","status":"publish","type":"post","link":"https:\/\/www.europesays.com\/fr\/563870\/","title":{"rendered":"de nombreuses animations pr\u00e9vues ce week-end, voici celles \u00e0\u00a0ne\u00a0pas\u00a0manquer"},"content":{"rendered":"<p>                    Par<br \/>\n        <strong><br \/>\n            <a href=\"https:\/\/actu.fr\/auteur\/amandine-mehl\" title=\"Consulter tous les articles de Amandine Mehl\" target=\"_blank\" rel=\"noopener\">Amandine Mehl<\/a><br \/>\n                    <\/strong><\/p>\n<p>        Publi\u00e9 le<\/p>\n<p>            28 nov. 2025 \u00e0 7h02        <\/p>\n<p>En attendant le <a href=\"https:\/\/actu.fr\/grand-est\/nancy_54395\/fetes-de-saint-nicolas-a-nancy-voici-tout-ce-qu-il-faut-savoir-sur-le-defile-2025_63458728.html\" target=\"_blank\" rel=\"noopener\">d\u00e9fil\u00e9<\/a>, qui se tiendra \u00e0 une <a href=\"https:\/\/actu.fr\/grand-est\/nancy_54395\/saint-nicolas-a-nancy-pourquoi-la-date-du-defile-en-2025-sera-particulierement-symbolique_61976106.html\" target=\"_blank\" rel=\"noopener\">date particuli\u00e8rement symbolique<\/a> cette ann\u00e9e, les F\u00eates de <a href=\"https:\/\/actu.fr\/tag\/saint-nicolas\" target=\"_blank\" rel=\"noopener\">Saint-Nicolas<\/a> se poursuivent \u00e0 <strong>Nancy<\/strong>.<\/p>\n<p class=\" wall-content\">Outre le <a href=\"https:\/\/actu.fr\/grand-est\/nancy_54395\/fetes-de-saint-nicolas-2025-un-nouveau-parcours-artistique-avec-des-oeuvres-monumentales-attendu-a-nancy_63422128.html\" target=\"_blank\" rel=\"noopener\">nouveau parcours artistique<\/a>, les diff\u00e9rents <a href=\"https:\/\/actu.fr\/grand-est\/nancy_54395\/fetes-de-saint-nicolas-a-nancy-decouvrez-les-villages-annonces-pour-2025_63421948.html\" target=\"_blank\" rel=\"noopener\">villages<\/a> ou encore le <a href=\"https:\/\/actu.fr\/grand-est\/nancy_54395\/fetes-de-saint-nicolas-2025-a-nancy-le-theme-du-nouveau-son-et-lumiere-devoile_63411398.html\" target=\"_blank\" rel=\"noopener\">nouveau son et lumi\u00e8re<\/a>, un <strong>programme festif<\/strong> attend le public <strong>samedi\u00a029 et dimanche 30\u00a0novembre 2025<\/strong>. On fait le point.<\/p>\n<p>Distribution de sucreries par saint Nicolas<\/p>\n<p class=\" wall-content\">Les festivit\u00e9s d\u00e9buteront d\u00e8s le <strong>vendredi 28\u00a0novembre<\/strong>, de 16h30 \u00e0 18h30, \u00e0 la <strong>salle Didion<\/strong>. Cette ann\u00e9e encore, <strong>saint Nicolas sera pr\u00e9sent<\/strong> pour g\u00e2ter les enfants sages apr\u00e8s un spectacle.<\/p>\n<p class=\" wall-content\">Le lendemain, le rendez-vous est donn\u00e9 au <strong>parc Olry<\/strong> de 14h \u00e0 17h. Le comit\u00e9 des F\u00eates Saint-Pierre organisera une <strong>distribution de boissons chaudes et de douceurs<\/strong>. Le tout en pr\u00e9sence de saint Nicolas et du p\u00e8re Fouettard. Le m\u00eame jour, de 15h30 \u00e0 16h30, une <strong>distribution de boissons chaudes et de sucreries<\/strong> se tiendra \u00e9galement, salle Donop, en pr\u00e9sence du patron des Lorrains.<\/p>\n<p>Courses de Saint-Nicolas et spectacles<\/p>\n<p class=\" wall-content\">En dehors des <a href=\"https:\/\/actu.fr\/grand-est\/nancy_54395\/courses-de-saint-nicolas-a-nancy-la-circulation-et-le-stationnement-perturbes-ce-week-end-on-fait-le-point_63488958.html\" target=\"_blank\" rel=\"noopener\">courses de Saint-Nicolas<\/a>, programm\u00e9es dimanche 30\u00a0novembre au matin, l\u2019<strong>association Gink\u2019go<\/strong> organise un <strong>\u00e9v\u00e9nement<\/strong> \u00e0 la salle municipale Aloysia Martinelle. Il d\u00e9butera par un <strong>spectacle<\/strong> destin\u00e9 aux petits de 2 \u00e0 5\u00a0ans \u00e0 16h et se poursuivra par un second \u00e0 17h, d\u00e9di\u00e9 cette fois aux enfants \u00e0 partir de 6\u00a0ans.<\/p>\n<p class=\" wall-content\">Ils seront suivis d\u2019une <strong>distribution de friandises et d\u2019un go\u00fbter<\/strong>.<\/p>\n<p>Votre r\u00e9gion, votre actu !<\/p>\n<p>Recevez chaque jour les infos qui comptent pour vous.<\/p>\n<p>\t<a href=\"https:\/\/actu.fr\/newsletter\" class=\"ac-btn ac-btn--corner ac-btn--medium ac-btn--blue800\" target=\"_blank\" rel=\"noopener\">S&rsquo;incrire<\/a><br \/>\nMarch\u00e9s d\u2019objets et de cr\u00e9ations d\u2019artistes<\/p>\n<p class=\" wall-content\">Les plus grands sont quant \u00e0 eux attendus au <strong>Hameau des Artistes<\/strong>, \u00e0 la MJC Lillebonne, pour un <strong>march\u00e9 d\u2019objets et de cr\u00e9ations d\u2019artistes<\/strong>. Il ouvrira ses portes d\u00e8s le vendredi\u00a028.<\/p>\n<p class=\" wall-content\">En parall\u00e8le, la M\u00e9tropole du Grand Nancy, en lien avec la Ville de Nancy, organise la <strong>cinqui\u00e8me \u00e9dition du No\u00ebl Vert<\/strong> salle Gentilly, un <strong>march\u00e9 de No\u00ebl \u00e9coresponsable<\/strong> qui se d\u00e9roulera tout le week-end et qui mettra en avant <strong>60 artistes engag\u00e9s<\/strong>.<\/p>\n<p class=\" wall-content\">Enfin, les <strong>cr\u00e9ateurs de l\u2019Octroi<\/strong> investiront la petite halle de l\u2019Octroi-Nancy, durant tout le week-end, dans le cadre de leur <strong>March\u00e9 de Saint-Nicolas<\/strong>. C\u00e9ramique, textile, vannerie, sculpture sur bois\u2026 Il y en aura pour tous les go\u00fbts.<\/p>\n<p class=\" wall-content\">Personnalisez votre actualit\u00e9 en ajoutant vos villes et m\u00e9dias en favori avec <a href=\"https:\/\/moncompte.actu.fr\" title=\"D\u00e9couvez Mon Actu\" rel=\"nofollow noopener\" data-trk=\"{&quot;cta&quot;:{&quot;action&quot;:&quot;https:\\\/\\\/moncompte.actu.fr&quot;,&quot;category&quot;:&quot;mon compte&quot;,&quot;from&quot;:&quot;article footer&quot;,&quot;name&quot;:&quot;Mon actu&quot;,&quot;type&quot;:&quot;cta&quot;}}\" target=\"_blank\">Mon Actu<\/a>.<\/p>\n","protected":false},"excerpt":{"rendered":"Par Amandine Mehl Publi\u00e9 le 28 nov. 2025 \u00e0 7h02 En attendant le d\u00e9fil\u00e9, qui se tiendra \u00e0&hellip;\n","protected":false},"author":2,"featured_media":563871,"comment_status":"","ping_status":"","sticky":false,"template":"","format":"standard","meta":{"footnotes":""},"categories":[9635],"tags":[1111,11,1777,674,1011,27,775,1652,1702,12,25,14334],"class_list":{"0":"post-563870","1":"post","2":"type-post","3":"status-publish","4":"format-standard","5":"has-post-thumbnail","7":"category-nancy","8":"tag-actu","9":"tag-actualites","10":"tag-eu","11":"tag-europe","12":"tag-fr","13":"tag-france","14":"tag-grand-est","15":"tag-loisirs-culture","16":"tag-nancy","17":"tag-news","18":"tag-republique-francaise","19":"tag-saint-nicolas"},"share_on_mastodon":{"url":"https:\/\/pubeurope.com\/@fr\/115625880686864907","error":""},"_links":{"self":[{"href":"https:\/\/www.europesays.com\/fr\/wp-json\/wp\/v2\/posts\/563870","targetHints":{"allow":["GET"]}}],"collection":[{"href":"https:\/\/www.europesays.com\/fr\/wp-json\/wp\/v2\/posts"}],"about":[{"href":"https:\/\/www.europesays.com\/fr\/wp-json\/wp\/v2\/types\/post"}],"author":[{"embeddable":true,"href":"https:\/\/www.europesays.com\/fr\/wp-json\/wp\/v2\/users\/2"}],"replies":[{"embeddable":true,"href":"https:\/\/www.europesays.com\/fr\/wp-json\/wp\/v2\/comments?post=563870"}],"version-history":[{"count":0,"href":"https:\/\/www.europesays.com\/fr\/wp-json\/wp\/v2\/posts\/563870\/revisions"}],"wp:featuredmedia":[{"embeddable":true,"href":"https:\/\/www.europesays.com\/fr\/wp-json\/wp\/v2\/media\/563871"}],"wp:attachment":[{"href":"https:\/\/www.europesays.com\/fr\/wp-json\/wp\/v2\/media?parent=563870"}],"wp:term":[{"taxonomy":"category","embeddable":true,"href":"https:\/\/www.europesays.com\/fr\/wp-json\/wp\/v2\/categories?post=563870"},{"taxonomy":"post_tag","embeddable":true,"href":"https:\/\/www.europesays.com\/fr\/wp-json\/wp\/v2\/tags?post=563870"}],"curies":[{"name":"wp","href":"https:\/\/api.w.org\/{rel}","templated":true}]}}