{"id":563880,"date":"2025-11-28T06:25:11","date_gmt":"2025-11-28T06:25:11","guid":{"rendered":"https:\/\/www.europesays.com\/fr\/563880\/"},"modified":"2025-11-28T06:25:11","modified_gmt":"2025-11-28T06:25:11","slug":"rien-a-voir-avec-les-elections-municipales","status":"publish","type":"post","link":"https:\/\/www.europesays.com\/fr\/563880\/","title":{"rendered":"rien \u00e0 voir avec les \u00e9lections municipales\u00a0?"},"content":{"rendered":"<p>                    Par<br \/>\n        <strong><br \/>\n            <a href=\"https:\/\/actu.fr\/auteur\/adrien-filoche\" title=\"Consulter tous les articles de Adrien Filoche\" target=\"_blank\" rel=\"noopener\">Adrien Filoche<\/a><br \/>\n                    <\/strong><\/p>\n<p>        Publi\u00e9 le<\/p>\n<p>            28 nov. 2025 \u00e0 7h00        <\/p>\n<p><strong>Rouen brille cette ann\u00e9e. <\/strong>Vous l\u2019avez sans doute remarqu\u00e9 en fl\u00e2nant dans les rues, le dispositif des illuminations et d\u00e9corations de <a href=\"https:\/\/actu.fr\/tag\/noel\" target=\"_blank\" rel=\"noopener\">No\u00ebl<\/a> est plus \u00e9toff\u00e9 en cette ann\u00e9e 2025 que les derni\u00e8res ann\u00e9es. \u00ab\u2009Nous sommes revenus \u00e0 ce que l\u2019on a fait au d\u00e9but du mandat\u2009\u00bb, a confirm\u00e9 le maire de Rouen <a href=\"https:\/\/actu.fr\/tag\/nicolas-mayer-rossignol\" target=\"_blank\" rel=\"noopener\">Nicolas Mayer-Rossignol<\/a> vendredi 21\u00a0novembre 2025, \u00e0 l\u2019occasion de la pr\u00e9sentation des animations pendant les f\u00eates de fin d\u2019ann\u00e9e sur le <a href=\"https:\/\/actu.fr\/normandie\/saint-pierre-de-manneville_76634\/pres-de-rouen-la-saison-des-marches-de-noel-est-lancee-dans-un-lieu-enchanteur_63436193.html\" target=\"_blank\" rel=\"noopener\">march\u00e9 de<\/a> <a href=\"https:\/\/actu.fr\/tag\/noel\" target=\"_blank\" rel=\"noopener\">No\u00ebl.<\/a> Alors, pourquoi la ville est davantage d\u00e9cor\u00e9e que les ann\u00e9es pr\u00e9c\u00e9dentes\u2009? <strong>On a la r\u00e9ponse.<\/strong><\/p>\n<p>10 kilom\u00e8tres d\u2019illuminations, 65 rues d\u00e9cor\u00e9es<\/p>\n<p class=\" wall-content\">Dans les faits, 65 rues et places embl\u00e9matiques de Rouen, \u00e0 l\u2019instar de Vieux-March\u00e9, la Pucelle, Saint-Marc ou encore l\u2019esplanade Marcel-Duchamp, sont illumin\u00e9es cette ann\u00e9e pour No\u00ebl. Tout additionn\u00e9, cela correspond \u00e0<strong> pr\u00e8s de 10 kilom\u00e8tres d\u2019illuminations.<\/strong><\/p>\n<p class=\" wall-content\">\u00ab\u2009Le plan structurant des illuminations engag\u00e9 cette ann\u00e9e par la Ville de Rouen a \u00e9t\u00e9 densifi\u00e9 dans le centre-ville historique et \u00e9tendu dans les quartiers p\u00e9riph\u00e9riques de la rive gauche aux Hauts de Rouen\u2009\u00bb, souligne la mairie dans un communiqu\u00e9.<\/p>\n<p class=\" wall-content\"><strong>Le plan d\u00e9taill\u00e9 des rues illumin\u00e9es \u00e0 Rouen\u2009:<\/strong><\/p>\n<p><a href=\"https:\/\/static.actu.fr\/uploads\/2025\/11\/illuminations-2025-soiree-prix-accueil.pdf\" target=\"_blank\" rel=\"noopener\">Afficher ou t\u00e9l\u00e9charger le fichier.<\/a><\/p>\n<p class=\" wall-content\">Aux illuminations install\u00e9es par la Ville s\u2019ajoutent les initiatives des commer\u00e7ants qui se f\u00e9d\u00e8rent pour ajouter une touche \u00e0 cette magie, que ce soit du c\u00f4t\u00e9 des rues Massacre, du G\u00e9n\u00e9ral Leclerc-Champmesl\u00e9, Beauvoisine, Saint-L\u00f4 ou encore les places de la Croix de Pierre et Saint-Marc.<\/p>\n<p>La fautive est la crise de l\u2019\u00e9nergie<\/p>\n<p class=\" wall-content\"><strong>Alors, pourquoi y a-t-il tant d\u2019illuminations cette ann\u00e9e \u00e0 Rouen\u2009?<\/strong> Quelques esprits un peu cyniques (dont certains \u00e0 la r\u00e9daction) pourraient tracer un lien avec la prochaine \u00e9ch\u00e9ance politique, <a href=\"https:\/\/actu.fr\/politique\/elections-municipales\" target=\"_blank\" rel=\"noopener\">les \u00e9lections municipales de mars\u00a02026<\/a>. C\u2019est d\u2019ailleurs ce qui s\u2019est murmur\u00e9 lors de l\u2019annonce du dispositif par le maire de Rouen sur le march\u00e9 de No\u00ebl le vendredi 21\u00a0novembre.<\/p>\n<p class=\" wall-content\"><strong>Matthieu Soyer<\/strong>, directeur g\u00e9n\u00e9ral adjoint en charge du p\u00f4le Attractivit\u00e9 et cadre de vie \u00e0 Ville de Rouen, apporte une r\u00e9ponse \u00e0 la question. \u00ab\u2009En 2022, 2023 et 2024, il y a eu une baisse des illuminations en lien avec la non-ma\u00eetrise des co\u00fbts \u00e9nerg\u00e9tiques. De plus, nous avons re\u00e7u tr\u00e8s tardivement les factures \u00e9nerg\u00e9tiques, ce qui nous a donn\u00e9 tr\u00e8s peu de visibilit\u00e9. Mais cela fait du bien de revenir \u00e0 ce que l\u2019on a propos\u00e9 en\u00a02020 et\u00a02021\u2009\u00bb, explique-t-il.<\/p>\n<p class=\" wall-content\">La crise \u00e9nerg\u00e9tique \u00e9tant derri\u00e8re nous, la municipalit\u00e9 explique ainsi avoir eu davantage de latitude pour les d\u00e9corations de cette ann\u00e9e.<\/p>\n<p>Votre r\u00e9gion, votre actu !<\/p>\n<p>Recevez chaque jour les infos qui comptent pour vous.<\/p>\n<p>\t<a href=\"https:\/\/actu.fr\/newsletter\" class=\"ac-btn ac-btn--corner ac-btn--medium ac-btn--blue800\" target=\"_blank\" rel=\"noopener\">S&rsquo;incrire<\/a><br \/>\nLe budget pour les d\u00e9corations de 2025<\/p>\n<p class=\" wall-content\">Mais alors, quel budget a \u00e9t\u00e9 allou\u00e9 par la mairie de Rouen pour les illuminations de No\u00ebl\u2009? Interrog\u00e9, Matthieu Soyer avance le chiffre de <strong>250\u2009000\u00a0euros<\/strong>, somme qui comprend la location des motifs, leur pose ou encore l\u2019installation technique des raccordements \u00e9nerg\u00e9tiques.<\/p>\n<p class=\" wall-content\">\u00ab\u2009Dans les ann\u00e9es de crise, nous \u00e9tions autour de 100\u2009000\u00a0et 150\u2009000 euros annuels. Nous avions r\u00e9duit par pr\u00e9caution du co\u00fbt de l\u2019\u00e9nergie\u2009\u00bb, pr\u00e9cise le directeur g\u00e9n\u00e9ral adjoint en charge du p\u00f4le Attractivit\u00e9 et cadre de vie.<\/p>\n<p class=\" wall-content\">Par ailleurs, la diff\u00e9rence est plus t\u00e9nue, mais existe, quand l\u2019on compare avec les ann\u00e9es hors crise \u00e9nerg\u00e9tique (2020 et 2021), o\u00f9 le budget allou\u00e9 se situait \u00e0 \u00ab\u2009un peu plus de 200\u2009000\u00a0euros\u2009\u00bb.<\/p>\n<p>Suivez l\u2019actualit\u00e9 de Rouen sur <a href=\"https:\/\/www.whatsapp.com\/channel\/0029VaKfnf99hXF2ddApFB1D\" target=\"_blank\" rel=\"noopener\">notre cha\u00eene WhatsApp<\/a> et sur <a href=\"https:\/\/www.tiktok.com\/@76actu.fr?lang=fr\" target=\"_blank\" rel=\"noopener\">notre compte TikTok<\/a><\/p>\n<p class=\" wall-content\">Personnalisez votre actualit\u00e9 en ajoutant vos villes et m\u00e9dias en favori avec <a href=\"https:\/\/moncompte.actu.fr\" title=\"D\u00e9couvez Mon Actu\" rel=\"nofollow noopener\" data-trk=\"{&quot;cta&quot;:{&quot;action&quot;:&quot;https:\\\/\\\/moncompte.actu.fr&quot;,&quot;category&quot;:&quot;mon compte&quot;,&quot;from&quot;:&quot;article footer&quot;,&quot;name&quot;:&quot;Mon actu&quot;,&quot;type&quot;:&quot;cta&quot;}}\" target=\"_blank\">Mon Actu<\/a>.<\/p>\n<p>                    <script async src=\"\/\/www.tiktok.com\/embed.js\"><\/script><\/p>\n","protected":false},"excerpt":{"rendered":"Par Adrien Filoche Publi\u00e9 le 28 nov. 2025 \u00e0 7h00 Rouen brille cette ann\u00e9e. Vous l\u2019avez sans doute&hellip;\n","protected":false},"author":2,"featured_media":563881,"comment_status":"","ping_status":"","sticky":false,"template":"","format":"standard","meta":{"footnotes":""},"categories":[9587],"tags":[1111,11,1777,674,1011,27,1652,12,13268,15830,5161,25,9590],"class_list":{"0":"post-563880","1":"post","2":"type-post","3":"status-publish","4":"format-standard","5":"has-post-thumbnail","7":"category-rouen","8":"tag-actu","9":"tag-actualites","10":"tag-eu","11":"tag-europe","12":"tag-fr","13":"tag-france","14":"tag-loisirs-culture","15":"tag-news","16":"tag-nicolas-mayer-rossignol","17":"tag-noel","18":"tag-normandie","19":"tag-republique-francaise","20":"tag-rouen"},"share_on_mastodon":{"url":"https:\/\/pubeurope.com\/@fr\/115625900419506484","error":""},"_links":{"self":[{"href":"https:\/\/www.europesays.com\/fr\/wp-json\/wp\/v2\/posts\/563880","targetHints":{"allow":["GET"]}}],"collection":[{"href":"https:\/\/www.europesays.com\/fr\/wp-json\/wp\/v2\/posts"}],"about":[{"href":"https:\/\/www.europesays.com\/fr\/wp-json\/wp\/v2\/types\/post"}],"author":[{"embeddable":true,"href":"https:\/\/www.europesays.com\/fr\/wp-json\/wp\/v2\/users\/2"}],"replies":[{"embeddable":true,"href":"https:\/\/www.europesays.com\/fr\/wp-json\/wp\/v2\/comments?post=563880"}],"version-history":[{"count":0,"href":"https:\/\/www.europesays.com\/fr\/wp-json\/wp\/v2\/posts\/563880\/revisions"}],"wp:featuredmedia":[{"embeddable":true,"href":"https:\/\/www.europesays.com\/fr\/wp-json\/wp\/v2\/media\/563881"}],"wp:attachment":[{"href":"https:\/\/www.europesays.com\/fr\/wp-json\/wp\/v2\/media?parent=563880"}],"wp:term":[{"taxonomy":"category","embeddable":true,"href":"https:\/\/www.europesays.com\/fr\/wp-json\/wp\/v2\/categories?post=563880"},{"taxonomy":"post_tag","embeddable":true,"href":"https:\/\/www.europesays.com\/fr\/wp-json\/wp\/v2\/tags?post=563880"}],"curies":[{"name":"wp","href":"https:\/\/api.w.org\/{rel}","templated":true}]}}