{"id":563882,"date":"2025-11-28T06:26:16","date_gmt":"2025-11-28T06:26:16","guid":{"rendered":"https:\/\/www.europesays.com\/fr\/563882\/"},"modified":"2025-11-28T06:26:16","modified_gmt":"2025-11-28T06:26:16","slug":"jason-lorcher-revolutionne-le-fitness-avec-unit-gym","status":"publish","type":"post","link":"https:\/\/www.europesays.com\/fr\/563882\/","title":{"rendered":"Jason Lorcher r\u00e9volutionne le fitness avec Unit Gym"},"content":{"rendered":"<p>Nouvelle adresse pour les sportifs dans la M\u00e9tropole de Rouen, Unit Gym nous accueille \u00e0 Notre-Dame-de-Bondeville avec 7 univers d&rsquo;entrainement. Rencontre avec le cr\u00e9ateur, Jason Lorcher.<\/p>\n<p>Unit Gym\u00a0: la salle de fitness nouvelle g\u00e9n\u00e9ration \u00e0 Rouen<\/p>\n<p>Unit Gym r\u00e9volutionne le fitness dans la m\u00e9tropole rouennaise en combinant cross-training, Hyrox et musculation traditionnelle. Situ\u00e9e \u00e0 Notre-Dame-de-Bondeville, cette salle hybride propose un espace moderne pour tous les niveaux, avec des tarifs accessibles d\u00e8s 40 euros par mois.\u200b<\/p>\n<p>Une offre vari\u00e9e pour sportifs hybrides\u200b<\/p>\n<p>La salle attire triathl\u00e8tes et coureurs gr\u00e2ce \u00e0 son intensit\u00e9 ludique et son accessibilit\u00e9. \u200b<\/p>\n<p> <img decoding=\"async\" src=\"https:\/\/www.europesays.com\/fr\/wp-content\/uploads\/2025\/11\/1764311173_890_1280\" alt=\"illustration agrandir l'image\" style=\"--_image-preview:url('data:image\/jpeg;base64,\/9j\/2wBDACgcHiMeGSgjISMtKygwPGRBPDc3PHtYXUlkkYCZlo+AjIqgtObDoKrarYqMyP\/L2u71\/\/\/\/m8H\/\/\/\/6\/+b9\/\/j\/2wBDASstLTw1PHZBQXb4pYyl+Pj4+Pj4+Pj4+Pj4+Pj4+Pj4+Pj4+Pj4+Pj4+Pj4+Pj4+Pj4+Pj4+Pj4+Pj4+Pj4+Pj\/wAARCAAqABcDASIAAhEBAxEB\/8QAGAABAQEBAQAAAAAAAAAAAAAAAAMCAQT\/xAAXEAEBAQEAAAAAAAAAAAAAAAAAEgEC\/8QAFQEBAQAAAAAAAAAAAAAAAAAAAAH\/xAAUEQEAAAAAAAAAAAAAAAAAAAAA\/9oADAMBAAIRAxEAPwDySQtnLsoPPvIvvIDeOp0Uo3onvQCVlpgN0JgP\/9k=');\" loading=\"lazy\" fetchpriority=\"low\" class=\"svelte-1cksh76 rounded\" onload=\"this.__e=event\" onerror=\"this.__e=event\"\/> Unit Gym \u00a9 Aucun(e) &#8211; Michel JEROME  Le parcours de Jason Lorcher<\/p>\n<p>Jason Lorcher, CEO de Pallini (fournisseur de mat\u00e9riel au Trait depuis les ann\u00e9es 90), a repris cette entreprise pour \u00e9quiper clubs pros et f\u00e9d\u00e9rations. Uni Gym sert de showroom pour Pallini tout en fonctionnant ind\u00e9pendamment. \u200b<\/p>\n<p> <img decoding=\"async\" src=\"https:\/\/www.europesays.com\/fr\/wp-content\/uploads\/2025\/11\/1764311175_509_1280\" alt=\"illustration agrandir l'image\" style=\"--_image-preview:url('data:image\/jpeg;base64,\/9j\/2wBDACgcHiMeGSgjISMtKygwPGRBPDc3PHtYXUlkkYCZlo+AjIqgtObDoKrarYqMyP\/L2u71\/\/\/\/m8H\/\/\/\/6\/+b9\/\/j\/2wBDASstLTw1PHZBQXb4pYyl+Pj4+Pj4+Pj4+Pj4+Pj4+Pj4+Pj4+Pj4+Pj4+Pj4+Pj4+Pj4+Pj4+Pj4+Pj4+Pj4+Pj\/wAARCAAqABcDASIAAhEBAxEB\/8QAFwABAQEBAAAAAAAAAAAAAAAAAgMABP\/EABcQAQEBAQAAAAAAAAAAAAAAAAABAhL\/xAAUAQEAAAAAAAAAAAAAAAAAAAAA\/8QAFBEBAAAAAAAAAAAAAAAAAAAAAP\/aAAwDAQACEQMRAD8AU0U0hNFNA6JWSmmBy9FNJSlAVmmGMCMUzAyrkCkY8sD\/2Q==');\" loading=\"lazy\" fetchpriority=\"low\" class=\"svelte-1cksh76 rounded\" onload=\"this.__e=event\" onerror=\"this.__e=event\"\/> . \u00a9 Aucun(e) &#8211; .  Pourquoi choisir Uni Gym\u00a0?<\/p>\n<p>Contrairement aux salles traditionnelles ax\u00e9es sur la musculation, Uni Gym met l&rsquo;accent sur les sports hybrides comme Hyrox et cross-training. Abonnements \u00e0 40 et 80\u00a0\u20ac\/mois.<\/p>\n<p><a target=\"_blank\" rel=\"nofollow noopener noreferrer\" class=\"IciLink ici-link IciArticleLink g-ici-body-regular-1 underline brand svelte-1chfe2s\" href=\"https:\/\/unitgym.fr\/\">Unit Gym Rouen | Salle de sport hybride premium \u00e0 Notre-Dame-de-Bondeville<\/a><\/p>\n<p> <img decoding=\"async\" src=\"https:\/\/www.europesays.com\/fr\/wp-content\/uploads\/2025\/11\/1764311176_311_1280\" alt=\"illustration agrandir l'image\" style=\"--_image-preview:url('data:image\/jpeg;base64,\/9j\/2wBDACgcHiMeGSgjISMtKygwPGRBPDc3PHtYXUlkkYCZlo+AjIqgtObDoKrarYqMyP\/L2u71\/\/\/\/m8H\/\/\/\/6\/+b9\/\/j\/2wBDASstLTw1PHZBQXb4pYyl+Pj4+Pj4+Pj4+Pj4+Pj4+Pj4+Pj4+Pj4+Pj4+Pj4+Pj4+Pj4+Pj4+Pj4+Pj4+Pj4+Pj\/wAARCAAqABcDASIAAhEBAxEB\/8QAGAABAQEBAQAAAAAAAAAAAAAAAAMCAQT\/xAAXEAEBAQEAAAAAAAAAAAAAAAAAAQIR\/8QAFwEAAwEAAAAAAAAAAAAAAAAAAAEDAv\/EABgRAQEBAQEAAAAAAAAAAAAAAAARAQIS\/9oADAMBAAIRAxEAPwDw8ON8LBFM6To7YFD9KlhGuNVJKwa1AUO5U4xhRHdbieoO6DpR\/9k=');\" loading=\"lazy\" fetchpriority=\"low\" class=\"svelte-1cksh76 rounded\" onload=\"this.__e=event\" onerror=\"this.__e=event\"\/> . \u00a9 Aucun(e) &#8211; .  <\/p>\n","protected":false},"excerpt":{"rendered":"Nouvelle adresse pour les sportifs dans la M\u00e9tropole de Rouen, Unit Gym nous accueille \u00e0 Notre-Dame-de-Bondeville avec 7&hellip;\n","protected":false},"author":2,"featured_media":563883,"comment_status":"","ping_status":"","sticky":false,"template":"","format":"standard","meta":{"footnotes":""},"categories":[9587],"tags":[1111,11,1777,674,1011,27,12,5161,25,9590],"class_list":{"0":"post-563882","1":"post","2":"type-post","3":"status-publish","4":"format-standard","5":"has-post-thumbnail","7":"category-rouen","8":"tag-actu","9":"tag-actualites","10":"tag-eu","11":"tag-europe","12":"tag-fr","13":"tag-france","14":"tag-news","15":"tag-normandie","16":"tag-republique-francaise","17":"tag-rouen"},"share_on_mastodon":{"url":"https:\/\/pubeurope.com\/@fr\/115625905698867153","error":""},"_links":{"self":[{"href":"https:\/\/www.europesays.com\/fr\/wp-json\/wp\/v2\/posts\/563882","targetHints":{"allow":["GET"]}}],"collection":[{"href":"https:\/\/www.europesays.com\/fr\/wp-json\/wp\/v2\/posts"}],"about":[{"href":"https:\/\/www.europesays.com\/fr\/wp-json\/wp\/v2\/types\/post"}],"author":[{"embeddable":true,"href":"https:\/\/www.europesays.com\/fr\/wp-json\/wp\/v2\/users\/2"}],"replies":[{"embeddable":true,"href":"https:\/\/www.europesays.com\/fr\/wp-json\/wp\/v2\/comments?post=563882"}],"version-history":[{"count":0,"href":"https:\/\/www.europesays.com\/fr\/wp-json\/wp\/v2\/posts\/563882\/revisions"}],"wp:featuredmedia":[{"embeddable":true,"href":"https:\/\/www.europesays.com\/fr\/wp-json\/wp\/v2\/media\/563883"}],"wp:attachment":[{"href":"https:\/\/www.europesays.com\/fr\/wp-json\/wp\/v2\/media?parent=563882"}],"wp:term":[{"taxonomy":"category","embeddable":true,"href":"https:\/\/www.europesays.com\/fr\/wp-json\/wp\/v2\/categories?post=563882"},{"taxonomy":"post_tag","embeddable":true,"href":"https:\/\/www.europesays.com\/fr\/wp-json\/wp\/v2\/tags?post=563882"}],"curies":[{"name":"wp","href":"https:\/\/api.w.org\/{rel}","templated":true}]}}