{"id":563884,"date":"2025-11-28T06:27:14","date_gmt":"2025-11-28T06:27:14","guid":{"rendered":"https:\/\/www.europesays.com\/fr\/563884\/"},"modified":"2025-11-28T06:27:14","modified_gmt":"2025-11-28T06:27:14","slug":"metropole-de-grenoble-un-garage-automobile-vise-par-une-tentative-dincendie-volontaire-a-fontaine","status":"publish","type":"post","link":"https:\/\/www.europesays.com\/fr\/563884\/","title":{"rendered":"M\u00e9tropole de Grenoble. Un garage automobile vis\u00e9 par une tentative d&rsquo;incendie volontaire \u00e0 Fontaine"},"content":{"rendered":"<p>Les sapeurs-pompiers ont \u00e9t\u00e9 alert\u00e9s, peu apr\u00e8s 21 heures, ce jeudi 27 novembre qu&rsquo;un feu venait de se d\u00e9clarer sur la devanture d&rsquo;un garage automobile, situ\u00e9 au 30 rue Pierre-S\u00e9mard \u00e0 Fontaine.<\/p>\n<p>\u00c0 leur arriv\u00e9e sur place, le d\u00e9but d&rsquo;incendie s&rsquo;\u00e9tait quasiment \u00e9teint de lui-m\u00eame mais des traces d&rsquo;hydrocarbures et la pr\u00e9sence d&rsquo;un bidon d&rsquo;essence quasi vide abandonn\u00e9 \u00e0 proximit\u00e9 ne laissaient gu\u00e8re de doutes sur l&rsquo;origine volontaire du sinistre.<\/p>\n<p>Les policiers grenoblois se sont rendus sur place pour proc\u00e9der aux constatations d&rsquo;usage et tenter de recueillir des t\u00e9moignages.\u00a0Ils chercheront certainement \u00e0 \u00e9tablir si cet acte peut avoir un lien avec un \u00e9v\u00e8nement survenu la veille dans le m\u00eame secteur.<\/p>\n<p>Ce contenu est bloqu\u00e9 car vous n&rsquo;avez pas accept\u00e9 les cookies et autres traceurs.<\/p>\n<p>En cliquant sur \u00ab J\u2019accepte \u00bb, les cookies et autres traceurs seront d\u00e9pos\u00e9s et vous pourrez visualiser les contenus  (<a href=\"\" class=\"consentModule_policy\" target=\"_blank\" title=\"Consulter la politique de protection des donn\u00e9es du fournisseur\">plus d&rsquo;informations<\/a>).<\/p>\n<p>En cliquant sur \u00ab J\u2019accepte tous les cookies \u00bb, vous autorisez des d\u00e9p\u00f4ts de cookies et autres traceurs pour le stockage de vos donn\u00e9es sur nos sites et applications \u00e0 des fins de personnalisation et de ciblage publicitaire.<\/p>\n<p class=\"consentModule_secondaryText\">Vous gardez la possibilit\u00e9 de retirer votre consentement \u00e0 tout moment en consultant notre <a href=\"https:\/\/www.ledauphine.com\/protection-des-donnees\" target=\"_blank\" title=\"Consulter notre politique de protection des donn\u00e9es\" rel=\"nofollow noopener\">politique de protection des donn\u00e9es<\/a>. <br \/>&#13;<br \/>\n            <a href=\"https:\/\/www.ledauphine.com\/faits-divers-justice\/2025\/11\/28\/javascript:Didomi.notice.show()\" class=\"consentModule_cmp\" rel=\"nofollow noopener\" target=\"_blank\">G\u00e9rer mes choix<\/a>&#13;\n        <\/p>\n<p>&#13;<br \/>\n                        J&rsquo;accepte&#13;<br \/>\n            J&rsquo;accepte tous les cookies&#13;\n        <\/p>\n<p>Mercredi, un homme de 24 ans, pr\u00e9sentant une blessure par balle \u00e0 la cuisse droite, <a href=\"https:\/\/www.ledauphine.com\/faits-divers-justice\/2025\/11\/26\/blesse-par-balle-il-se-presente-au-centre-operationnel-d-incendie-et-de-secours\" target=\"_blank\" rel=\"nofollow noopener\">s\u2019\u00e9tait en effet rendu<\/a> dans les locaux de la Direction d\u00e9partementale des services d\u2019incendie et de secours de l\u2019Is\u00e8re (Sdis 38) \u2013 o\u00f9 se trouvent l\u2019\u00e9tat-major et le centre op\u00e9rationnel des sapeurs-pompiers \u2013, situ\u00e9s \u00e0 quelques dizaines de m\u00e8tres de l\u00e0, rue Ren\u00e9-Camphin \u00e0 Fontaine.<\/p>\n<p>Conduit au CHU Grenoble-Alpes, il s&rsquo;\u00e9tait montr\u00e9 tr\u00e8s peu locace sur les circonstances dans lesquelles il avait \u00e9t\u00e9 vis\u00e9 par un coup de feu.<\/p>\n","protected":false},"excerpt":{"rendered":"Les sapeurs-pompiers ont \u00e9t\u00e9 alert\u00e9s, peu apr\u00e8s 21 heures, ce jeudi 27 novembre qu&rsquo;un feu venait de se&hellip;\n","protected":false},"author":2,"featured_media":563885,"comment_status":"","ping_status":"","sticky":false,"template":"","format":"standard","meta":{"footnotes":""},"categories":[9566],"tags":[1111,11,2430,112,1777,674,274,107,9592,1011,27,2731,1310,108,12,25],"class_list":{"0":"post-563884","1":"post","2":"type-post","3":"status-publish","4":"format-standard","5":"has-post-thumbnail","7":"category-grenoble","8":"tag-actu","9":"tag-actualites","10":"tag-auvergne-rhone-alpes","11":"tag-edition-grenoble-agglomeration","12":"tag-eu","13":"tag-europe","14":"tag-faits-divers-justice","15":"tag-fil-info","16":"tag-fontaine","17":"tag-fr","18":"tag-france","19":"tag-grenoble","20":"tag-incendie","21":"tag-isere","22":"tag-news","23":"tag-republique-francaise"},"share_on_mastodon":{"url":"https:\/\/pubeurope.com\/@fr\/115625908293071218","error":""},"_links":{"self":[{"href":"https:\/\/www.europesays.com\/fr\/wp-json\/wp\/v2\/posts\/563884","targetHints":{"allow":["GET"]}}],"collection":[{"href":"https:\/\/www.europesays.com\/fr\/wp-json\/wp\/v2\/posts"}],"about":[{"href":"https:\/\/www.europesays.com\/fr\/wp-json\/wp\/v2\/types\/post"}],"author":[{"embeddable":true,"href":"https:\/\/www.europesays.com\/fr\/wp-json\/wp\/v2\/users\/2"}],"replies":[{"embeddable":true,"href":"https:\/\/www.europesays.com\/fr\/wp-json\/wp\/v2\/comments?post=563884"}],"version-history":[{"count":0,"href":"https:\/\/www.europesays.com\/fr\/wp-json\/wp\/v2\/posts\/563884\/revisions"}],"wp:featuredmedia":[{"embeddable":true,"href":"https:\/\/www.europesays.com\/fr\/wp-json\/wp\/v2\/media\/563885"}],"wp:attachment":[{"href":"https:\/\/www.europesays.com\/fr\/wp-json\/wp\/v2\/media?parent=563884"}],"wp:term":[{"taxonomy":"category","embeddable":true,"href":"https:\/\/www.europesays.com\/fr\/wp-json\/wp\/v2\/categories?post=563884"},{"taxonomy":"post_tag","embeddable":true,"href":"https:\/\/www.europesays.com\/fr\/wp-json\/wp\/v2\/tags?post=563884"}],"curies":[{"name":"wp","href":"https:\/\/api.w.org\/{rel}","templated":true}]}}