{"id":563886,"date":"2025-11-28T06:28:14","date_gmt":"2025-11-28T06:28:14","guid":{"rendered":"https:\/\/www.europesays.com\/fr\/563886\/"},"modified":"2025-11-28T06:28:14","modified_gmt":"2025-11-28T06:28:14","slug":"techfest-la-communaute-de-lelectronique-durable-se-reunit-de-nouveau-a-grenoble","status":"publish","type":"post","link":"https:\/\/www.europesays.com\/fr\/563886\/","title":{"rendered":"tech&#038;fest. La communaut\u00e9 de l&rsquo;\u00e9lectronique durable se r\u00e9unit de nouveau \u00e0 Grenoble"},"content":{"rendered":"<p>L\u2019\u00e9lectronique et le num\u00e9rique de demain doivent\u00a0devenir radicalement moins \u00e9nergivores pour esp\u00e9rer\u00a0se conformer un jour aux\u00a0limites plan\u00e9taires. La recherche doit avancer dans ce sens. Et pourquoi pas avancer group\u00e9\u00a0?<\/p>\n<p>Une communaut\u00e9 de l&rsquo;\u00e9lectronique frugal est en train d&rsquo;\u00e9merger autour d&rsquo;un\u00a0\u00e9v\u00e8nement rassembleur, organis\u00e9 pour la premi\u00e8re fois en d\u00e9cembre dernier \u00e0 Grenoble :\u00a0le tout premier symposium national sur l\u2019\u00e9lectronique et le num\u00e9rique durables.\u00a0<\/p>\n<p>Pilot\u00e9 par plusieurs instances (IRT\u00a0Nanoelec, PUI\u00a0Grenoble Alpes, PEPR Electronique\u00a0et Labex UGA Micro\u00e9lectronique), il a permis de\u00a0pr\u00e9senter plus de 40 contributions devant des chercheurs, des ing\u00e9nieurs et des industriels. <a href=\"https:\/\/irtnanoelec.fr\/actualite\/symposium-2024-electronique-et-numerique-durables\/\" target=\"_blank\" rel=\"noopener\">Un chatbot a\u00a0d&rsquo;ailleurs\u00a0\u00e9t\u00e9 invent\u00e9 pour les d<\/a><a href=\"https:\/\/irtnanoelec.fr\/actualite\/symposium-2024-electronique-et-numerique-durables\/\" target=\"_blank\" rel=\"noopener\">\u00e9couvrir le plus ais\u00e9ment possible<\/a>.\u00a0<\/p>\n<p>  France, Belgique, Suisse, Qu\u00e9bec, Allemagne&#8230; un \u00e9v\u00e8nement rassembleur<\/p>\n<p>Pour la deuxi\u00e8me \u00e9dition\u00a0qui se tiendra le 16 d\u00e9cembre 2025, 43 sujets ont \u00e9t\u00e9 s\u00e9lectionn\u00e9s. Ils viennent de France, de Belgique, de Suisse, du Qu\u00e9bec et d&rsquo;Allemagne. La majorit\u00e9 sera pr\u00e9sent\u00e9e sous forme de posters et 17 sous forme de mini-conf\u00e9rences \u00e0 \u00e9couter \u00e0 la maison Minatec de Grenoble.<\/p>\n<p>La liste de tous <a href=\"https:\/\/irtnanoelec.fr\/wp-content\/uploads\/2025\/11\/2025_11_20-PROPOSALS.pdf\" target=\"_blank\" rel=\"noopener\">les sujets retenus par le comit\u00e9 de s\u00e9lection est en ligne<\/a>. On peut ainsi voir qu&rsquo;on trouvera des alternatives aux P-Fas pour la fabrication de circuits \u00e9lectroniques, un syst\u00e8me de tri pour le recycclage des m\u00e9taux critiques ou encore un wiki collaboratif pour la comparabilit\u00e9 des inventaires de cycle de vie, tandis qu&rsquo;une \u00e9quipe franco-suisse partagera ses r\u00e9flexions sur l&rsquo;impact d&rsquo;une taxe carbone sur le cot total du cycle de vie de serveurs. On voit que le fabricant de papier Fedrigoni (de Voiron) sera pr\u00e9sente de nouveau pour pr\u00e9senter ses travaux sur des circuits imprim\u00e9s sur des mat\u00e9riaux \u00e0 base de cellulose.\u00a0<\/p>\n<p>\u00a0<\/p>\n","protected":false},"excerpt":{"rendered":"L\u2019\u00e9lectronique et le num\u00e9rique de demain doivent\u00a0devenir radicalement moins \u00e9nergivores pour esp\u00e9rer\u00a0se conformer un jour aux\u00a0limites plan\u00e9taires. La&hellip;\n","protected":false},"author":2,"featured_media":563887,"comment_status":"","ping_status":"","sticky":false,"template":"","format":"standard","meta":{"footnotes":""},"categories":[9566],"tags":[1111,11,2430,9810,4854,1777,674,1011,27,2731,2732,108,12,25,20932],"class_list":{"0":"post-563886","1":"post","2":"type-post","3":"status-publish","4":"format-standard","5":"has-post-thumbnail","7":"category-grenoble","8":"tag-actu","9":"tag-actualites","10":"tag-auvergne-rhone-alpes","11":"tag-direct-entreprises","12":"tag-enseignement-superieur","13":"tag-eu","14":"tag-europe","15":"tag-fr","16":"tag-france","17":"tag-grenoble","18":"tag-grenoble-bassin","19":"tag-isere","20":"tag-news","21":"tag-republique-francaise","22":"tag-tech-and-fest"},"share_on_mastodon":{"url":"https:\/\/pubeurope.com\/@fr\/115625912224698770","error":""},"_links":{"self":[{"href":"https:\/\/www.europesays.com\/fr\/wp-json\/wp\/v2\/posts\/563886","targetHints":{"allow":["GET"]}}],"collection":[{"href":"https:\/\/www.europesays.com\/fr\/wp-json\/wp\/v2\/posts"}],"about":[{"href":"https:\/\/www.europesays.com\/fr\/wp-json\/wp\/v2\/types\/post"}],"author":[{"embeddable":true,"href":"https:\/\/www.europesays.com\/fr\/wp-json\/wp\/v2\/users\/2"}],"replies":[{"embeddable":true,"href":"https:\/\/www.europesays.com\/fr\/wp-json\/wp\/v2\/comments?post=563886"}],"version-history":[{"count":0,"href":"https:\/\/www.europesays.com\/fr\/wp-json\/wp\/v2\/posts\/563886\/revisions"}],"wp:featuredmedia":[{"embeddable":true,"href":"https:\/\/www.europesays.com\/fr\/wp-json\/wp\/v2\/media\/563887"}],"wp:attachment":[{"href":"https:\/\/www.europesays.com\/fr\/wp-json\/wp\/v2\/media?parent=563886"}],"wp:term":[{"taxonomy":"category","embeddable":true,"href":"https:\/\/www.europesays.com\/fr\/wp-json\/wp\/v2\/categories?post=563886"},{"taxonomy":"post_tag","embeddable":true,"href":"https:\/\/www.europesays.com\/fr\/wp-json\/wp\/v2\/tags?post=563886"}],"curies":[{"name":"wp","href":"https:\/\/api.w.org\/{rel}","templated":true}]}}