{"id":563888,"date":"2025-11-28T06:29:12","date_gmt":"2025-11-28T06:29:12","guid":{"rendered":"https:\/\/www.europesays.com\/fr\/563888\/"},"modified":"2025-11-28T06:29:12","modified_gmt":"2025-11-28T06:29:12","slug":"son-pere-refuse-lui-aussi-detre-coupable","status":"publish","type":"post","link":"https:\/\/www.europesays.com\/fr\/563888\/","title":{"rendered":"son p\u00e8re refuse lui aussi d&rsquo;\u00eatre coupable"},"content":{"rendered":"<p>                    Par<br \/>\n        <strong><br \/>\n            <a href=\"https:\/\/actu.fr\/auteur\/redaction-rennes\" title=\"Consulter tous les articles de R\u00e9daction Rennes\" target=\"_blank\" rel=\"noopener\">R\u00e9daction Rennes<\/a><br \/>\n                    <\/strong><\/p>\n<p>        Publi\u00e9 le<\/p>\n<p>            28 nov. 2025 \u00e0 6h32        <\/p>\n<p>La cour d\u2019appel de Rennes a rejug\u00e9, mardi 25\u00a0novembre 2025, <strong>le p\u00e8re du petit Sacha,<\/strong> qui \u00e9tait d\u00e9c\u00e9d\u00e9 dans <a href=\"https:\/\/actu.fr\/bretagne\/acigne_35001\/accident-pres-de-rennes-un-enfant-de-4-ans-en-urgence-absolue_60915163.html\" target=\"_blank\" rel=\"noopener\">un accident de la route \u00e0 Acign\u00e9 (Ille-et-Vilaine) en avril\u00a02024,<\/a> apr\u00e8s avoir \u00e9t\u00e9 <strong>percut\u00e9 par un automobiliste ivre<\/strong> et sans permis. <a href=\"https:\/\/actu.fr\/bretagne\/acigne_35001\/mort-de-sacha-4-ans-dans-un-accident-de-la-route-pres-de-rennes-le-conducteur-et-le-pere-condamnes_62749501.html\" target=\"_blank\" rel=\"noopener\">Il avait en effet \u00e9t\u00e9 condamn\u00e9 au m\u00eame titre que le chauffeur,<\/a> qui roulait \u00e0 110 au lieu de 70\u00a0km\/h.<\/p>\n<p>D\u00e9c\u00e9d\u00e9 le lendemain \u00e0 l\u2019h\u00f4pital<\/p>\n<p class=\" wall-content\">Pour rappel, le 5\u00a0avril 2024, alors que <strong>J\u00e9r\u00e9my,<\/strong> le p\u00e8re de l\u2019enfant, et <strong>Sacha,<\/strong> \u00e2g\u00e9 de 4\u00a0ans et demi, et <strong>sa \u00ab\u2009mamie de c\u0153ur\u2009\u00bb<\/strong> de l\u2019enfant rentraient du restaurant apr\u00e8s avoir assist\u00e9 ensemble au spectacle d\u2019\u00e9cole, ils avaient \u00e9t\u00e9 <strong>percut\u00e9s<\/strong> en voiture sur la route d\u00e9partementale n\u00b0\u00a092, vers <strong>22h45.<\/strong><\/p>\n<p class=\" wall-content\">Le v\u00e9hicule du conducteur incrimin\u00e9, Anthony \u2013 qui avait <strong>2\u00a0g d\u2019alcool<\/strong> par litre de sang \u2013 les avait violemment percut\u00e9s alors que le p\u00e8re de famille entreprenait de \u00ab\u2009tourner \u00e0 gauche\u2009\u00bb pour se rendre en direction de la zone industrielle d\u2019Acign\u00e9. <strong>Sacha,<\/strong> dont le pronostic vital avait imm\u00e9diatement \u00e9t\u00e9 engag\u00e9, \u00e9tait <strong>d\u00e9c\u00e9d\u00e9 le lendemain<\/strong> \u00e0 l\u2019h\u00f4pital.<\/p>\n<p>Il lui aurait \u00ab\u2009coup\u00e9 la route\u2009\u00bb<\/p>\n<p class=\" wall-content\">Reste que le p\u00e8re du petit Sacha a toujours soutenu \u00ab\u2009ne pas avoir vu de phares\u2009\u00bb arriver\u2009: il n\u2019aurait pris \u00ab\u2009aucun risque\u2009\u00bb s\u2019il les avait vus compte tenu de la \u00ab\u2009pr\u00e9sence\u2009\u00bb de son fils unique dans la voiture, a-t-il toujours expliqu\u00e9.<\/p>\n<p class=\" wall-content\">Anthony avait quant \u00e0 lui eu <strong>\u00ab\u2009une attitude agressive\u2009\u00bb<\/strong> \u00e0 son encontre apr\u00e8s l\u2019accident, lui reprochant de lui avoir \u00ab\u2009coup\u00e9 la route\u2009\u00bb\u2026 Il avait par la suite <strong>\u00ab\u2009insult\u00e9 les gendarmes<\/strong>\u2009\u00bb et m\u00eame exprim\u00e9 son \u00ab\u2009\u00e9nervement \u00e0 l\u2019h\u00f4pital\u2009\u00bb.<\/p>\n<p>Votre r\u00e9gion, votre actu !<\/p>\n<p>Recevez chaque jour les infos qui comptent pour vous.<\/p>\n<p>\t<a href=\"https:\/\/actu.fr\/newsletter\" class=\"ac-btn ac-btn--corner ac-btn--medium ac-btn--blue800\" target=\"_blank\" rel=\"noopener\">S&rsquo;incrire<\/a><br \/>\nLe p\u00e8re mis en examen pour \u00ab\u2009homicide involontaire\u2009\u00bb<\/p>\n<p class=\" wall-content\"><strong>Une information judiciaire<\/strong> avait \u00e9t\u00e9 ouverte dans cette affaire et le chauffard avait imm\u00e9diatement \u00e9t\u00e9 mis en examen pour \u00ab\u2009homicide involontaire aggrav\u00e9\u2009\u00bb.<\/p>\n<p class=\" wall-content\">En f\u00e9vrier\u00a02025, coup de th\u00e9\u00e2tre\u2009: <strong>le p\u00e8re de Sacha,<\/strong> jusqu\u2019alors constitu\u00e9 partie civile pour faire valoir son statut de victime, avait \u00e0 son tour \u00e9t\u00e9 <strong>mis en examen<\/strong> pour \u00ab\u2009homicide involontaire\u2009\u00bb.<\/p>\n<p>Une premi\u00e8re audience mouvement\u00e9e<\/p>\n<p class=\" wall-content\">Le rapport d\u2019accidentologie avait en fait conclu \u00e0 <strong>un \u00ab\u2009refus de priorit\u00e9\u2009\u00bb<\/strong> du p\u00e8re de famille, mais il avait toutefois affirm\u00e9 que le choc ne se serait pas produit si le chauffard avait circul\u00e9 \u00ab\u2009\u00e0 70\u00a0km\/h\u2009\u00bb, et ce,<strong> \u00ab\u2009sans compter les effets de la drogue et de l\u2019alcool\u2009\u00bb<\/strong> qui coulaient dans le sang d\u2019Anthony. Les tests faits sur le p\u00e8re de l\u2019enfant s\u2019\u00e9taient eux av\u00e9r\u00e9s n\u00e9gatifs.<\/p>\n<p class=\" wall-content\">Sur le fondement de ce rapport, le 4\u00a0avril 2025, le juge d\u2019instruction en charge du dossier avait donc d\u00e9cid\u00e9 de <strong>renvoyer les deux hommes<\/strong> sur le m\u00eame banc des pr\u00e9venus. \u00c0 l\u2019audience de premi\u00e8re instance, l\u2019avocate du p\u00e8re de Sacha avait d\u00fb elle-m\u00eame <strong>s\u2019interposer<\/strong> entre les deux hommes, cette configuration n\u2019ayant pas \u00e9t\u00e9 anticip\u00e9e. La pr\u00e9sidente du tribunal correctionnel de Rennes avait fini par intervenir en demandant aux policiers des escortes de se placer entre eux.<\/p>\n<p>\u00ab\u2009Dispens\u00e9 de peine\u2009\u00bb, mais coupable<\/p>\n<p class=\" wall-content\">La suite de l\u2019\u00e9vocation de l\u2019affaire avait \u00e9t\u00e9 d\u2019une \u00ab\u2009violence inou\u00efe\u2009\u00bb pour le p\u00e8re de famille\u2009: si <strong>Anthony<\/strong> a \u00e9t\u00e9 <strong>condamn\u00e9 \u00e0 sept ans de prison<\/strong>, lui aussi a \u00e9t\u00e9 <strong>reconnu coupable d\u2019 \u00ab\u2009homicide involontaire\u2009\u00bb sur son propre fils,<\/strong> en d\u00e9pit de r\u00e9quisitions de \u00ab\u2009relaxe\u2009\u00bb du parquet de Rennes.<\/p>\n<p class=\" wall-content\">Le tribunal l\u2019avait toutefois <strong>\u00ab\u2009dispens\u00e9 de peine\u2009\u00bb<\/strong> et avait \u00ab\u2009exclu cette condamnation du bulletin n\u00b02 de son casier judiciaire\u2009\u00bb, alors qu\u2019il sollicitait sa relaxe pure et simple.<\/p>\n<p class=\" wall-content\">La famille du petit Sacha n\u2019avait <strong>pas eu le sentiment d\u2019\u00eatre \u00ab\u2009entendue\u2009\u00bb,<\/strong> selon son avocat, Me Henry Ermeneux, qui a d\u00e9plor\u00e9 \u00ab\u2009une condamnation du bout des l\u00e8vres, mal assum\u00e9e [\u2026], juridiquement critiquable et moralement injustifi\u00e9e\u2009\u00bb.<\/p>\n<p>Les deux hommes ont fait appel<\/p>\n<p class=\" wall-content\">Dans un premier temps, les deux hommes avaient fait <strong>appel<\/strong> <strong>de cette d\u00e9cision<\/strong>. Mais Anthony s\u2019est finalement d\u00e9sist\u00e9 entre-temps. J\u00e9r\u00e9my, quant \u00e0 lui, en a fait <strong>une question de principe<\/strong>\u2009: mardi 25\u00a0novembre 2025, \u00ab\u2009il est venu pour que la justice lui dise qu\u2019il n\u2019est en rien responsable de la mort de son fils\u2009\u00bb, a plaid\u00e9 Me Pauline Kerloegan, son avocate, qui a tiss\u00e9 depuis cette affaire \u00ab\u2009un lien inexplicable\u2009\u00bb avec ce client. \u00ab\u2009Sacha n\u2019aurait pas pu esp\u00e9rer meilleur papa que vous\u2009\u00bb, lui a-t-elle d\u2019ailleurs lanc\u00e9, tr\u00e8s \u00e9mue, \u00e0 la fin de sa plaidoirie.<\/p>\n<p class=\" wall-content\"><strong>La m\u00e8re de l\u2019enfant<\/strong> \u2013 dont J\u00e9r\u00e9my \u00e9tait d\u00e9j\u00e0 s\u00e9par\u00e9 au moment des faits \u2013 a elle aussi toujours \u00e9t\u00e9 aux c\u00f4t\u00e9s de son ex-compagnon. \u00ab\u2009Ses proches ne le tiennent pas pour responsable\u2009\u00bb, mais le p\u00e8re de Sacha en fait \u00ab\u2009une question de principe\u2009\u00bb, a valid\u00e9 l\u2019avocat g\u00e9n\u00e9ral.<\/p>\n<p>La relaxe demand\u00e9e<\/p>\n<p class=\" wall-content\">Le magistrat du parquet g\u00e9n\u00e9ral de la cour d\u2019appel de Rennes a donc \u00e0 son tour r\u00e9clam\u00e9 \u00e0 la cour de le relaxer, estimant que J\u00e9r\u00e9my n\u2019avait commis<strong> \u00ab\u2009aucune faute\u2009\u00bb,<\/strong> avec \u00ab\u2009une conduite ma\u00eetris\u00e9e de A \u00e0 Z\u2009\u00bb.<\/p>\n<p class=\" wall-content\">Le pr\u00e9venu doit donc d\u00e9sormais <strong>s\u2019entendre dire qu\u2019il n\u2019a \u00ab\u2009pas tu\u00e9 son enfant\u2009\u00bb,<\/strong> m\u00eame s\u2019il porte<strong> \u00ab\u2009cette culpabilit\u00e9 toute sa vie\u2009\u00bb.<\/strong><\/p>\n<p class=\" wall-content\">La cour, qui a mis sa d\u00e9cision en d\u00e9lib\u00e9r\u00e9, se prononcera <strong>d\u00e9but janvier\u00a02026.<\/strong><\/p>\n<p class=\" wall-content\"><strong>CB et GF (PressPepper)<\/strong><\/p>\n<p class=\" wall-content\">Personnalisez votre actualit\u00e9 en ajoutant vos villes et m\u00e9dias en favori avec <a href=\"https:\/\/moncompte.actu.fr\" title=\"D\u00e9couvez Mon Actu\" rel=\"nofollow noopener\" data-trk=\"{&quot;cta&quot;:{&quot;action&quot;:&quot;https:\\\/\\\/moncompte.actu.fr&quot;,&quot;category&quot;:&quot;mon compte&quot;,&quot;from&quot;:&quot;article footer&quot;,&quot;name&quot;:&quot;Mon actu&quot;,&quot;type&quot;:&quot;cta&quot;}}\" target=\"_blank\">Mon Actu<\/a>.<\/p>\n","protected":false},"excerpt":{"rendered":"Par R\u00e9daction Rennes Publi\u00e9 le 28 nov. 2025 \u00e0 6h32 La cour d\u2019appel de Rennes a rejug\u00e9, mardi&hellip;\n","protected":false},"author":2,"featured_media":563889,"comment_status":"","ping_status":"","sticky":false,"template":"","format":"standard","meta":{"footnotes":""},"categories":[2821],"tags":[119,1111,11,5702,829,1777,674,118,1011,27,303,12,584,25],"class_list":{"0":"post-563888","1":"post","2":"type-post","3":"status-publish","4":"format-standard","5":"has-post-thumbnail","7":"category-rennes","8":"tag-accident","9":"tag-actu","10":"tag-actualites","11":"tag-alcool","12":"tag-bretagne","13":"tag-eu","14":"tag-europe","15":"tag-faits-divers","16":"tag-fr","17":"tag-france","18":"tag-justice","19":"tag-news","20":"tag-rennes","21":"tag-republique-francaise"},"share_on_mastodon":{"url":"https:\/\/pubeurope.com\/@fr\/115625916198832279","error":""},"_links":{"self":[{"href":"https:\/\/www.europesays.com\/fr\/wp-json\/wp\/v2\/posts\/563888","targetHints":{"allow":["GET"]}}],"collection":[{"href":"https:\/\/www.europesays.com\/fr\/wp-json\/wp\/v2\/posts"}],"about":[{"href":"https:\/\/www.europesays.com\/fr\/wp-json\/wp\/v2\/types\/post"}],"author":[{"embeddable":true,"href":"https:\/\/www.europesays.com\/fr\/wp-json\/wp\/v2\/users\/2"}],"replies":[{"embeddable":true,"href":"https:\/\/www.europesays.com\/fr\/wp-json\/wp\/v2\/comments?post=563888"}],"version-history":[{"count":0,"href":"https:\/\/www.europesays.com\/fr\/wp-json\/wp\/v2\/posts\/563888\/revisions"}],"wp:featuredmedia":[{"embeddable":true,"href":"https:\/\/www.europesays.com\/fr\/wp-json\/wp\/v2\/media\/563889"}],"wp:attachment":[{"href":"https:\/\/www.europesays.com\/fr\/wp-json\/wp\/v2\/media?parent=563888"}],"wp:term":[{"taxonomy":"category","embeddable":true,"href":"https:\/\/www.europesays.com\/fr\/wp-json\/wp\/v2\/categories?post=563888"},{"taxonomy":"post_tag","embeddable":true,"href":"https:\/\/www.europesays.com\/fr\/wp-json\/wp\/v2\/tags?post=563888"}],"curies":[{"name":"wp","href":"https:\/\/api.w.org\/{rel}","templated":true}]}}