{"id":563890,"date":"2025-11-28T06:31:00","date_gmt":"2025-11-28T06:31:00","guid":{"rendered":"https:\/\/www.europesays.com\/fr\/563890\/"},"modified":"2025-11-28T06:31:00","modified_gmt":"2025-11-28T06:31:00","slug":"le-roz-handdu-29-va-retrouver-le-cpb-rennes-en-coupe-de-france-federale-feminine","status":"publish","type":"post","link":"https:\/\/www.europesays.com\/fr\/563890\/","title":{"rendered":"Le Roz Hand\u2019Du 29 va retrouver le CPB Rennes en Coupe de France f\u00e9d\u00e9rale f\u00e9minine"},"content":{"rendered":"<p>Coupe de France f\u00e9d\u00e9rale f\u00e9minine (3e tour). Roz Hand\u2019Du 29 &#8211; CPB Rennes, le dimanche 14 d\u00e9cembre<\/p>\n<p>Dix mois apr\u00e8s avoir \u00e9limin\u00e9 le CPB Rennes, \u00e0 domicile, <a href=\"https:\/\/www.letelegramme.fr\/sports\/handball\/le-roz-handdu-29-bat-le-cpb-rennes-et-se-qualifie-pour-les-quarts-de-finale-de-la-coupe-de-france-federale-feminine-6753218.php\" target=\"_blank\" rel=\"noopener\">en 8e de finale de la Coupe de France f\u00e9d\u00e9rale f\u00e9minine 2024-25<\/a>, le Roz Hand\u2019Du 29 va de nouveau recevoir ce m\u00eame adversaire de N1F \u00e0 l\u2019occasion du 3e tour de cette Coupe de France, disput\u00e9 le dimanche 14 d\u00e9cembre \u00e0 16 heures \u00e0 Rosporden.<\/p>\n<p>En championnat, les \u00ab Rozes \u00bb se sont impos\u00e9es cette saison \u00e0 domicile <a href=\"https:\/\/www.letelegramme.fr\/sports\/handball\/leur-meilleur-match-de-la-saison-le-roz-handdu-29-simpose-lors-du-derby-contre-rennes-en-championnat-6903164.php\" target=\"_blank\" rel=\"noopener\">25-20<\/a> lors de la 4e journ\u00e9e le 4 octobre. Elles se d\u00e9placeront \u00e0 Rennes pour le retour le 14 mars 2026 (15e journ\u00e9e)<\/p>\n","protected":false},"excerpt":{"rendered":"Coupe de France f\u00e9d\u00e9rale f\u00e9minine (3e tour). Roz Hand\u2019Du 29 &#8211; CPB Rennes, le dimanche 14 d\u00e9cembre Dix&hellip;\n","protected":false},"author":2,"featured_media":563891,"comment_status":"","ping_status":"","sticky":false,"template":"","format":"standard","meta":{"footnotes":""},"categories":[2821],"tags":[1111,11,829,3166,1777,674,1011,27,1792,12,584,25,21358,60],"class_list":{"0":"post-563890","1":"post","2":"type-post","3":"status-publish","4":"format-standard","5":"has-post-thumbnail","7":"category-rennes","8":"tag-actu","9":"tag-actualites","10":"tag-bretagne","11":"tag-en-continu-sports","12":"tag-eu","13":"tag-europe","14":"tag-fr","15":"tag-france","16":"tag-handball","17":"tag-news","18":"tag-rennes","19":"tag-republique-francaise","20":"tag-rosporden","21":"tag-sports"},"share_on_mastodon":{"url":"https:\/\/pubeurope.com\/@fr\/115625923997932394","error":""},"_links":{"self":[{"href":"https:\/\/www.europesays.com\/fr\/wp-json\/wp\/v2\/posts\/563890","targetHints":{"allow":["GET"]}}],"collection":[{"href":"https:\/\/www.europesays.com\/fr\/wp-json\/wp\/v2\/posts"}],"about":[{"href":"https:\/\/www.europesays.com\/fr\/wp-json\/wp\/v2\/types\/post"}],"author":[{"embeddable":true,"href":"https:\/\/www.europesays.com\/fr\/wp-json\/wp\/v2\/users\/2"}],"replies":[{"embeddable":true,"href":"https:\/\/www.europesays.com\/fr\/wp-json\/wp\/v2\/comments?post=563890"}],"version-history":[{"count":0,"href":"https:\/\/www.europesays.com\/fr\/wp-json\/wp\/v2\/posts\/563890\/revisions"}],"wp:featuredmedia":[{"embeddable":true,"href":"https:\/\/www.europesays.com\/fr\/wp-json\/wp\/v2\/media\/563891"}],"wp:attachment":[{"href":"https:\/\/www.europesays.com\/fr\/wp-json\/wp\/v2\/media?parent=563890"}],"wp:term":[{"taxonomy":"category","embeddable":true,"href":"https:\/\/www.europesays.com\/fr\/wp-json\/wp\/v2\/categories?post=563890"},{"taxonomy":"post_tag","embeddable":true,"href":"https:\/\/www.europesays.com\/fr\/wp-json\/wp\/v2\/tags?post=563890"}],"curies":[{"name":"wp","href":"https:\/\/api.w.org\/{rel}","templated":true}]}}