{"id":563892,"date":"2025-11-28T06:32:09","date_gmt":"2025-11-28T06:32:09","guid":{"rendered":"https:\/\/www.europesays.com\/fr\/563892\/"},"modified":"2025-11-28T06:32:09","modified_gmt":"2025-11-28T06:32:09","slug":"pourquoi-le-drole-de-pere-noel-de-la-place-broglie-a-disparu","status":"publish","type":"post","link":"https:\/\/www.europesays.com\/fr\/563892\/","title":{"rendered":"pourquoi le dr\u00f4le de p\u00e8re No\u00ebl de la place Broglie a disparu"},"content":{"rendered":"<p>                    Par<br \/>\n        <strong><br \/>\n            <a href=\"https:\/\/actu.fr\/auteur\/ivan-capecchi\" title=\"Consulter tous les articles de Ivan CAPECCHI\" target=\"_blank\" rel=\"noopener\">Ivan CAPECCHI<\/a><br \/>\n                    <\/strong><\/p>\n<p>        Publi\u00e9 le<\/p>\n<p>            28 nov. 2025 \u00e0 7h02        <\/p>\n<p>Avec sa dr\u00f4le de t\u00eate, le <a href=\"https:\/\/actu.fr\/grand-est\/strasbourg_67482\/avec-son-drole-de-regard-ce-pere-noel-du-marche-de-strasbourg-fait-un-mini-buzz-sur-internet_60385944.html\" target=\"_blank\" rel=\"noopener\">p\u00e8re No\u00ebl de la place Broglie<\/a> avait fait le buzz sur internet en 2023, notamment popularis\u00e9 par la page satirique <a href=\"https:\/\/actu.fr\/grand-est\/strasbourg_67482\/schlagbourg-la-page-instagram-et-facebook-qui-rend-hommage-aux-schlags-de-strasbourg_44116610.html\" target=\"_blank\" rel=\"noopener\">Schlagbourg<\/a>. Mais cette ann\u00e9e, <strong>il brille par son absence<\/strong>.<\/p>\n<p>Un look \u00ab\u2009atypique\u2009\u00bb qui ne colle pas assez \u00e0 l\u2019esprit de No\u00ebl, d\u2019apr\u00e8s le propri\u00e9taire<\/p>\n<p class=\" wall-content\">\u00ab<strong>\u2009Son look atypique ne plaisait pas \u00e0 tout le monde<\/strong>. On m\u2019a dit que le p\u00e8re No\u00ebl n\u2019\u00e9tait <strong>pas assez beau<\/strong>, qu\u2019il ne ressemblait pas \u00e0 un p\u00e8re No\u00ebl. C\u2019est dommage\u2009\u00bb, souffle Franck, son propri\u00e9taire. \u00ab\u2009J\u2019ai r\u00e9pondu que les <a href=\"https:\/\/actu.fr\/tag\/enfants\" target=\"_blank\" rel=\"noopener\">enfants<\/a>, eux, n\u2019ont pas peur quand ils viennent\u2009: <strong>ils prennent des photos, sont contents et rigolent<\/strong>\u2009\u00bb, poursuit-il.<\/p>\n<p class=\" wall-content\">Des arguments qui, visiblement, n\u2019ont pas convaincu la mairie. Jointe par nos soins, cette derni\u00e8re n\u2019a pas donn\u00e9 suite.<\/p>\n<p>\u00ab\u2009On va le retravailler un peu\u2009\u00bb<\/p>\n<p class=\" wall-content\">Ceci \u00e9tant dit, Franck ne compte pas baisser les bras.<\/p>\n<p class=\" wall-content\">\u00ab<strong>\u2009On va r\u00e9fl\u00e9chir pour le retravailler un petit peu<\/strong>\u2009\u00bb, glisse-t-il.<\/p>\n<p class=\" wall-content\">Personnalisez votre actualit\u00e9 en ajoutant vos villes et m\u00e9dias en favori avec <a href=\"https:\/\/moncompte.actu.fr\" title=\"D\u00e9couvez Mon Actu\" rel=\"nofollow noopener\" data-trk=\"{&quot;cta&quot;:{&quot;action&quot;:&quot;https:\\\/\\\/moncompte.actu.fr&quot;,&quot;category&quot;:&quot;mon compte&quot;,&quot;from&quot;:&quot;article footer&quot;,&quot;name&quot;:&quot;Mon actu&quot;,&quot;type&quot;:&quot;cta&quot;}}\" target=\"_blank\">Mon Actu<\/a>.<\/p>\n","protected":false},"excerpt":{"rendered":"Par Ivan CAPECCHI Publi\u00e9 le 28 nov. 2025 \u00e0 7h02 Avec sa dr\u00f4le de t\u00eate, le p\u00e8re No\u00ebl&hellip;\n","protected":false},"author":2,"featured_media":563893,"comment_status":"","ping_status":"","sticky":false,"template":"","format":"standard","meta":{"footnotes":""},"categories":[2820],"tags":[1111,11,1777,674,1011,27,775,1757,12,15830,25,640],"class_list":{"0":"post-563892","1":"post","2":"type-post","3":"status-publish","4":"format-standard","5":"has-post-thumbnail","7":"category-strasbourg","8":"tag-actu","9":"tag-actualites","10":"tag-eu","11":"tag-europe","12":"tag-fr","13":"tag-france","14":"tag-grand-est","15":"tag-insolite","16":"tag-news","17":"tag-noel","18":"tag-republique-francaise","19":"tag-strasbourg"},"share_on_mastodon":{"url":"https:\/\/pubeurope.com\/@fr\/115625927939485381","error":""},"_links":{"self":[{"href":"https:\/\/www.europesays.com\/fr\/wp-json\/wp\/v2\/posts\/563892","targetHints":{"allow":["GET"]}}],"collection":[{"href":"https:\/\/www.europesays.com\/fr\/wp-json\/wp\/v2\/posts"}],"about":[{"href":"https:\/\/www.europesays.com\/fr\/wp-json\/wp\/v2\/types\/post"}],"author":[{"embeddable":true,"href":"https:\/\/www.europesays.com\/fr\/wp-json\/wp\/v2\/users\/2"}],"replies":[{"embeddable":true,"href":"https:\/\/www.europesays.com\/fr\/wp-json\/wp\/v2\/comments?post=563892"}],"version-history":[{"count":0,"href":"https:\/\/www.europesays.com\/fr\/wp-json\/wp\/v2\/posts\/563892\/revisions"}],"wp:featuredmedia":[{"embeddable":true,"href":"https:\/\/www.europesays.com\/fr\/wp-json\/wp\/v2\/media\/563893"}],"wp:attachment":[{"href":"https:\/\/www.europesays.com\/fr\/wp-json\/wp\/v2\/media?parent=563892"}],"wp:term":[{"taxonomy":"category","embeddable":true,"href":"https:\/\/www.europesays.com\/fr\/wp-json\/wp\/v2\/categories?post=563892"},{"taxonomy":"post_tag","embeddable":true,"href":"https:\/\/www.europesays.com\/fr\/wp-json\/wp\/v2\/tags?post=563892"}],"curies":[{"name":"wp","href":"https:\/\/api.w.org\/{rel}","templated":true}]}}