{"id":563894,"date":"2025-11-28T06:33:13","date_gmt":"2025-11-28T06:33:13","guid":{"rendered":"https:\/\/www.europesays.com\/fr\/563894\/"},"modified":"2025-11-28T06:33:13","modified_gmt":"2025-11-28T06:33:13","slug":"strasbourg-un-ex-prof-de-sport-de-la-maison-darret-condamne-pour-violences-conjugales","status":"publish","type":"post","link":"https:\/\/www.europesays.com\/fr\/563894\/","title":{"rendered":"Strasbourg. Un ex-prof de sport de la maison d\u2019arr\u00eat condamn\u00e9 pour violences conjugales"},"content":{"rendered":"<p>\u00ab\u00a0Je me sens prisonni\u00e8re.\u00a0\u00bb Les premiers mots de la victime lors de son d\u00e9p\u00f4t de plainte r\u00e9sument l\u2019affaire qui la m\u00e8ne, ce jeudi, \u00e0 la barre pour t\u00e9moigner\u00a0: \u00ab\u00a0J\u2019avais peur pour ma vie. Je n\u2019ai pas eu d\u2019autre solution que d\u2019en parler et d\u2019aller voir la police.\u00a0\u00bb<\/p>\n<p>Son conseil, Me\u00a0 Anais Fuchs, aborde les faits sous l\u2019angle du contr\u00f4le coercitif. Elle montre comment cette relation a bascul\u00e9 insensiblement vers l\u2019emprise\u00a0: un contr\u00f4le relationnel au d\u00e9part, un ensemble de micro r\u00e8gles, de v\u00e9rifications et d\u2019interdits qui finissent par isoler la victime. Filtrage des appels, surveillance num\u00e9rique, injonctions quotidiennes, chantages et menaces, culpabilisation d\u00e9cupl\u00e9e. Bref, un dispositif m\u00e9thodique que les juges connaissent par c\u0153ur en mati\u00e8re de violences&#8230;<\/p>\n","protected":false},"excerpt":{"rendered":"\u00ab\u00a0Je me sens prisonni\u00e8re.\u00a0\u00bb Les premiers mots de la victime lors de son d\u00e9p\u00f4t de plainte r\u00e9sument l\u2019affaire&hellip;\n","protected":false},"author":2,"featured_media":563895,"comment_status":"","ping_status":"","sticky":false,"template":"","format":"standard","meta":{"footnotes":""},"categories":[2820],"tags":[1111,11,271,272,2880,1777,674,274,107,1011,27,775,12,25,640,2879],"class_list":{"0":"post-563894","1":"post","2":"type-post","3":"status-publish","4":"format-standard","5":"has-post-thumbnail","7":"category-strasbourg","8":"tag-actu","9":"tag-actualites","10":"tag-crime","11":"tag-delit-et-contravention","12":"tag-edition-strasbourg","13":"tag-eu","14":"tag-europe","15":"tag-faits-divers-justice","16":"tag-fil-info","17":"tag-fr","18":"tag-france","19":"tag-grand-est","20":"tag-news","21":"tag-republique-francaise","22":"tag-strasbourg","23":"tag-strasbourg-ville"},"share_on_mastodon":{"url":"https:\/\/pubeurope.com\/@fr\/115625931800538699","error":""},"_links":{"self":[{"href":"https:\/\/www.europesays.com\/fr\/wp-json\/wp\/v2\/posts\/563894","targetHints":{"allow":["GET"]}}],"collection":[{"href":"https:\/\/www.europesays.com\/fr\/wp-json\/wp\/v2\/posts"}],"about":[{"href":"https:\/\/www.europesays.com\/fr\/wp-json\/wp\/v2\/types\/post"}],"author":[{"embeddable":true,"href":"https:\/\/www.europesays.com\/fr\/wp-json\/wp\/v2\/users\/2"}],"replies":[{"embeddable":true,"href":"https:\/\/www.europesays.com\/fr\/wp-json\/wp\/v2\/comments?post=563894"}],"version-history":[{"count":0,"href":"https:\/\/www.europesays.com\/fr\/wp-json\/wp\/v2\/posts\/563894\/revisions"}],"wp:featuredmedia":[{"embeddable":true,"href":"https:\/\/www.europesays.com\/fr\/wp-json\/wp\/v2\/media\/563895"}],"wp:attachment":[{"href":"https:\/\/www.europesays.com\/fr\/wp-json\/wp\/v2\/media?parent=563894"}],"wp:term":[{"taxonomy":"category","embeddable":true,"href":"https:\/\/www.europesays.com\/fr\/wp-json\/wp\/v2\/categories?post=563894"},{"taxonomy":"post_tag","embeddable":true,"href":"https:\/\/www.europesays.com\/fr\/wp-json\/wp\/v2\/tags?post=563894"}],"curies":[{"name":"wp","href":"https:\/\/api.w.org\/{rel}","templated":true}]}}