{"id":563896,"date":"2025-11-28T06:34:39","date_gmt":"2025-11-28T06:34:39","guid":{"rendered":"https:\/\/www.europesays.com\/fr\/563896\/"},"modified":"2025-11-28T06:34:39","modified_gmt":"2025-11-28T06:34:39","slug":"pourquoi-les-communistes-veulent-debaptiser-lavenue-jean-medecin-a-nice","status":"publish","type":"post","link":"https:\/\/www.europesays.com\/fr\/563896\/","title":{"rendered":"Pourquoi les communistes veulent d\u00e9baptiser l\u2019avenue Jean-M\u00e9decin\u00a0\u00e0 Nice ?"},"content":{"rendered":"<p class=\"fs-5 \">Sarkozy ou pas Sarkozy ? Le d\u00e9bat sur la d\u00e9nomination du parvis de l\u2019h\u00f4tel des polices de Nice a relanc\u00e9 celui sur les noms de rue. Le PCF06 propose ainsi des alternatives \u00ab pour une toponymie digne des valeurs r\u00e9publicaines \u00bb. <\/p>\n<p>            <img src=\"https:\/\/www.europesays.com\/fr\/wp-content\/uploads\/2025\/11\/1764311679_409_ce63e13_upload-from-url-1-6rqwh0a4fhvl-data-art-16550719.jpg\"   loading=\"lazy\" decoding=\"async\" alt=\"Le parvis du futur h\u00f4tel des polices, toujours en travaux, jeudi 6\u00a0novembre 2025.\" class=\"img-fluid position-absolute w-100 object-fit-cover rounded-2\" width=\"600\" height=\"400\"\/><\/p>\n<p class=\"fs-5 \">Le secr\u00e9taire d\u00e9partemental Julien Picot, \u00e9galement candidat \u00e0 la mairie sur la liste \u00ab Unis pour Nice \u00bb men\u00e9e par l\u2019\u00e9cologiste Juliette Chesnel-Le Roux, justifie : \u00ab La m\u00e9moire d\u2019une ville s\u2019\u00e9crit aussi dans le nom de ses rues. Ils racontent ce que nous choisissons d\u2019honorer : libert\u00e9 ou autoritarisme, justice ou compromission. \u00bb<\/p>\n<p class=\"fs-5 \">Il estime que \u00ab plusieurs choix interrogent profond\u00e9ment. <strong>Comment justifier qu\u2019une ville attach\u00e9e \u00e0 la R\u00e9publique et \u00e0 la libert\u00e9 conserve encore des noms qui rappellent la r\u00e9pression, la collaboration ou la corruption ? <\/strong>\u00bb<\/p>\n<p>                                                                                <strong>\u00ab\u00a0L\u2019all\u00e9e Charles-Pasqua, un homme \u00e9galement condamn\u00e9, pourrait devenir all\u00e9e Malik-Oussekine\u00a0\u00bb<\/strong><\/p>\n<p class=\"fs-5 \">Et de lister quelques exemples : \u00ab L\u2019avenue Thiers, qui rappelle le bourreau des Communards, pourrait devenir avenue Louise-Michel, hommage \u00e0 une femme libre et engag\u00e9e. L\u2019avenue Jean-M\u00e9decin, [personnalit\u00e9] li\u00e9e \u00e0 l\u2019implantation du parti fasciste de Jacques Doriot dans notre d\u00e9partement [1], pourrait \u00eatre rebaptis\u00e9e avenue de la Victoire-contre-le-nazisme. L<strong>a rue Jacques-M\u00e9decin, un homme plusieurs fois condamn\u00e9, pourrait c\u00e9der la place \u00e0 la rue Danielle-Casanova, r\u00e9sistante morte pour la France.<\/strong> Et enfin, l\u2019all\u00e9e Charles-Pasqua, un homme \u00e9galement condamn\u00e9, pourrait devenir all\u00e9e Malik-Oussekine, en m\u00e9moire d\u2019un jeune homme victime des violences polici\u00e8res. Ces propositions ne rel\u00e8vent pas de la pol\u00e9mique, mais d\u2019une exigence de dignit\u00e9 et de fid\u00e9lit\u00e9 aux valeurs r\u00e9publicaines. Elles traduisent une volont\u00e9 claire : que Nice rende hommage \u00e0 celles et ceux qui ont combattu pour la libert\u00e9, la justice sociale et la paix. \u00bb<\/p>\n<p class=\"fs-5 \">Le communiste appelle ainsi le maire Christian Estrosi \u00ab \u00e0 ouvrir un d\u00e9bat public sur la toponymie ni\u00e7oise, afin que chaque nom de rue soit un acte de m\u00e9moire populaire et non un hommage \u00e0 des figures controvers\u00e9es ou condamn\u00e9es \u00bb.<\/p>\n<p class=\"fs-5 \">1. Selon les travaux de l\u2019histoire ni\u00e7ois Ralph Schor, le d\u00e9put\u00e9-maire de Nice, chef de file de la droite mod\u00e9r\u00e9e dans le d\u00e9partement, n\u2019adh\u00e9ra pas \u00e0 ce parti mais facilita son installation, notamment en int\u00e9grant dans ses instances plusieurs de ses proches.<\/p>\n","protected":false},"excerpt":{"rendered":"Sarkozy ou pas Sarkozy ? Le d\u00e9bat sur la d\u00e9nomination du parvis de l\u2019h\u00f4tel des polices de Nice&hellip;\n","protected":false},"author":2,"featured_media":563897,"comment_status":"","ping_status":"","sticky":false,"template":"","format":"standard","meta":{"footnotes":""},"categories":[2819],"tags":[1111,11,1777,674,1011,27,3434,12,2401,882,25],"class_list":{"0":"post-563896","1":"post","2":"type-post","3":"status-publish","4":"format-standard","5":"has-post-thumbnail","7":"category-nice","8":"tag-actu","9":"tag-actualites","10":"tag-eu","11":"tag-europe","12":"tag-fr","13":"tag-france","14":"tag-municipales-2026","15":"tag-news","16":"tag-nice","17":"tag-provence-alpes-cote-dazur","18":"tag-republique-francaise"},"share_on_mastodon":{"url":"https:\/\/pubeurope.com\/@fr\/115625937209333627","error":""},"_links":{"self":[{"href":"https:\/\/www.europesays.com\/fr\/wp-json\/wp\/v2\/posts\/563896","targetHints":{"allow":["GET"]}}],"collection":[{"href":"https:\/\/www.europesays.com\/fr\/wp-json\/wp\/v2\/posts"}],"about":[{"href":"https:\/\/www.europesays.com\/fr\/wp-json\/wp\/v2\/types\/post"}],"author":[{"embeddable":true,"href":"https:\/\/www.europesays.com\/fr\/wp-json\/wp\/v2\/users\/2"}],"replies":[{"embeddable":true,"href":"https:\/\/www.europesays.com\/fr\/wp-json\/wp\/v2\/comments?post=563896"}],"version-history":[{"count":0,"href":"https:\/\/www.europesays.com\/fr\/wp-json\/wp\/v2\/posts\/563896\/revisions"}],"wp:featuredmedia":[{"embeddable":true,"href":"https:\/\/www.europesays.com\/fr\/wp-json\/wp\/v2\/media\/563897"}],"wp:attachment":[{"href":"https:\/\/www.europesays.com\/fr\/wp-json\/wp\/v2\/media?parent=563896"}],"wp:term":[{"taxonomy":"category","embeddable":true,"href":"https:\/\/www.europesays.com\/fr\/wp-json\/wp\/v2\/categories?post=563896"},{"taxonomy":"post_tag","embeddable":true,"href":"https:\/\/www.europesays.com\/fr\/wp-json\/wp\/v2\/tags?post=563896"}],"curies":[{"name":"wp","href":"https:\/\/api.w.org\/{rel}","templated":true}]}}