{"id":563898,"date":"2025-11-28T06:35:11","date_gmt":"2025-11-28T06:35:11","guid":{"rendered":"https:\/\/www.europesays.com\/fr\/563898\/"},"modified":"2025-11-28T06:35:11","modified_gmt":"2025-11-28T06:35:11","slug":"en-perdition-avec-logc-nice-franck-haise-a-propose-a-ses-dirigeants-detre-le-fusible","status":"publish","type":"post","link":"https:\/\/www.europesays.com\/fr\/563898\/","title":{"rendered":"En perdition avec l\u2019OGC Nice, Franck Haise a propos\u00e9 \u00e0 ses dirigeants d\u2019\u00eatre \u00ab\u00a0le fusible\u00a0\u00bb"},"content":{"rendered":"<p>Les instances du football n\u00e9erlandais ont-elles l\u2019\u00e9l\u00e9gance d\u2019envoyer des chocolats au si\u00e8ge de l\u2019<a href=\"https:\/\/www.20minutes.fr\/sport\/ogc_nice\/\" class=\"c-link c-link--is-underlined\" target=\"_blank\" rel=\"noopener\">OGC Nice<\/a> apr\u00e8s chaque semaine europ\u00e9enne\u00a0? \u00c7a serait la moindre des choses tant le Gym est devenu depuis de longs mois le gars s\u00fbr ultime des Pays-Bas, aux trousses de la France pour obtenir le 5e meilleur indice UEFA.<\/p>\n<p>Forts de leurs 17 matchs de rang sans la moindre victoire sur la sc\u00e8ne europ\u00e9enne, apr\u00e8s une <a href=\"https:\/\/www.20minutes.fr\/sport\/football\/ligue_europa\/4188447-20251127-fc-porto-nice-but-encaisse-apres-19-secondes-jeu-17-matchs-victoire-gym-touche-fond-creuse-encore\" class=\"c-link c-link--is-underlined\" target=\"_blank\" rel=\"noopener\">\u00e9ni\u00e8me claque subie jeudi \u00e0 Porto<\/a> (3-0, ouverture du score\u2026 \u00e0 <a href=\"https:\/\/x.com\/CanalplusFoot\/status\/1994101956499947893\" target=\"_blank\" class=\"c-link c-link--is-underlined\">la 18e seconde de jeu<\/a>\u00a0!), la 5e d\u00e9faite apr\u00e8s autant de matchs cette saison en <a href=\"https:\/\/www.20minutes.fr\/sport\/ligue_europa\/\" class=\"c-link c-link--is-underlined\" target=\"_blank\" rel=\"noopener\">Ligue Europa<\/a>, les Aiglons semblent se d\u00e9mener seuls pour emp\u00eacher l\u2019indice tricolore de s\u2019envoler pour de bon (+ 8,744 points sur les <a href=\"https:\/\/www.20minutes.fr\/monde\/pays-bas\/\" class=\"c-link c-link--is-underlined\" target=\"_blank\" rel=\"noopener\">Pays-Bas<\/a>, contre +\u00a07,227 points l\u2019\u00e9t\u00e9 dernier).<\/p>\n<\/p>\n<p>Pas \u00ab\u00a0d\u2019\u00e9lectrochoc\u00a0\u00bb au Gym, pour le moment\u00a0?<\/p>\n<p>L\u2019enjeu est \u00e9videmment de taille\u00a0: au printemps\u00a02026, la 5e place \u00e0 l\u2019indice <a href=\"https:\/\/www.20minutes.fr\/sport\/uefa\/\" class=\"c-link c-link--is-underlined\" target=\"_blank\" rel=\"noopener\">UEFA<\/a> permettrait \u00e0 la Ligue 1 de conserver quatre repr\u00e9sentants en <a href=\"https:\/\/www.20minutes.fr\/sport\/ligue_des_champions\/\" class=\"c-link c-link--is-underlined\" target=\"_blank\" rel=\"noopener\">Ligue des champions<\/a> (trois au premier tour et un en tours pr\u00e9liminaires) ainsi que sept clubs au total en Coupes d\u2019Europe pour 2027-2028.<\/p>\n<p>Actuellement 9e en <a href=\"https:\/\/www.20minutes.fr\/sport\/ligue-1\/\" class=\"c-link c-link--is-underlined\" target=\"_blank\" rel=\"noopener\">Ligue 1<\/a>, \u00e0 6 points du Losc et de la 4e place qu\u2019il avait rafl\u00e9 en mai dernier, le Gym s\u2019\u00e9loigne peu \u00e0 peu de toute ambition europ\u00e9enne. Oscillant cette saison entre abattement et <a href=\"https:\/\/www.20minutes.fr\/sport\/football\/ligue_europa\/4184149-20251107-ogc-nice-fribourg-sentiment-honte-gym-toujours-plus-ridicule-ligue-europa-haise-hausse\" class=\"c-link c-link--is-underlined\" target=\"_blank\" rel=\"noopener\">sortie m\u00e9diatique ultra-tranchante<\/a> (apr\u00e8s la claque 1-3 contre Fribourg le 6\u00a0novembre), Franck Haise semble \u00eatre perdu sur le banc ni\u00e7ois, malgr\u00e9 sa prolongation de contrat sign\u00e9e en septembre.<\/p>\n<p>L\u2019ancien entra\u00eeneur lensois a d\u2019ailleurs abord\u00e9 avec transparence son cas personnel, jeudi \u00e0 <a href=\"https:\/\/www.20minutes.fr\/sport\/porto\/\" class=\"c-link c-link--is-underlined\" target=\"_blank\" rel=\"noopener\">Porto<\/a>. \u00ab\u00a0Il y a des moments difficiles et je me remets en cause, a-t-il d\u2019abord gliss\u00e9. Mes dirigeants le savent, puisque je leur ai propos\u00e9 d\u2019\u00eatre l\u2019\u00e9lectrochoc il y a quelques jours apr\u00e8s <a href=\"https:\/\/www.20minutes.fr\/sport\/football\/ligue-1\/4186799-20251121-direct-nice-om-marseillais-veulent-mettre-pression-psg-tete-suivez-match-20h30\" class=\"c-link c-link--is-underlined\" target=\"_blank\" rel=\"noopener\">le match contre l\u2019OM<\/a> (1-5 en Ligue 1). Je me suis dit que si \u00e7a devait \u00eatre la solution [son limogeage], j\u2019\u00e9tais pr\u00eat \u00e0 l\u2019accepter.\u00a0\u00bb<\/p>\n<p class=\"mb-m@xs text-l@xs\">En cliquant sur\u00ab J\u2019accepte \u00bb, vous acceptez le d\u00e9p\u00f4t de cookies par des services externes et aurez ainsi acc\u00e8s aux contenus de nos partenaires.<\/p>\n<p class=\"mb-xl@xs text-s@xs\">Plus d\u2019informations sur la page<a href=\"https:\/\/www.20minutes.fr\/gestion-cookies\" class=\"mx-xxs@xs color-ultramarine\" target=\"_blank\" rel=\"noopener\">Politique de gestion des cookies<\/a><\/p>\n<p>J\u2019accepteFranck Haise refuse de d\u00e9missionner<\/p>\n<p>Mais le pr\u00e9sident ni\u00e7ois Fabrice Bocquet n\u2019a pas (encore) d\u00e9cid\u00e9 d\u2019appuyer sur le bouton pour \u00e9jecter Franck Haise de ce marasme. \u00ab\u00a0Ce n\u2019est semble-t-il, \u00e0 date, pas la solution, indique ainsi le coach de 54 ans. Donc moi, je me bats, avec nos armes, les miennes, et il en manque certainement. Et puis si un jour, comme tout entra\u00eeneur, je dois \u00eatre le fusible, je le serai, si c\u2019est pour le bien du club\u2026\u00a0\u00bb<\/p>\n<p>Et ce tout en excluant l\u2019option d\u2019une d\u00e9mission\u00a0: \u00ab\u00a0Non, je n\u2019ai pas propos\u00e9 de d\u00e9missionner, je ne d\u00e9missionnerai jamais. \u00c7a voudrait dire que je jette l\u2019\u00e9ponge et que je laisse mes joueurs. A moi d\u2019assumer mes responsabilit\u00e9s\u00a0\u00bb.<\/p>\n<p><a href=\"https:\/\/www.20minutes.fr\/sport\/ogc_nice\/\" class=\"c-link c-btn c-btn--primary\" target=\"_blank\" rel=\"noopener\">Notre dossier sur l&rsquo;OGC Nice<\/a><\/p>\n<p>Et donc de tenter de redresser un Gym en perdition en championnat (s\u00e9rie en cours l\u00e0 aussi avec trois revers de rang), au-del\u00e0 de l\u2019objectif Top 24 en Ligue Europa \u00ab\u00a0d\u00e9sormais termin\u00e9\u00a0\u00bb (dixit Franck Haise). On peut l\u00e9gitimement se demander si bien figurer dans cette C3 a \u00e9t\u00e9 un jour au programme du club, entre la 35e place en 2024-2025 et l\u2019actuelle cuill\u00e8re de bois en 2025-2026, \u00e0 trois matchs de la fin.<\/p>\n","protected":false},"excerpt":{"rendered":"Les instances du football n\u00e9erlandais ont-elles l\u2019\u00e9l\u00e9gance d\u2019envoyer des chocolats au si\u00e8ge de l\u2019OGC Nice apr\u00e8s chaque semaine&hellip;\n","protected":false},"author":2,"featured_media":563899,"comment_status":"","ping_status":"","sticky":false,"template":"","format":"standard","meta":{"footnotes":""},"categories":[2819],"tags":[1111,11,2898,1777,674,10552,63,1011,27,66,5843,12,2401,2268,883,934,882,25,517,455],"class_list":{"0":"post-563898","1":"post","2":"type-post","3":"status-publish","4":"format-standard","5":"has-post-thumbnail","7":"category-nice","8":"tag-actu","9":"tag-actualites","10":"tag-alpes-maritimes","11":"tag-eu","12":"tag-europe","13":"tag-fc-porto","14":"tag-football","15":"tag-fr","16":"tag-france","17":"tag-ligue-1","18":"tag-ligue-europa","19":"tag-news","20":"tag-nice","21":"tag-ogc-nice","22":"tag-paca","23":"tag-pays-bas","24":"tag-provence-alpes-cote-dazur","25":"tag-republique-francaise","26":"tag-sport","27":"tag-uefa"},"share_on_mastodon":{"url":"https:\/\/pubeurope.com\/@fr\/115625939712253172","error":""},"_links":{"self":[{"href":"https:\/\/www.europesays.com\/fr\/wp-json\/wp\/v2\/posts\/563898","targetHints":{"allow":["GET"]}}],"collection":[{"href":"https:\/\/www.europesays.com\/fr\/wp-json\/wp\/v2\/posts"}],"about":[{"href":"https:\/\/www.europesays.com\/fr\/wp-json\/wp\/v2\/types\/post"}],"author":[{"embeddable":true,"href":"https:\/\/www.europesays.com\/fr\/wp-json\/wp\/v2\/users\/2"}],"replies":[{"embeddable":true,"href":"https:\/\/www.europesays.com\/fr\/wp-json\/wp\/v2\/comments?post=563898"}],"version-history":[{"count":0,"href":"https:\/\/www.europesays.com\/fr\/wp-json\/wp\/v2\/posts\/563898\/revisions"}],"wp:featuredmedia":[{"embeddable":true,"href":"https:\/\/www.europesays.com\/fr\/wp-json\/wp\/v2\/media\/563899"}],"wp:attachment":[{"href":"https:\/\/www.europesays.com\/fr\/wp-json\/wp\/v2\/media?parent=563898"}],"wp:term":[{"taxonomy":"category","embeddable":true,"href":"https:\/\/www.europesays.com\/fr\/wp-json\/wp\/v2\/categories?post=563898"},{"taxonomy":"post_tag","embeddable":true,"href":"https:\/\/www.europesays.com\/fr\/wp-json\/wp\/v2\/tags?post=563898"}],"curies":[{"name":"wp","href":"https:\/\/api.w.org\/{rel}","templated":true}]}}