{"id":5639,"date":"2025-04-06T15:47:11","date_gmt":"2025-04-06T15:47:11","guid":{"rendered":"https:\/\/www.europesays.com\/fr\/5639\/"},"modified":"2025-04-06T15:47:11","modified_gmt":"2025-04-06T15:47:11","slug":"droits-de-douane-elon-musk-propose-la-creation-dune-zone-de-libre-echange-entre-leurope-et-lamerique-du-nord","status":"publish","type":"post","link":"https:\/\/www.europesays.com\/fr\/5639\/","title":{"rendered":"Droits de douane\u00a0: Elon Musk propose la cr\u00e9ation d\u2019une \u00ab\u00a0zone de libre-\u00e9change\u00a0\u00bb entre l\u2019Europe et l\u2019Am\u00e9rique du Nord"},"content":{"rendered":"<p class=\"paragraph text_align_left\">Alors que le monde occidental se rapproche <a href=\"https:\/\/www.leparisien.fr\/international\/etats-unis\/cela-ne-sera-pas-facile-en-pleine-guerre-commerciale-donald-trump-appelle-les-americains-a-tenir-bon-05-04-2025-VZN6MKSXHBDD5I6OQVOC5OW3B4.php\" target=\"_blank\" rel=\"nofollow noopener\">d\u2019une guerre commerciale<\/a> depuis la mise en place de <a href=\"https:\/\/www.leparisien.fr\/economie\/donald-trump-impose-20-de-taxes-a-leurope-des-droits-de-douane-reciproques-02-04-2025-FZUSFFC44RAY5GL2Y54SAQROLQ.php\" target=\"_blank\" rel=\"nofollow noopener\">\u00ab droits de douane r\u00e9ciproques \u00bb<\/a> par les \u00c9tats-Unis mercredi dernier, <a href=\"https:\/\/www.leparisien.fr\/international\/elon-musk\/\" target=\"_blank\" rel=\"nofollow noopener\">Elon Musk<\/a> prend la parole. Le multimilliardaire, membre de l\u2019administration de Donald Trump, a d\u00e9clar\u00e9 samedi esp\u00e9rer l\u2019apparition d\u2019une \u00ab zone de libre-\u00e9change \u00bb entre l\u2019Europe et l\u2019Am\u00e9rique du Nord, avec des \u00ab droits de douane nuls \u00bb, lors du Congr\u00e8s de la Ligue italienne anti-migrants \u00e0 Florence.<\/p>\n<p class=\"paragraph text_align_left\">\u00ab J\u2019esp\u00e8re que les \u00c9tats-Unis et l\u2019Europe pourront \u00e9tablir un partenariat tr\u00e8s \u00e9troit \u00bb, a \u00e9galement d\u00e9clar\u00e9 le magnat am\u00e9ricain, r\u00e9pondant \u00e0 <a href=\"https:\/\/www.leparisien.fr\/politique\/guerre-en-ukraine-matteo-salvini-numero-2-du-gouvernement-italien-qualifie-emmanuel-macron-de-fou-07-03-2025-RMD6NB64ZVCP7KSQBRKCHGLT5A.php\" target=\"_blank\" rel=\"nofollow noopener\">Matteo Salvini<\/a>, l\u2019un de ses admirateurs inconditionnels, dirigeant du parti d\u2019extr\u00eame droite La Ligue et vice-chef du gouvernement italien ultraconservateur.<\/p>\n<p>Une id\u00e9e d\u00e9j\u00e0 soumise au pr\u00e9sident Trump<\/p>\n<p class=\"paragraph text_align_left\">Ces d\u00e9clarations interviennent trois jours apr\u00e8s la signature, par le pr\u00e9sident am\u00e9ricain Donald Trump, d\u2019un <a href=\"https:\/\/www.leparisien.fr\/economie\/secteurs-vises-date-dapplication-consequences-tout-ce-quil-faut-savoir-sur-les-droits-de-douane-imposes-par-trump-03-04-2025-7JBXHXPUFBEUXCMPAOE7XDX2U4.php\" target=\"_blank\" rel=\"nofollow noopener\">d\u00e9cret pr\u00e9voyant notamment 20 % de taxes additionnelles<\/a> sur les marchandises arrivant aux \u00c9tats-Unis en provenance de l\u2019Union europ\u00e9enne (UE). Se disant favorable \u00e0 \u00ab davantage de libert\u00e9 de mouvement entre l\u2019Europe et l\u2019Am\u00e9rique du Nord \u00bb, l\u2019entrepreneur sud-africain a ajout\u00e9 : \u00ab Que l\u2019on souhaite travailler en Europe ou aux \u00c9tats-Unis, on devrait pouvoir le faire, \u00e0 mon avis \u00bb, pr\u00e9cisant avoir \u00ab conseill\u00e9 le pr\u00e9sident Trump en ce sens \u00bb.<\/p>\n<p class=\"paragraph text_align_left\">Pr\u00e9sent au sein de la garde rapproch\u00e9e du chef de l\u2019\u00c9tat am\u00e9ricain depuis la campagne \u00e9lectorale de 2024, Elon Musk occupe le poste de haut conseiller du pr\u00e9sident \u00e0 la Maison Blanche. <a href=\"https:\/\/www.leparisien.fr\/international\/etats-unis\/imprevisible-et-ingerable-elon-musk-pourrait-deja-quitter-la-maison-blanche-02-04-2025-EHAB4US4KJEKRHQSKBHW2XMY6I.php\" target=\"_blank\" rel=\"nofollow noopener\">Un r\u00f4le qu\u2019il pourrait bient\u00f4t abandonner<\/a>, selon les derni\u00e8res informations des m\u00e9dias am\u00e9ricains. En effet, plusieurs membres du cabinet de Donald Trump auraient re\u00e7u l\u2019information du dirigeant que Musk serait invit\u00e9 \u00e0 quitter son poste dans les prochaines semaines. En cause : son impr\u00e9visibilit\u00e9 et son impopularit\u00e9 grandissante, qui en ferait un handicap politique pour l\u2019administration en place. Le milliardaire sud-africain a toutefois d\u00e9nonc\u00e9 \u00ab une fake news \u00bb.<\/p>\n<p class=\"paragraph text_align_left\">Lors de son intervention d\u2019une quinzaine de minutes diffus\u00e9e sur \u00e9cran g\u00e9ant, le patron de Tesla, <a href=\"https:\/\/www.leparisien.fr\/economie\/elon-musk-affecte-limage-de-la-marque-les-ventes-de-tesla-continuent-de-seffondrer-en-europe-au-premier-trimestre-02-04-2025-O2VORUEINFEIJO3LKERLPXFAKU.php\" target=\"_blank\" rel=\"nofollow noopener\">dont les ventes sont en chute libre<\/a> depuis son entr\u00e9e \u00e0 la Maison Blanche, proche de la Premi\u00e8re ministre italienne Giorgia Meloni, a de nouveau fustig\u00e9 \u00ab l\u2019immigration de masse \u00bb qui \u00ab m\u00e8nera \u00e0 la destruction \u00bb des pays y consentant.<\/p>\n","protected":false},"excerpt":{"rendered":"Alors que le monde occidental se rapproche d\u2019une guerre commerciale depuis la mise en place de \u00ab droits&hellip;\n","protected":false},"author":2,"featured_media":5640,"comment_status":"","ping_status":"","sticky":false,"template":"","format":"standard","meta":{"footnotes":""},"categories":[2],"tags":[11,1011,27,14,12,2955],"class_list":{"0":"post-5639","1":"post","2":"type-post","3":"status-publish","4":"format-standard","5":"has-post-thumbnail","7":"category-actualites","8":"tag-actualites","9":"tag-fr","10":"tag-france","11":"tag-international","12":"tag-news","13":"tag-videos"},"share_on_mastodon":{"url":"https:\/\/pubeurope.com\/@fr\/114291805045646694","error":""},"_links":{"self":[{"href":"https:\/\/www.europesays.com\/fr\/wp-json\/wp\/v2\/posts\/5639","targetHints":{"allow":["GET"]}}],"collection":[{"href":"https:\/\/www.europesays.com\/fr\/wp-json\/wp\/v2\/posts"}],"about":[{"href":"https:\/\/www.europesays.com\/fr\/wp-json\/wp\/v2\/types\/post"}],"author":[{"embeddable":true,"href":"https:\/\/www.europesays.com\/fr\/wp-json\/wp\/v2\/users\/2"}],"replies":[{"embeddable":true,"href":"https:\/\/www.europesays.com\/fr\/wp-json\/wp\/v2\/comments?post=5639"}],"version-history":[{"count":0,"href":"https:\/\/www.europesays.com\/fr\/wp-json\/wp\/v2\/posts\/5639\/revisions"}],"wp:featuredmedia":[{"embeddable":true,"href":"https:\/\/www.europesays.com\/fr\/wp-json\/wp\/v2\/media\/5640"}],"wp:attachment":[{"href":"https:\/\/www.europesays.com\/fr\/wp-json\/wp\/v2\/media?parent=5639"}],"wp:term":[{"taxonomy":"category","embeddable":true,"href":"https:\/\/www.europesays.com\/fr\/wp-json\/wp\/v2\/categories?post=5639"},{"taxonomy":"post_tag","embeddable":true,"href":"https:\/\/www.europesays.com\/fr\/wp-json\/wp\/v2\/tags?post=5639"}],"curies":[{"name":"wp","href":"https:\/\/api.w.org\/{rel}","templated":true}]}}