{"id":563902,"date":"2025-11-28T06:37:23","date_gmt":"2025-11-28T06:37:23","guid":{"rendered":"https:\/\/www.europesays.com\/fr\/563902\/"},"modified":"2025-11-28T06:37:23","modified_gmt":"2025-11-28T06:37:23","slug":"nantes-un-nouveau-conservatoire-va-voir-le-jour","status":"publish","type":"post","link":"https:\/\/www.europesays.com\/fr\/563902\/","title":{"rendered":"Nantes : un nouveau Conservatoire va voir le jour"},"content":{"rendered":"<p>                    Par<br \/>\n        <strong><br \/>\n            <a href=\"https:\/\/actu.fr\/auteur\/thomas-bernard\" title=\"Consulter tous les articles de Thomas Bernard\" target=\"_blank\" rel=\"noopener\">Thomas Bernard<\/a><br \/>\n                    <\/strong><\/p>\n<p>        Publi\u00e9 le<\/p>\n<p>            28 nov. 2025 \u00e0 6h36        <\/p>\n<p>D\u2019ici 2031, la majorit\u00e9 municipale souhaite installer <b>un nouveau p\u00f4le d\u2019\u00e9quipements de service publics \u00e0 Nantes Nord<\/b>, au Ch\u00eane des Anglais, r\u00e9parti sur 4 500 m\u00b2. Parmi ces \u00e9quipements, un nouveau Conservatoire s\u2019installera dans le quartier. L\u2019enveloppe financi\u00e8re de l\u2019op\u00e9ration globale (p\u00f4le d\u2019\u00e9quipements) est estim\u00e9e \u00e0 <b>30 millions d\u2019euros TTC<\/b>.\u00a0La d\u00e9lib\u00e9ration sera soumise aux \u00e9lus lors du Conseil municipal du vendredi 5\u00a0d\u00e9cembre 2025.<\/p>\n<p>Entre 600 \u00e0 800\u00a0\u00e9l\u00e8ves accueillis<\/p>\n<p class=\" wall-content\">Le futur Conservatoire ne sera pas une antenne de celui de l\u2019\u00eele de Nantes. L\u2019\u00e9quipement install\u00e9 dans les quartiers nord s\u2019\u00e9tendra sur 2\u2009000 m\u00b2 comprenant <b>douze salles de musique<\/b>, <b>deux salles de th\u00e9\u00e2tre <\/b>(dont une pouvant accueillir du public), trois studios, un studio de cr\u00e9ation multim\u00e9dia, un p\u00f4le petite-enfance d\u00e9di\u00e9 \u00e0 l\u2019\u00e9veil, ainsi qu\u2019une salle de spectacle de 200 places assises et 400 debout ouvertes aux acteurs du territoire.<\/p>\n<p class=\" wall-content\">\u00ab\u2009La pratique artistique est un lieu d\u2019\u00e9change o\u00f9 les diff\u00e9rences s\u2019\u00e9teignent pour \u00eatre ensemble dans un espace de partage\u2009\u00bb, explique Mathieu Gauffre, directeur du Conservatoire de Nantes.<\/p>\n<p class=\" wall-content\">Le Conservatoire pourra accueillir entre <b>600 et 800\u00a0\u00e9l\u00e8ves<\/b>. \u00ab\u2009C\u2019est un projet \u00e9ducatif, artistique et social\u2009\u00bb, sourit le directeur du Conservatoire.<\/p>\n<p class=\" wall-content\">Personnalisez votre actualit\u00e9 en ajoutant vos villes et m\u00e9dias en favori avec <a href=\"https:\/\/moncompte.actu.fr\" title=\"D\u00e9couvez Mon Actu\" rel=\"nofollow noopener\" data-trk=\"{&quot;cta&quot;:{&quot;action&quot;:&quot;https:\\\/\\\/moncompte.actu.fr&quot;,&quot;category&quot;:&quot;mon compte&quot;,&quot;from&quot;:&quot;article footer&quot;,&quot;name&quot;:&quot;Mon actu&quot;,&quot;type&quot;:&quot;cta&quot;}}\" target=\"_blank\">Mon Actu<\/a>.<\/p>\n","protected":false},"excerpt":{"rendered":"Par Thomas Bernard Publi\u00e9 le 28 nov. 2025 \u00e0 6h36 D\u2019ici 2031, la majorit\u00e9 municipale souhaite installer un&hellip;\n","protected":false},"author":2,"featured_media":563903,"comment_status":"","ping_status":"","sticky":false,"template":"","format":"standard","meta":{"footnotes":""},"categories":[2818],"tags":[1111,11,1777,674,1011,27,873,766,12,2636,5765,25,104,2086],"class_list":{"0":"post-563902","1":"post","2":"type-post","3":"status-publish","4":"format-standard","5":"has-post-thumbnail","7":"category-nantes","8":"tag-actu","9":"tag-actualites","10":"tag-eu","11":"tag-europe","12":"tag-fr","13":"tag-france","14":"tag-musique","15":"tag-nantes","16":"tag-news","17":"tag-pays-de-la-loire","18":"tag-renovation-urbaine","19":"tag-republique-francaise","20":"tag-societe","21":"tag-travaux"},"share_on_mastodon":{"url":"https:\/\/pubeurope.com\/@fr\/115625947811701286","error":""},"_links":{"self":[{"href":"https:\/\/www.europesays.com\/fr\/wp-json\/wp\/v2\/posts\/563902","targetHints":{"allow":["GET"]}}],"collection":[{"href":"https:\/\/www.europesays.com\/fr\/wp-json\/wp\/v2\/posts"}],"about":[{"href":"https:\/\/www.europesays.com\/fr\/wp-json\/wp\/v2\/types\/post"}],"author":[{"embeddable":true,"href":"https:\/\/www.europesays.com\/fr\/wp-json\/wp\/v2\/users\/2"}],"replies":[{"embeddable":true,"href":"https:\/\/www.europesays.com\/fr\/wp-json\/wp\/v2\/comments?post=563902"}],"version-history":[{"count":0,"href":"https:\/\/www.europesays.com\/fr\/wp-json\/wp\/v2\/posts\/563902\/revisions"}],"wp:featuredmedia":[{"embeddable":true,"href":"https:\/\/www.europesays.com\/fr\/wp-json\/wp\/v2\/media\/563903"}],"wp:attachment":[{"href":"https:\/\/www.europesays.com\/fr\/wp-json\/wp\/v2\/media?parent=563902"}],"wp:term":[{"taxonomy":"category","embeddable":true,"href":"https:\/\/www.europesays.com\/fr\/wp-json\/wp\/v2\/categories?post=563902"},{"taxonomy":"post_tag","embeddable":true,"href":"https:\/\/www.europesays.com\/fr\/wp-json\/wp\/v2\/tags?post=563902"}],"curies":[{"name":"wp","href":"https:\/\/api.w.org\/{rel}","templated":true}]}}