{"id":563904,"date":"2025-11-28T06:38:17","date_gmt":"2025-11-28T06:38:17","guid":{"rendered":"https:\/\/www.europesays.com\/fr\/563904\/"},"modified":"2025-11-28T06:38:17","modified_gmt":"2025-11-28T06:38:17","slug":"apres-un-an-a-ginko-ikos-se-projette-vers-son-village-du-reemploi-solidaire-a-bordeaux","status":"publish","type":"post","link":"https:\/\/www.europesays.com\/fr\/563904\/","title":{"rendered":"Apr\u00e8s un an \u00e0 Ginko, \u00cfkos se projette vers son Village du r\u00e9emploi solidaire \u00e0 Bordeaux"},"content":{"rendered":"<p class=\"wp-block-post-excerpt__excerpt\">Le collectif \u00cfkos souffle la premi\u00e8re bougie de sa boutique dans le quartier Ginko avec une journ\u00e9e solidaire et festive, ce samedi e 29 novembre. Ce commerce qui d\u00e9fend le r\u00e9emploi tout en cr\u00e9ant des emplois d\u2019insertion, a vu ses ventes baisser de moiti\u00e9, entre son d\u00e9part de la rue Sainte-Catherine et la concurrence des plateformes. Mais il reste optimiste, dans l\u2019attente de son Village du r\u00e9emploi attendu pour avril 2027. <\/p>\n<p><a href=\"https:\/\/rue89bordeaux.com\/category\/kiosque-abonne\/\" rel=\"tag noopener\" target=\"_blank\">\u00c9dition abonn\u00e9s<\/a>, <a href=\"https:\/\/rue89bordeaux.com\/category\/solutions\/\" rel=\"tag noopener\" target=\"_blank\">Solutions<\/a><\/p>\n<p>Morgane Bourgeois<\/p>\n<p>Publi\u00e9 le 28 novembre 2025\u00a0\u00a0\u00b7\u00a0\u00a0<\/p>\n<p>Imprim\u00e9 le 28 novembre 2025 \u00e0 07h38\u00a0\u00a0\u00b7\u00a0\u00a0<\/p>\n<p>\t\t\t\t\t4\u00a0minutes\n<\/p>\n<p>Pour <a href=\"https:\/\/rue89bordeaux.com\/2024\/04\/bordeaux-ikos-village-reemploi-ouverture\/\" target=\"_blank\" rel=\"noopener\">cette premi\u00e8re ann\u00e9e \u00e0 Bordeaux Nord, \u00cfkos <\/a>veut marquer le coup. Le collectif organise une journ\u00e9e \u00e0 la fois festive et solidaire, le samedi 29 novembre, dans sa boutique \u00e0 Ginko. Ateliers cr\u00e9atifs, concours du pull de No\u00ebl le plus moche, smoothie-v\u00e9lo, cr\u00eapes maison, maquillage, concert\u2026 une programmation riche, qui refl\u00e8te bien l\u2019esprit du lieu. La totalit\u00e9 du <a href=\"https:\/\/ikos-bordeaux.fr\/2025\/11\/13\/la-boutique-fete-ses-1-an-a-ginko\/\" target=\"_blank\" rel=\"noopener\">programme d\u00e9taill\u00e9 <\/a>est disponible sur son site internet.<\/p>\n<blockquote class=\"wp-block-quote is-layout-flow wp-block-quote-is-layout-flow\">\n<p>\u00ab\u00a0On veut que ce soit plus qu\u2019un anniversaire : un moment o\u00f9 les gens comprennent vraiment qui est \u00cfkos, ce qu\u2019on fait, et comment ils peuvent nous soutenir\u00a0\u00bb, explique Lison Mani\u00e8re, charg\u00e9e de communication du collectif.<\/p>\n<\/blockquote>\n<p>L\u2019\u00e9v\u00e9nement sera l\u2019occasion de promouvoir un No\u00ebl responsable, afin d\u2019inciter les habitants \u00e0 choisir la seconde main solidaire. <\/p>\n<p>\t\tUn bilan mitig\u00e9<\/p>\n<p>Un an apr\u00e8s avoir quitt\u00e9 la Promenade Sainte-Catherine pour s\u2019installer au c\u0153ur du quartier Ginko, la boutique d\u2019\u00cfkos signe une premi\u00e8re ann\u00e9e \u00ab\u00a0plut\u00f4t positive, m\u00eame sans les attendus esp\u00e9r\u00e9s\u00a0\u00bb. L\u2019ann\u00e9e pass\u00e9e, la boutique a enregistr\u00e9 pr\u00e8s de 16 000 ventes, soit la moiti\u00e9 de ce qu\u2019elle r\u00e9alisait en centre ville. Un recul significatif mais anticip\u00e9 :<\/p>\n<blockquote class=\"wp-block-quote is-layout-flow wp-block-quote-is-layout-flow\">\n<p>\u00ab\u00a0C\u2019\u00e9tait un pari audacieux. \u00c9videmment, on savait qu\u2019on ne pourrait pas faire mieux qu\u2019\u00e0 Sainte-Catherine, o\u00f9 le flux \u00e9tait naturel. Ici, c\u2019est \u00e0 nous d\u2019attirer les clients\u00a0\u00bb, clarifie Lison Mani\u00e8re.<\/p>\n<\/blockquote>\n<p>Pour autant, cette baisse n\u2019a pas impact\u00e9 le collectif qui estime que les revenus \u00e9taient \u00ab\u00a0toujours viables\u00a0\u00bb. Si le changement d\u2019emplacement a logiquement fait baisser la fr\u00e9quentation, il r\u00e9pondait \u00e0 un objectif strat\u00e9gique clair :<\/p>\n<blockquote class=\"wp-block-quote is-layout-flow wp-block-quote-is-layout-flow\">\n<p>\u00ab\u00a0L\u2019implantation \u00e0 Bordeaux Nord n\u2019est pas anodine. On voulait aller vers des publics qui ont des moyens plus faibles, qui b\u00e9n\u00e9ficieront vraiment de nos prix bas.\u00a0\u00bb<\/p>\n<\/blockquote>\n<p>Lisez la suite pour 1\u20ac<\/p>\n<p>En profitant de notre offre d\u2019essai, r\u00e9siliable en ligne \u00e0 tout moment.<\/p>\n<p><strong>Pour acc\u00e9der \u00e0 cet article, il faut \u00eatre abonn\u00e9. Pourquoi\u00a0?<\/strong><\/p>\n<p>Les informations exclusives, les enqu\u00eates et certains reportages constituent l\u2019\u00e9dition abonn\u00e9s de Rue89 Bordeaux. En tant que m\u00e9dia ind\u00e9pendant, nos ressources proviennent de nos lectrices et lecteurs abonn\u00e9s, aucun milliardaire ni groupe bancaire ne nous finance.<\/p>\n<p>Nous demandons \u00e0 nos lecteurs une faible contribution pour disposer \u00e0 Bordeaux d\u2019un m\u00e9dia critique des pouvoirs, capable d\u2019enqu\u00eater et de traiter les enjeux locaux en profondeur et dans la dur\u00e9e.<\/p>\n<p>Chaque abonnement compte. Toutes nos recettes sont investies dans un journalisme local ind\u00e9pendant, dont la force et la r\u00e9activit\u00e9 d\u00e9pend directement du nombre d\u2019abonn\u00e9s actifs.<\/p>\n<p class=\"has-text-align-right\"><strong><a href=\"https:\/\/rue89bordeaux.com\/?p=128375\" data-type=\"page\" data-id=\"0\" target=\"_blank\" rel=\"noopener\">Je m\u2019abonne\u00a0 <\/a><\/strong><\/p>\n<p>\t\t\t<a href=\"https:\/\/rue89bordeaux.com\/\" class=\"custom-logo-link\" rel=\"home noopener\" target=\"_blank\"><img loading=\"lazy\" decoding=\"async\" width=\"290\" height=\"49\" src=\"https:\/\/www.europesays.com\/fr\/wp-content\/uploads\/2025\/04\/logo.png\" class=\"custom-logo\" alt=\"Rue89Bordeaux Enqu\u00eates et informations de proximit\u00e9\"  \/><\/a><\/p>\n<p>\n\t\t\t\tAbonnez-vous maintenant pour suivre l\u2019actualit\u00e9 locale.\t\t\t<\/p>\n<p class=\"font-bold font-serif-heading mb-2 text-4xl\">\n\t\t\t\t\t\tL\u2019investigation locale \u00e0 port\u00e9e de main.\n\t\t\t\t\t<\/p>\n<p>\n\t\t\t\t\t\tAbonnez-vous et profitez d\u2019un acc\u00e8s illimit\u00e9 \u00e0 Rue89Bordeaux. Annulez quand vous voulez.\n\t\t\t\t\t<\/p>\n<p class=\"xl:text-sm\">\n\t\t\t\t\tD\u00e9j\u00e0 abonn\u00e9\u00a0?<br \/>\n\t\t\t\t\t<a class=\"border border-transparent text-center transition-colors duration-instant focus:border-info focus:rounded focus:shadow-focus cursor-pointer text-black hover:text-gray-700 active:bg-black-700 font-semibold inline-block\" href=\"https:\/\/rue89bordeaux.com\/user\/login\/?redirect=\/2025\/11\/apres-un-an-a-ginko-ikos-se-projette-vers-son-village-du-reemploi-solidaire-a-bordeaux\/\" target=\"_blank\" rel=\"noopener\">Connectez-vous<\/a>\t\t\t\t<\/p>\n<p>\n\t\t\t\tChoisissez votre formule\u00a0:\n\t\t\t<\/p>\n<p>\t\t\t\tFermer<\/p>\n","protected":false},"excerpt":{"rendered":"Le collectif \u00cfkos souffle la premi\u00e8re bougie de sa boutique dans le quartier Ginko avec une journ\u00e9e solidaire&hellip;\n","protected":false},"author":2,"featured_media":563905,"comment_status":"","ping_status":"","sticky":false,"template":"","format":"standard","meta":{"footnotes":""},"categories":[2817],"tags":[1111,11,1997,7227,1777,674,1011,27,27729,67985,12,2219,12391,25],"class_list":{"0":"post-563904","1":"post","2":"type-post","3":"status-publish","4":"format-standard","5":"has-post-thumbnail","7":"category-bordeaux","8":"tag-actu","9":"tag-actualites","10":"tag-bordeaux","11":"tag-commerces","12":"tag-eu","13":"tag-europe","14":"tag-fr","15":"tag-france","16":"tag-ginko","17":"tag-ikos","18":"tag-news","19":"tag-nouvelle-aquitaine","20":"tag-reemploi","21":"tag-republique-francaise"},"share_on_mastodon":{"url":"https:\/\/pubeurope.com\/@fr\/115625952409385529","error":""},"_links":{"self":[{"href":"https:\/\/www.europesays.com\/fr\/wp-json\/wp\/v2\/posts\/563904","targetHints":{"allow":["GET"]}}],"collection":[{"href":"https:\/\/www.europesays.com\/fr\/wp-json\/wp\/v2\/posts"}],"about":[{"href":"https:\/\/www.europesays.com\/fr\/wp-json\/wp\/v2\/types\/post"}],"author":[{"embeddable":true,"href":"https:\/\/www.europesays.com\/fr\/wp-json\/wp\/v2\/users\/2"}],"replies":[{"embeddable":true,"href":"https:\/\/www.europesays.com\/fr\/wp-json\/wp\/v2\/comments?post=563904"}],"version-history":[{"count":0,"href":"https:\/\/www.europesays.com\/fr\/wp-json\/wp\/v2\/posts\/563904\/revisions"}],"wp:featuredmedia":[{"embeddable":true,"href":"https:\/\/www.europesays.com\/fr\/wp-json\/wp\/v2\/media\/563905"}],"wp:attachment":[{"href":"https:\/\/www.europesays.com\/fr\/wp-json\/wp\/v2\/media?parent=563904"}],"wp:term":[{"taxonomy":"category","embeddable":true,"href":"https:\/\/www.europesays.com\/fr\/wp-json\/wp\/v2\/categories?post=563904"},{"taxonomy":"post_tag","embeddable":true,"href":"https:\/\/www.europesays.com\/fr\/wp-json\/wp\/v2\/tags?post=563904"}],"curies":[{"name":"wp","href":"https:\/\/api.w.org\/{rel}","templated":true}]}}