{"id":563906,"date":"2025-11-28T06:39:23","date_gmt":"2025-11-28T06:39:23","guid":{"rendered":"https:\/\/www.europesays.com\/fr\/563906\/"},"modified":"2025-11-28T06:39:23","modified_gmt":"2025-11-28T06:39:23","slug":"a-bordeaux-la-bibliotheque-la-bastide-fait-peau-neuve-avec-de-lancien","status":"publish","type":"post","link":"https:\/\/www.europesays.com\/fr\/563906\/","title":{"rendered":"\u00c0 Bordeaux, la biblioth\u00e8que La Bastide fait peau neuve avec de l\u2019ancien"},"content":{"rendered":"<p>Les 2\u00a0500\u00a0inscrits \u00e0 la biblioth\u00e8que de quartier (10\u00a0000\u00a0pr\u00eats par mois, 350\u00a0passages par jour), l\u2019une des neuf de la Ville de Bordeaux, disposeront de deux pi\u00e8ces\u00a0: l\u2019une baign\u00e9e de lumi\u00e8re renfermant la majorit\u00e9 du fonds (comptant autour de 20\u00a0000\u00a0documents), une autre r\u00e9serv\u00e9e \u00e0 la jeunesse tr\u00e8s spacieuse. C\u2019est l\u2019une des sp\u00e9cificit\u00e9s de ce nouveau lieu. \u00ab\u00a0Nous avons beaucoup d\u2019enfants dans le quartier, nous avons donc souhait\u00e9 un espace d\u00e9di\u00e9 aux familles plus grand pour qu\u2019elles soient plus \u00e0 l\u2019aise\u00a0\u00bb, explique Christophe Pena, le directeur. Les usagers auront \u00e9galement acc\u00e8s \u00e0 davantage de services (musique ou films pouvant \u00eatre \u00e9cout\u00e9s ou visionn\u00e9s sur place) et surtout, \u00e0 une cour int\u00e9rieure, \u00ab\u00a0pour boire un caf\u00e9 ou lire aux beaux jours\u00a0\u00bb.<\/p>\n<p>        <img decoding=\"async\" id=\"26882577\" src=\"https:\/\/www.europesays.com\/fr\/wp-content\/uploads\/2025\/11\/img-20251127-162709-1.jpg\" alt=\"Les usagers de la nouvelle biblioth\u00e8que La Bastide auront acc\u00e8s \u00e0 une cour aux beaux jours, pour boire un caf\u00e9 ou un livre un livre en plein air.\" itemprop=\"contentURL\"\/><\/p>\n<p>    Les usagers de la nouvelle biblioth\u00e8que La Bastide auront acc\u00e8s \u00e0 une cour aux beaux jours, pour boire un caf\u00e9 ou un livre un livre en plein air.<\/p>\n<p>Jean-Charles Galiacy<\/p>\n<p>    Fermeture le 29 novembre<\/p>\n<p>\u00ab\u00a0On ne gagne pas tant d\u2019espace mais on gagne des possibilit\u00e9s\u00a0\u00bb, r\u00e9sume Charlotte Bruneau, conservatrice des biblioth\u00e8ques bordelaises. Si celle de la Bastide a \u00e9t\u00e9 r\u00e9alis\u00e9e avec des \u00e9l\u00e9ments de l\u2019ancien coll\u00e8ge, elle affichera \u00e9galement du mobilier neuf, soigneusement conserv\u00e9 depuis des mois au si\u00e8ge central \u00e0 M\u00e9riadeck. Elle aura aussi \u00e0 disposition une salle r\u00e9serv\u00e9e \u00e0 l\u2019accueil des groupes scolaires ainsi qu\u2019un espace de coworking, partag\u00e9 notamment avec les autres colocataires du site (la MFS et la Maison du projet). Pour l\u2019heure, l\u2019ancien r\u00e9fectoire, situ\u00e9 au premier \u00e9tage, n\u2019a pas \u00e9t\u00e9 r\u00e9habilit\u00e9.<\/p>\n<p>        <img decoding=\"async\" id=\"26882311\" src=\"https:\/\/www.europesays.com\/fr\/wp-content\/uploads\/2025\/11\/img-20251127-165200.jpg\" alt=\"L\u2019ancien coll\u00e8ge Jacques-Ellul, \u00e0 la Benauge, abritera d\u2019ici quelques semaines, la nouvelle biblioth\u00e8que de la Bastide, ainsi que les Maison France services et Maison du projet Joliot-Curie.\" itemprop=\"contentURL\"\/><\/p>\n<p>    L\u2019ancien coll\u00e8ge Jacques-Ellul, \u00e0 la Benauge, abritera d\u2019ici quelques semaines, la nouvelle biblioth\u00e8que de la Bastide, ainsi que les Maison France services et Maison du projet Joliot-Curie.<\/p>\n<p>Jean-Charles Galiacy<\/p>\n<p>En attendant l\u2019ouverture au public, d\u00e9m\u00e9nagement et installation vont durer autour de deux mois. La fermeture de l\u2019actuelle biblioth\u00e8que sera officiellement act\u00e9e \u00e0 partir de samedi 29\u00a0novembre jusqu\u2019\u00e0 fin janvier (1). Celle qui avait cette fonction depuis une vingtaine d\u2019ann\u00e9es sera par la suite d\u00e9molie pour laisser place \u00e0 des logements. Une transformation qui rentre dans le vaste programme de r\u00e9novation urbaine de la Benauge, visant \u00e0 d\u00e9senclaver le quartier et le rendre plus attractif.<\/p>\n","protected":false},"excerpt":{"rendered":"Les 2\u00a0500\u00a0inscrits \u00e0 la biblioth\u00e8que de quartier (10\u00a0000\u00a0pr\u00eats par mois, 350\u00a0passages par jour), l\u2019une des neuf de la&hellip;\n","protected":false},"author":2,"featured_media":563907,"comment_status":"","ping_status":"","sticky":false,"template":"","format":"standard","meta":{"footnotes":""},"categories":[2817],"tags":[1111,11,1997,1777,674,1011,27,12,2219,25],"class_list":{"0":"post-563906","1":"post","2":"type-post","3":"status-publish","4":"format-standard","5":"has-post-thumbnail","7":"category-bordeaux","8":"tag-actu","9":"tag-actualites","10":"tag-bordeaux","11":"tag-eu","12":"tag-europe","13":"tag-fr","14":"tag-france","15":"tag-news","16":"tag-nouvelle-aquitaine","17":"tag-republique-francaise"},"share_on_mastodon":{"url":"https:\/\/pubeurope.com\/@fr\/115625956636120054","error":""},"_links":{"self":[{"href":"https:\/\/www.europesays.com\/fr\/wp-json\/wp\/v2\/posts\/563906","targetHints":{"allow":["GET"]}}],"collection":[{"href":"https:\/\/www.europesays.com\/fr\/wp-json\/wp\/v2\/posts"}],"about":[{"href":"https:\/\/www.europesays.com\/fr\/wp-json\/wp\/v2\/types\/post"}],"author":[{"embeddable":true,"href":"https:\/\/www.europesays.com\/fr\/wp-json\/wp\/v2\/users\/2"}],"replies":[{"embeddable":true,"href":"https:\/\/www.europesays.com\/fr\/wp-json\/wp\/v2\/comments?post=563906"}],"version-history":[{"count":0,"href":"https:\/\/www.europesays.com\/fr\/wp-json\/wp\/v2\/posts\/563906\/revisions"}],"wp:featuredmedia":[{"embeddable":true,"href":"https:\/\/www.europesays.com\/fr\/wp-json\/wp\/v2\/media\/563907"}],"wp:attachment":[{"href":"https:\/\/www.europesays.com\/fr\/wp-json\/wp\/v2\/media?parent=563906"}],"wp:term":[{"taxonomy":"category","embeddable":true,"href":"https:\/\/www.europesays.com\/fr\/wp-json\/wp\/v2\/categories?post=563906"},{"taxonomy":"post_tag","embeddable":true,"href":"https:\/\/www.europesays.com\/fr\/wp-json\/wp\/v2\/tags?post=563906"}],"curies":[{"name":"wp","href":"https:\/\/api.w.org\/{rel}","templated":true}]}}