{"id":563910,"date":"2025-11-28T06:41:13","date_gmt":"2025-11-28T06:41:13","guid":{"rendered":"https:\/\/www.europesays.com\/fr\/563910\/"},"modified":"2025-11-28T06:41:13","modified_gmt":"2025-11-28T06:41:13","slug":"ces-trois-grands-joueurs-passes-par-lom-et-toulouse","status":"publish","type":"post","link":"https:\/\/www.europesays.com\/fr\/563910\/","title":{"rendered":"Ces trois grands joueurs pass\u00e9s par l\u2019OM et Toulouse"},"content":{"rendered":"\n<p> Andr\u00e9-Pierre Gignac\n              <\/p>\n<p>Le minot de Martigues a \u00e9t\u00e9 r\u00e9v\u00e9l\u00e9 au grand jour sous les couleurs violettes et blanches du Toulouse FC. Dans un premier temps rempla\u00e7ant de Johan Elmander, \u00ab\u00a0D\u00e9d\u00e9\u00a0\u00bb Gignac a profit\u00e9 du d\u00e9part de l\u2019avant-centre su\u00e9dois pour se faire une place. Meilleur buteur du championnat lors de la saison 2008-2009, ses performances en Haute-Garonne lui ont permis d\u2019\u00eatre convoqu\u00e9 par Raymond Domenech en \u00e9quipe de France, o\u00f9 il sera m\u00eame retenu pour la Coupe du monde 2010, en Afrique du Sud.<\/p>\n<p>Au retour de la terrible \u00e9pop\u00e9e \u00e0 Kynsna, Gignac a rejoint l\u2019OM contre la somme de 18\u00a0millions d\u2019euros. Victime au d\u00e9part d\u2019une rude concurrence avec Lo\u00efc R\u00e9my, le Mart\u00e9gal est progressivement mont\u00e9 en puissance. Au terme de ses cinq saisons pass\u00e9es \u00e0 la Commanderie, Andr\u00e9-Pierre Gignac a disput\u00e9 188\u00a0rencontres sous la tunique blanche et aura inscrit 77\u00a0buts.<\/p>\n<p> Fabien Barthez\n              <\/p>\n<p>Soixante-quinze ans avant Andr\u00e9-Pierre Gignac, Mario Zatelli enfilait d\u00e9j\u00e0 les buts sous les couleurs de l\u2019OM. Recrut\u00e9 en 1935, le natif de S\u00e9tif, en Alg\u00e9rie fran\u00e7aise, marque les esprits du championnat de France en terminant ses trois saisons dans le top\u00a010 des buteurs, dont la saison 1937-1938 avec 28\u00a0buts en 21 matches seulement. \u00ab\u00a0Beau Mario\u00a0\u00bb, mod\u00e8le du premier Ballon d\u2019Or fran\u00e7ais Just Fontaine, a poursuivi sa carri\u00e8re avec deux passages \u00e0 Toulouse, marqu\u00e9s par la Seconde Guerre mondiale.<\/p>\n<p>Il a fait son retour dans la cit\u00e9 phoc\u00e9enne en 1943 afin d\u2019\u00e9voluer dans la nouvelle \u00e9quipe f\u00e9d\u00e9rale Marseille-Provence, cr\u00e9\u00e9e par le r\u00e9gime de Vichy en remplacement des clubs professionnels. Ce n\u2019est qu\u2019\u00e0 la fin de la guerre que Zatelli a pu revenir porter le maillot de l\u2019Olympique de Marseille, club qu\u2019il entra\u00eenera \u00e0 quatre reprises entre 1964 et 1973, avec un titre de champion de France en 1972.<\/p>\n<p>N\u00e9 \u00e0 Lavelanet, dans l\u2019Ari\u00e8ge, Fabien Barthez a rapidement tap\u00e9 dans l\u2019\u0153il du Toulouse FC, dont le responsable des gardiens \u00e9tait un certain \u00c9lie Baup, entra\u00eeneur de l\u2019OM deux d\u00e9cennies plus tard. Profitant de la blessure des deux gardiens principaux lors de la saison 1991-1992, le \u00ab\u00a0Divin chauve\u00a0\u00bb a \u00e9t\u00e9 lanc\u00e9 dans le grand bain par Victor Zvunka, l\u00e9gende l\u2019Olympique de Marseille. Comme quoi, il \u00e9tait pr\u00e9destin\u00e9 \u00e0 rejoindre la cit\u00e9 phoc\u00e9enne. Ses excellentes prestations face aux cadors du championnat, dont l\u2019OM, o\u00f9 Bernard Tapie a voulu \u00e0 tout prix le recruter, lui ont permis de rejoindre le club proven\u00e7al en septembre 1992.<\/p>\n<p>Barthez a remport\u00e9, d\u00e8s sa premi\u00e8re saison, la Ligue des Champions tant convoit\u00e9e, seulement vingt mois apr\u00e8s sa premi\u00e8re titularisation en Division\u00a01 fran\u00e7aise. La suite de son histoire a \u00e9t\u00e9 g\u00e2ch\u00e9e par l\u2019affaire VA-OM, puis la descente du club en Division 2 en 1994. Il reste cependant encore une saison avant de rejoindre Monaco en 1995.<\/p>\n<p> Mario Zatelli\n              <\/p>\n<p>Soixante-quinze ans avant Andr\u00e9-Pierre Gignac, Mario Zatelli enfilait d\u00e9j\u00e0 les buts sous les couleurs de l\u2019OM. Recrut\u00e9 en 1935, le natif de S\u00e9tif, en Alg\u00e9rie fran\u00e7aise, marque les esprits du championnat de France en terminant ses trois saisons dans le top\u00a010 des buteurs, dont la saison 1937-1938 avec 28\u00a0buts en 21 matches seulement. \u00ab\u00a0Beau Mario\u00a0\u00bb, mod\u00e8le du premier Ballon d\u2019Or fran\u00e7ais Just Fontaine, a poursuivi sa carri\u00e8re avec deux passages \u00e0 Toulouse, marqu\u00e9s par la Seconde Guerre mondiale.<\/p>\n<p>Il a fait son retour dans la cit\u00e9 phoc\u00e9enne en 1943 afin d\u2019\u00e9voluer dans la nouvelle \u00e9quipe f\u00e9d\u00e9rale Marseille-Provence, cr\u00e9\u00e9e par le r\u00e9gime de Vichy en remplacement des clubs professionnels. Ce n\u2019est qu\u2019\u00e0 la fin de la guerre que Zatelli a pu revenir porter le maillot de l\u2019Olympique de Marseille, club qu\u2019il entra\u00eenera \u00e0 quatre reprises entre 1964 et 1973, avec un titre de champion de France en 1972.<\/p>\n<p> Newcastle d\u00e9nonce le \u00ab mauvais traitement \u00bb de ses fans\n              <\/p>\n<p>Le club de Newcastle a r\u00e9dig\u00e9 un communiqu\u00e9, jeudi matin, pour d\u00e9noncer \u00ab le traitement inacceptable \u00bb r\u00e9serv\u00e9 \u00e0 leurs supporters par la police, au stade V\u00e9lodrome, mardi soir, apr\u00e8s le match de Ligue des Champions. \u00ab Une fois le premier groupe de supporters lib\u00e9r\u00e9, la police a commenc\u00e9 \u00e0 utiliser une force inutile et disproportionn\u00e9e pour emp\u00eacher le reste de nos fans d\u2019avancer. Elle a utilis\u00e9 pour cela du gaz poivr\u00e9, des matraques, des boucliers et de nombreux supporters ont \u00e9t\u00e9 agress\u00e9s sans discernement par la police, d\u00e9taille le club anglais. Nous demanderons \u00e0 l\u2019UEFA, \u00e0 l\u2019Olympique de Marseille et aux autorit\u00e9s locales d\u2019ouvrir une enqu\u00eate officielle sur cette affaire afin de tirer les le\u00e7ons qui s\u2019imposent et d\u2019\u00e9viter que ce comportement ne se reproduise. \u00bb<\/p>\n","protected":false},"excerpt":{"rendered":"Andr\u00e9-Pierre Gignac Le minot de Martigues a \u00e9t\u00e9 r\u00e9v\u00e9l\u00e9 au grand jour sous les couleurs violettes et blanches&hellip;\n","protected":false},"author":2,"featured_media":563911,"comment_status":"","ping_status":"","sticky":false,"template":"","format":"standard","meta":{"footnotes":""},"categories":[2816],"tags":[1111,11,1777,674,1011,27,4059,12,2680,25,2312],"class_list":{"0":"post-563910","1":"post","2":"type-post","3":"status-publish","4":"format-standard","5":"has-post-thumbnail","7":"category-toulouse","8":"tag-actu","9":"tag-actualites","10":"tag-eu","11":"tag-europe","12":"tag-fr","13":"tag-france","14":"tag-joueurs","15":"tag-news","16":"tag-occitanie","17":"tag-republique-francaise","18":"tag-toulouse"},"share_on_mastodon":{"url":"https:\/\/pubeurope.com\/@fr\/115625963379069799","error":""},"_links":{"self":[{"href":"https:\/\/www.europesays.com\/fr\/wp-json\/wp\/v2\/posts\/563910","targetHints":{"allow":["GET"]}}],"collection":[{"href":"https:\/\/www.europesays.com\/fr\/wp-json\/wp\/v2\/posts"}],"about":[{"href":"https:\/\/www.europesays.com\/fr\/wp-json\/wp\/v2\/types\/post"}],"author":[{"embeddable":true,"href":"https:\/\/www.europesays.com\/fr\/wp-json\/wp\/v2\/users\/2"}],"replies":[{"embeddable":true,"href":"https:\/\/www.europesays.com\/fr\/wp-json\/wp\/v2\/comments?post=563910"}],"version-history":[{"count":0,"href":"https:\/\/www.europesays.com\/fr\/wp-json\/wp\/v2\/posts\/563910\/revisions"}],"wp:featuredmedia":[{"embeddable":true,"href":"https:\/\/www.europesays.com\/fr\/wp-json\/wp\/v2\/media\/563911"}],"wp:attachment":[{"href":"https:\/\/www.europesays.com\/fr\/wp-json\/wp\/v2\/media?parent=563910"}],"wp:term":[{"taxonomy":"category","embeddable":true,"href":"https:\/\/www.europesays.com\/fr\/wp-json\/wp\/v2\/categories?post=563910"},{"taxonomy":"post_tag","embeddable":true,"href":"https:\/\/www.europesays.com\/fr\/wp-json\/wp\/v2\/tags?post=563910"}],"curies":[{"name":"wp","href":"https:\/\/api.w.org\/{rel}","templated":true}]}}