{"id":563912,"date":"2025-11-28T06:42:17","date_gmt":"2025-11-28T06:42:17","guid":{"rendered":"https:\/\/www.europesays.com\/fr\/563912\/"},"modified":"2025-11-28T06:42:17","modified_gmt":"2025-11-28T06:42:17","slug":"lille-cette-carte-permet-doffrir-un-cadeau-ou-une-experience-chez-des-commercants-locaux","status":"publish","type":"post","link":"https:\/\/www.europesays.com\/fr\/563912\/","title":{"rendered":"Lille. Cette carte permet d\u2019offrir un cadeau ou une exp\u00e9rience chez des commer\u00e7ants locaux"},"content":{"rendered":"<p>                    Par<br \/>\n        <strong><br \/>\n            <a href=\"https:\/\/actu.fr\/auteur\/amandine-vachez\" title=\"Consulter tous les articles de Amandine Vachez\" target=\"_blank\" rel=\"noopener\">Amandine Vachez<\/a><br \/>\n                    <\/strong><\/p>\n<p>        Publi\u00e9 le<\/p>\n<p>            28 nov. 2025 \u00e0 6h46        <\/p>\n<p>Elle s\u2019appelle tout simplement <b>Carte Cadeau <a href=\"https:\/\/actu.fr\/hauts-de-france\/lille_59350\" target=\"_blank\" rel=\"noopener\">Lille<\/a> <\/b>(Nord) et elle permet d\u2019offrir un<b> bon d\u2019achat<\/b>, valable dans des<b> commerces ind\u00e9pendants<\/b> de la ville et de la m\u00e9tropole. Cette <a href=\"https:\/\/actu.fr\/hauts-de-france\/lille_59350\/librairies-manucures-ou-restaurants-une-carte-cadeau-pour-soutenir-les-commerces-locaux-a-lille_61891100.html\" target=\"_blank\" rel=\"noopener\">initiative locale lanc\u00e9e en novembre\u00a02024 a su s\u00e9duire<\/a>. Elle est valable, un an plus tard, chez <b>une soixantaine de commer\u00e7ants partenaires.<\/b><\/p>\n<p>Deuxi\u00e8me No\u00ebl pour cette carte-cadeau, qui a bien \u00e9toff\u00e9 son offre<\/p>\n<p class=\" wall-content\">\u00ab\u2009Il y a une vraie richesse, au niveau des commerces ind\u00e9pendants, \u00e0 Lille\u2009\u00bb, souligne d\u2019entr\u00e9e de jeu Thibault Boudier, fondateur de la Carte Cadeau Lille. Lui-m\u00eame lillois, appr\u00e9ciant de fl\u00e2ner dans les rues pav\u00e9es, il trouvait dommage que \u00ab\u2009rien ne regroupe les commerces ind\u00e9pendants de la ville\u2009\u00bb. L\u2019\u00e9tudiant s\u2019est donc lanc\u00e9 dans le projet entrepreneurial de la Carte Cadeau.<b>\u00a0<\/b><\/p>\n<p class=\" wall-content\"><b>Lanc\u00e9e pour les f\u00eates de 2024 avec une trentaine de commer\u00e7ants partenaires<\/b>, elle en compte un an plus tard une soixantaine. Une \u00ab\u2009marque de confiance\u2009\u00bb comme le d\u00e9crit Thibault, qui prend soin d\u2019examiner chaque candidature. \u00ab\u2009Au d\u00e9but, on contactait les commer\u00e7ants. Aujourd\u2019hui,<b> ils viennent \u00e0 nous, gr\u00e2ce au bouche-\u00e0-oreille<\/b>. On s\u00e9lectionne les partenaires, avoir de tr\u00e8s grosses enseignes, \u00e7a n\u2019a pas de sens pour nous.\u2009\u00bb<\/p>\n<p>V\u00eatements, bijoux, resto, spa, librairie\u2026<\/p>\n<blockquote class=\"ac-article-quote wall-content\">\n<p>C\u2019est plus qu\u2019une carte cadeau, c\u2019est une exp\u00e9rience lilloise.<\/p>\n<p>Thibault, de Carte Cadeau Lille.<\/p><\/blockquote>\n<p class=\" wall-content\">Avec la carte cadeau, que vous pouvez commander en version num\u00e9rique ou physique, le d\u00e9tenteur d\u2019une carte peut <b>se faire plaisir de nombreuses mani\u00e8res<\/b>\u2009: aller manger chez Max ou chez Chicon Press\u00e9, profiter d\u2019une exp\u00e9rience de <a href=\"https:\/\/actu.fr\/hauts-de-france\/lille_59350\/lille-un-spa-pour-les-femmes-enceintes-les-enfants-et-les-familles-ouvre-dans-le-centre_63457725.html\" target=\"_blank\" rel=\"noopener\">spa familial chez Iris &amp; Willy Spa<\/a>, s\u2019offrir un moment de m\u00e9ditation hors du temps chez J\u00e9r\u00f4me Soller, aller chercher un livre au Biglemoi ou au Bateau Livre, ou encore acheter des v\u00eatements chez Bleu Natier\u2026<\/p>\n<p class=\" wall-content\">\u00ab\u2009C\u2019est un cadeau qui fait plaisir au receveur et au commer\u00e7ant\u2009\u00bb, souligne Thibault, fier de voir que le concept s\u00e9duit. \u00ab\u2009Cette carte est chouette \u00e0 offrir sous le sapin, on peut y \u00e9crire quelque chose de personnalis\u00e9. Elle est aussi pens\u00e9e pour les entreprises et pour les autres occasions\u2009: les anniversaires, un mariage, un \u00e9v\u00e9nement\u2026\u2009\u00bb<\/p>\n<p>Votre r\u00e9gion, votre actu !<\/p>\n<p>Recevez chaque jour les infos qui comptent pour vous.<\/p>\n<p>\t<a href=\"https:\/\/actu.fr\/newsletter\" class=\"ac-btn ac-btn--corner ac-btn--medium ac-btn--blue800\" target=\"_blank\" rel=\"noopener\">S&rsquo;incrire<\/a><br \/>\nDe 10 \u00e0 500\u00a0euros sur la carte et une client\u00e8le \u00e0 fid\u00e9liser<\/p>\n<p class=\" wall-content\">Il est possible de mettre<b> entre 10 et 500\u00a0euros sur cette carte<\/b>, commandable en ligne ou disponible dans <b>trois points de vente\u2009: au Bateau Livre, au Biglemoi et au Summer Camp.<\/b><\/p>\n<p class=\" wall-content\">Claire, g\u00e9rante de Iris &amp; Willy Spa, est nouvelle dans cette aventure partenariale. Comment a-t-elle connu le concept\u2009? \u00ab\u2009Par voie de vases communicants.\u2009\u00bb Des commer\u00e7ants tout proches lui ont parl\u00e9 du concept. Claire a donc contact\u00e9 Thibault, et a \u00e9t\u00e9 int\u00e9gr\u00e9e \u00e0 la liste qui s\u2019\u00e9tend peu \u00e0 peu dans la m\u00e9tropole. La g\u00e9rante du spa appr\u00e9cie l\u2019id\u00e9e d\u2019\u00eatre int\u00e9gr\u00e9e \u00e0 un tel r\u00e9seau, dans lequel son offre se d\u00e9marque par son originalit\u00e9. \u00ab\u2009C\u2019est l\u2019occasion d\u2019attirer une client\u00e8le\u2009\u00bb, qui pourrait devenir fid\u00e8le. Le jeu des enseignes est ensuite de donner envie aux d\u00e9tenteurs de la carte de d\u00e9penser plus chez elles, et surtout de revenir.<\/p>\n<p>Un syst\u00e8me de commission<\/p>\n<p class=\" wall-content\">Carte Cadeau Lille est une<b> entreprise, qui fonctionne avec une commission<\/b>, revers\u00e9e lors de l\u2019utilisation de la carte chez un commer\u00e7ant. D\u2019ailleurs, il est possible de d\u00e9penser la somme mise dessus dans plusieurs enseignes. \u00ab\u2009La vraie richesse pour nous, c\u2019est de rencontrer des passionn\u00e9s, et de pouvoir les mettre en avant. C\u2019est <b>permettre aux Lillois de d\u00e9couvrir des commerces qu\u2019ils ne connaissent pas<\/b>, dans lesquels ils ne seraient peut-\u00eatre pas all\u00e9s sans la carte\u2009\u00bb, partage Thibault. Et de conclure avec une note d\u2019humour\u2009: \u00ab\u2009On peut dire en quelque sorte, que c\u2019est le Tinder des commer\u00e7ants.\u2009\u00bb<\/p>\n<p>Toutes les enseignes sont renseign\u00e9es sur le site officiel de <a href=\"https:\/\/cartecadeau-lille.fr\/?utm_source=google&amp;utm_medium=cpc&amp;utm_id=21757525862&amp;utm_term=(e)-carte%20cadeau%20lille-Lille_branded&amp;utm_content=715152224766&amp;utm_campaign=2024+Brand+Search+bon+stad:+Lille&amp;gad_source=1&amp;gad_campaignid=21757525862&amp;gbraid=0AAAAADtxnK8vzZwQBjzdaPMiupSlv1vQX&amp;gclid=Cj0KCQiAiqDJBhCXARIsABk2kSn0CJjAogpBuzqOfAz5HytLr_nOfu8by6zH3-w9rUVlLtY1fM_2mXkaAi9MEALw_wcB*\" target=\"_blank\" rel=\"noopener\">Carte-Cadeau Lille<\/a>.<\/p>\n<p class=\" wall-content\">Personnalisez votre actualit\u00e9 en ajoutant vos villes et m\u00e9dias en favori avec <a href=\"https:\/\/moncompte.actu.fr\" title=\"D\u00e9couvez Mon Actu\" rel=\"nofollow noopener\" data-trk=\"{&quot;cta&quot;:{&quot;action&quot;:&quot;https:\\\/\\\/moncompte.actu.fr&quot;,&quot;category&quot;:&quot;mon compte&quot;,&quot;from&quot;:&quot;article footer&quot;,&quot;name&quot;:&quot;Mon actu&quot;,&quot;type&quot;:&quot;cta&quot;}}\" target=\"_blank\">Mon Actu<\/a>.<\/p>\n","protected":false},"excerpt":{"rendered":"Par Amandine Vachez Publi\u00e9 le 28 nov. 2025 \u00e0 6h46 Elle s\u2019appelle tout simplement Carte Cadeau Lille (Nord)&hellip;\n","protected":false},"author":2,"featured_media":563913,"comment_status":"","ping_status":"","sticky":false,"template":"","format":"standard","meta":{"footnotes":""},"categories":[2815],"tags":[1111,11,215,1777,674,1011,27,811,1307,12,15830,25,104],"class_list":{"0":"post-563912","1":"post","2":"type-post","3":"status-publish","4":"format-standard","5":"has-post-thumbnail","7":"category-lille","8":"tag-actu","9":"tag-actualites","10":"tag-commerce","11":"tag-eu","12":"tag-europe","13":"tag-fr","14":"tag-france","15":"tag-hauts-de-france","16":"tag-lille","17":"tag-news","18":"tag-noel","19":"tag-republique-francaise","20":"tag-societe"},"share_on_mastodon":{"url":"https:\/\/pubeurope.com\/@fr\/115625967396165028","error":""},"_links":{"self":[{"href":"https:\/\/www.europesays.com\/fr\/wp-json\/wp\/v2\/posts\/563912","targetHints":{"allow":["GET"]}}],"collection":[{"href":"https:\/\/www.europesays.com\/fr\/wp-json\/wp\/v2\/posts"}],"about":[{"href":"https:\/\/www.europesays.com\/fr\/wp-json\/wp\/v2\/types\/post"}],"author":[{"embeddable":true,"href":"https:\/\/www.europesays.com\/fr\/wp-json\/wp\/v2\/users\/2"}],"replies":[{"embeddable":true,"href":"https:\/\/www.europesays.com\/fr\/wp-json\/wp\/v2\/comments?post=563912"}],"version-history":[{"count":0,"href":"https:\/\/www.europesays.com\/fr\/wp-json\/wp\/v2\/posts\/563912\/revisions"}],"wp:featuredmedia":[{"embeddable":true,"href":"https:\/\/www.europesays.com\/fr\/wp-json\/wp\/v2\/media\/563913"}],"wp:attachment":[{"href":"https:\/\/www.europesays.com\/fr\/wp-json\/wp\/v2\/media?parent=563912"}],"wp:term":[{"taxonomy":"category","embeddable":true,"href":"https:\/\/www.europesays.com\/fr\/wp-json\/wp\/v2\/categories?post=563912"},{"taxonomy":"post_tag","embeddable":true,"href":"https:\/\/www.europesays.com\/fr\/wp-json\/wp\/v2\/tags?post=563912"}],"curies":[{"name":"wp","href":"https:\/\/api.w.org\/{rel}","templated":true}]}}