{"id":563914,"date":"2025-11-28T06:43:53","date_gmt":"2025-11-28T06:43:53","guid":{"rendered":"https:\/\/www.europesays.com\/fr\/563914\/"},"modified":"2025-11-28T06:43:53","modified_gmt":"2025-11-28T06:43:53","slug":"lille-deroule-nice-deraille-encore","status":"publish","type":"post","link":"https:\/\/www.europesays.com\/fr\/563914\/","title":{"rendered":"Lille d\u00e9roule, Nice d\u00e9raille encore"},"content":{"rendered":"<p>Retrouvez les premiers r\u00e9sultat des<br \/>\nmatchs de ce jeudi soir, comptant pour la phase r\u00e9guli\u00e8re de la<br \/>\nLigue Europa.<\/p>\n<p>Plusieurs repr\u00e9sentants fran\u00e7ais \u00e9taient de sortie en d\u00e9but de<br \/>\nsoir\u00e9e, <a href=\"https:\/\/www.football365.fr\/coupes-europe-football\/ligue-europa-coupes-europe-football\" target=\"_blank\" rel=\"noopener\"><br \/>\n<strong>sur la sc\u00e8ne europ\u00e9enne<\/strong><\/a>, ce jeudi. Et la bonne<br \/>\nop\u00e9ration du jour est \u00e0 mettre \u00e0 l\u2019actif du LOSC. Apr\u00e8s plusieurs<br \/>\naccrocs dans cette phase de Ligue, la formation de Bruno Genesio<br \/>\ns\u2019est r\u00e9volt\u00e9 avec la mani\u00e8re pour infliger une petite correction<br \/>\nau Dinamo Zagreb (4-0). Malgr\u00e9 un onze remani\u00e9, Lille a r\u00e9cit\u00e9 ses<br \/>\ngammes<\/p>\n<p>Correia a d\u00e9bloqu\u00e9 la situation assez rapidement (1-0, 21e),<br \/>\navant que Mukau n\u2019inscrive le but du break pour les Dogues (2-0,<br \/>\n36e). Une \u00e9quipe lilloise tout aussi prolifique apr\u00e8s le repos,<br \/>\navec deux nouveaux buts sign\u00e9s Igamane (3-0, 69e) et Andr\u00e9 en fin<br \/>\nde match (4-0, 86e). Septi\u00e8me de cette phase de Ligue, le LOSC fait<br \/>\nun joli bond au classement et entrevoit le top 8.<\/p>\n<p>Nice poursuit sa s\u00e9rie infernale<\/p>\n<p>Un contraste saisissant avec la situation de Nice. En<br \/>\nd\u00e9placement \u00e0 Porto, les Aiglons ne se faisaient pas beaucoup<br \/>\nd\u2019illusions, mais ils ont encore coul\u00e9 dans des proportions<br \/>\ninqui\u00e9tantes, conc\u00e9dant un revers sans appel au terme d\u2019un match \u00e0<br \/>\nsens unique (0-3). Veiga s\u2019est offert un doubl\u00e9 pour les Dragons<br \/>\n(1e, 33e), qui ont sal\u00e9 l\u2019addition par Aghehowa sur penalty (61e).<br \/>\nAvec ce 17e match cons\u00e9cutif sans victoire, Nice poursuit sa s\u00e9rie<br \/>\ninfernale en coupe d\u2019Europe et fait d\u2019ores et d\u00e9j\u00e0 un trait sur les<br \/>\nbarrages au printemps prochain.<\/p>\n<blockquote class=\"twitter-tweet\"><p><a class=\"twitter-link\" rel=\"noindex, nofollow noopener\" href=\"https:\/\/twitter.com\/FCPorto\/status\/1994124893093548355?ref_src=twsrc%5Etfw%7Ctwcamp%5Etweetembed%7Ctwterm%5E1994124893093548355%7Ctwgr%5E75e274c00aca25d7a4b12769cc399df2bd5b300b%7Ctwcon%5Es1_&amp;ref_url=https%3A%2F%2Fwww.lequipe.fr%2FEsport%2FActualites%2FSqueezie-au-sujet-de-gentle-mates-tu-ne-peux-pas-tricher-avec-le-temps%2F1612732\" target=\"_blank\"><br \/>\n<\/a><\/p><\/blockquote>\n<p>\u00a0<\/p>\n<p>\u00a0<\/p>\n<p>\u00a0<\/p>\n<p><script async src=\"https:\/\/platform.twitter.com\/widgets.js\" charset=\"utf-8\"><\/script><\/p>\n","protected":false},"excerpt":{"rendered":"Retrouvez les premiers r\u00e9sultat des matchs de ce jeudi soir, comptant pour la phase r\u00e9guli\u00e8re de la Ligue&hellip;\n","protected":false},"author":2,"featured_media":563915,"comment_status":"","ping_status":"","sticky":false,"template":"","format":"standard","meta":{"footnotes":""},"categories":[2815],"tags":[1111,11,1777,674,1011,27,811,1307,12,25],"class_list":{"0":"post-563914","1":"post","2":"type-post","3":"status-publish","4":"format-standard","5":"has-post-thumbnail","7":"category-lille","8":"tag-actu","9":"tag-actualites","10":"tag-eu","11":"tag-europe","12":"tag-fr","13":"tag-france","14":"tag-hauts-de-france","15":"tag-lille","16":"tag-news","17":"tag-republique-francaise"},"share_on_mastodon":{"url":"https:\/\/pubeurope.com\/@fr\/115625975041345849","error":""},"_links":{"self":[{"href":"https:\/\/www.europesays.com\/fr\/wp-json\/wp\/v2\/posts\/563914","targetHints":{"allow":["GET"]}}],"collection":[{"href":"https:\/\/www.europesays.com\/fr\/wp-json\/wp\/v2\/posts"}],"about":[{"href":"https:\/\/www.europesays.com\/fr\/wp-json\/wp\/v2\/types\/post"}],"author":[{"embeddable":true,"href":"https:\/\/www.europesays.com\/fr\/wp-json\/wp\/v2\/users\/2"}],"replies":[{"embeddable":true,"href":"https:\/\/www.europesays.com\/fr\/wp-json\/wp\/v2\/comments?post=563914"}],"version-history":[{"count":0,"href":"https:\/\/www.europesays.com\/fr\/wp-json\/wp\/v2\/posts\/563914\/revisions"}],"wp:featuredmedia":[{"embeddable":true,"href":"https:\/\/www.europesays.com\/fr\/wp-json\/wp\/v2\/media\/563915"}],"wp:attachment":[{"href":"https:\/\/www.europesays.com\/fr\/wp-json\/wp\/v2\/media?parent=563914"}],"wp:term":[{"taxonomy":"category","embeddable":true,"href":"https:\/\/www.europesays.com\/fr\/wp-json\/wp\/v2\/categories?post=563914"},{"taxonomy":"post_tag","embeddable":true,"href":"https:\/\/www.europesays.com\/fr\/wp-json\/wp\/v2\/tags?post=563914"}],"curies":[{"name":"wp","href":"https:\/\/api.w.org\/{rel}","templated":true}]}}