{"id":563917,"date":"2025-11-28T06:47:13","date_gmt":"2025-11-28T06:47:13","guid":{"rendered":"https:\/\/www.europesays.com\/fr\/563917\/"},"modified":"2025-11-28T06:47:13","modified_gmt":"2025-11-28T06:47:13","slug":"pourquoi-1-000-salaries-dorange-sont-invites-a-se-mettre-en-teletravail-en-raison-du-narcotrafic-a-marseille","status":"publish","type":"post","link":"https:\/\/www.europesays.com\/fr\/563917\/","title":{"rendered":"pourquoi 1.000 salari\u00e9s d&rsquo;Orange sont invit\u00e9s \u00e0 se mettre en t\u00e9l\u00e9travail en raison du narcotrafic \u00e0 Marseille"},"content":{"rendered":"<p class=\"article-p mdl\">Trop dangereux ?\u00a0<a class=\"link\" href=\"https:\/\/www.rtl.fr\/actu\/sciences-tech\/vente-de-sfr-comment-orange-bouygues-et-free-veulent-se-partager-les-abonnes-de-l-operateur-7900553081\" title=\"Vente de SFR : comment Orange, Bouygues et Free veulent se partager les abonn\u00e9s de l\u2019op\u00e9rateur\" target=\"_blank\" rel=\"noopener\">Orange<\/a>\u00a0pr\u00e9f\u00e8re fermer son site de\u00a0<a class=\"link\" href=\"https:\/\/www.rtl.fr\/actu\/justice-faits-divers\/justice-pour-mehdi-20-ans-mort-pour-rien-politiques-hommage-securite-ce-que-l-on-sait-du-rassemblement-contre-le-narcotrafic-a-marseille-7900570033\" title=\"&quot;Justice pour Mehdi, 20 ans, mort pour rien&quot; : politiques, hommage, s\u00e9curit\u00e9... Ce que l&#039;on sait du rassemblement  contre le narcotrafic \u00e0 Marseille\" target=\"_blank\" rel=\"noopener\">Marseille<\/a>\u00a0situ\u00e9 dans le quartier F\u00e9lix-Pyat, o\u00f9 travaillent environ 1.000 personnes, d\u00e8s vendredi 28 novembre et jusque \u00ab\u00a0mi-d\u00e9cembre\u00a0\u00bb, \u00e0 la suite d&rsquo;une \u00ab\u00a0mont\u00e9e des tensions\u00a0\u00bb dans le quartier, a indiqu\u00e9 la direction r\u00e9gionale du groupe \u00e0 l&rsquo;AFP jeudi.<\/p>\n<p class=\"article-p mdl\">L&rsquo;op\u00e9rateur a indiqu\u00e9 que pendant la fermeture du site de Saint-Mauront, les salari\u00e9s pourront t\u00e9l\u00e9travailler ou se rendre sur d&rsquo;autres sites du groupe, ce qu&rsquo;ils r\u00e9clamaient \u00e0 leur direction via une p\u00e9tition depuis plusieurs jours.<\/p>\n<p class=\"article-p mdl\">D\u00e9crivant des \u00ab\u00a0\u00e9v\u00e9nements r\u00e9p\u00e9t\u00e9s sur la voie publique proches de la sortie de m\u00e9tro National\u00a0\u00bb depuis le d\u00e9but de la semaine, Orange a indiqu\u00e9 attendre \u00ab\u00a0un retour \u00e0 une situation apais\u00e9e dans le quartier\u00a0\u00bb.<\/p>\n<p class=\"article-p mdl\">La CFDT du groupe de t\u00e9l\u00e9coms a expliqu\u00e9 dans un communiqu\u00e9 que les salari\u00e9s ont \u00e9t\u00e9 confin\u00e9s deux fois cette semaine sur leur pause m\u00e9ridienne, dont une mardi en raison d&rsquo;une \u00ab\u00a0bagarre entre dealers\u00a0\u00bb dans la rue, et a \u00e9voqu\u00e9 des pr\u00e9c\u00e9dents dans le quartier, notamment \u00ab\u00a0une fusillade\u00a0\u00bb le 23 octobre. \u00ab\u00a0<a class=\"link\" href=\"https:\/\/www.rtl.fr\/actu\/justice-faits-divers\/document-rtl-narcotrafic-un-enqueteur-de-la-pj-de-marseille-appelle-a-prendre-conscience-de-la-gravite-du-fleau-7900569886\" title=\"DOCUMENT RTL - Narcotrafic : un enqu\u00eateur de la PJ de Marseille appelle \u00e0 &quot;prendre conscience de la gravit\u00e9 du fl\u00e9au&quot;\" target=\"_blank\" rel=\"noopener\">Le narcotrafic met les salari\u00e9s en \u00e9tat de si\u00e8ge<\/a>\u00ab\u00a0, a d\u00e9plor\u00e9 la CFDT, alors que les employ\u00e9s d\u00e9noncent un climat d&rsquo;ins\u00e9curit\u00e9 quasi permanent.<\/p>\n<p class=\"article-p mdl\">F\u00e9lix-Pyat est une cit\u00e9 historique \u00e0 Marseille, l&rsquo;une des pr\u00e9f\u00e9r\u00e9es des consommateurs de drogue car elle est tr\u00e8s proche du centre-ville &#8211; \u00e0 deux kilom\u00e8tres du Vieux-Port &#8211; mais r\u00e9guli\u00e8rement secou\u00e9e par des affrontements entre \u00e9quipes de dealers car elle abrite plusieurs points de deal.\u00a0Chose rare pour un quartier sensible, elle compte d&rsquo;ailleurs un commissariat de police nationale, entour\u00e9e de grillages.<\/p>\n<p>            \u00ab\u00a0On n&rsquo;a rien trouv\u00e9\u00a0\u00bb<\/p>\n<p class=\"article-p mdl\">La pr\u00e9f\u00e8te de police d\u00e9l\u00e9gu\u00e9e des Bouches-du-Rh\u00f4ne, Corinne Simon, a r\u00e9fut\u00e9 aupr\u00e8s de l&rsquo;AFP jeudi soir cette hypoth\u00e8se de \u00ab\u00a0bandes rivales\u00a0\u00bb, tout en disant comprendre l&rsquo;\u00e9motion des salari\u00e9s d&rsquo;Orange.<\/p>\n<p class=\"article-p mdl\">\u00ab\u00a0Ce n&rsquo;est absolument pas \u00e7a\u00a0\u00bb, a-t-elle assur\u00e9, reconnaissant que le quartier est \u00ab\u00a0compliqu\u00e9\u00a0\u00bb. Corinne Simon a ajout\u00e9 que le 17 a \u00e9t\u00e9 appel\u00e9 une seule fois. La police s&rsquo;est d\u00e9plac\u00e9e sur les lieux, mais n&rsquo;observe pas de tension particuli\u00e8re dans ce secteur. \u00ab\u00a0On me dit qu&rsquo;il y a des coups de feu qui ont \u00e9t\u00e9 tir\u00e9s, mais en m\u00eame temps on n&rsquo;a rien trouv\u00e9\u00a0\u00bb, a-t-elle expliqu\u00e9.<\/p>\n<p class=\"article-p mdl\">La ville enti\u00e8re, r\u00e9guli\u00e8rement secou\u00e9e par des homicides li\u00e9s au trafic de drogue, a \u00e9t\u00e9 boulevers\u00e9e par\u00a0<a class=\"link\" href=\"https:\/\/www.rtl.fr\/actu\/justice-faits-divers\/la-piste-dz-mafia-loi-du-silence-sur-rtl-la-procureure-de-paris-fait-le-point-sur-l-enquete-apres-le-meurtre-de-mehdi-kessaci-7900570748\" title=\"La piste DZ mafia, &quot;la loi du silence : sur RTL, la procureure de Paris fait le point sur l\u2019enqu\u00eate apr\u00e8s le meurtre de Mehdi Kessaci\" target=\"_blank\" rel=\"noopener\">l&rsquo;assassinat du jeune Mehdi Kessaci<\/a>, petit fr\u00e8re d&rsquo;un militant contre le narcotrafic, le 13 novembre. Ainsi, personne ne veut prendre le risque de voir tomber une nouvelle victime innocente, encore moins un salari\u00e9 d&rsquo;une grande entreprise fran\u00e7aise.<\/p>\n<p class=\"article-p mdl\">Pour les rassurer, les rondes et patrouilles des forces de l&rsquo;ordre vont \u00eatre accentu\u00e9es, a indiqu\u00e9 la pr\u00e9f\u00e8te d\u00e9l\u00e9gu\u00e9e. La CGT a demand\u00e9 \u00e0 la direction d&rsquo;Orange de \u00ab\u00a0s\u00e9curiser durablement le site\u00a0\u00bb. Le syndicat estime que ce site \u00ab\u00a0embl\u00e9matique\u00a0\u00bb ne doit pas fermer. \u00ab\u00a0Y renoncer, plut\u00f4t que le s\u00e9curiser, serait un mauvais signal envoy\u00e9 aux salari\u00e9s et aux habitants des quartiers populaires\u00a0\u00bb, conclut la CGT.<\/p>\n<p>    La r\u00e9daction vous recommande<\/p>\n<ul class=\"item-list\">\n<li class=\"item\"><a href=\"https:\/\/www.rtl.fr\/actu\/justice-faits-divers\/narcotrafic-terrorisme-sur-rtl-gerard-darmanin-promet-de-changer-la-loi-pour-limiter-les-permissions-de-sortir-des-detenus-en-prison-de-haute-securite-7900571222\" class=\"item-link\" target=\"_blank\" rel=\"noopener\">Narcotrafic, terrorisme&#8230; Sur RTL, G\u00e9rald Darmanin promet de \u00ab\u00a0changer la loi\u00a0\u00bb pour limiter les permissions de sortir des d\u00e9tenus en prison de haute s\u00e9curit\u00e9<\/a><\/li>\n<li class=\"item\"><a href=\"https:\/\/www.rtl.fr\/sport\/football\/document-rtl-om-rap-narcotrafic-centrafrique-les-confidences-de-geoffrey-kondogbia-7900568885\" class=\"item-link\" target=\"_blank\" rel=\"noopener\">DOCUMENT RTL &#8211; OM, rap, narcotrafic, Centrafrique\u2026 Les confidences de Geoffrey Kondogbia<\/a><\/li>\n<li class=\"item\"><a href=\"https:\/\/www.rtl.fr\/actu\/debats-societe\/en-direct-marche-blanche-en-hommage-a-mehdi-kessaci-de-nombreux-politiques-et-un-rassemblement-sous-haute-securite-a-marseille-7900570032\" class=\"item-link\" target=\"_blank\" rel=\"noopener\">\u00ab\u00a0Mon c\u0153ur est d\u00e9chir\u00e9, je suis inconsolable\u00a0\u00bb : contre le narcotrafic, \u00e9motion et col\u00e8re \u00e0 Marseille en hommage \u00e0 Mehdi Kessaci<\/a><\/li>\n<li class=\"item\"><a href=\"https:\/\/www.rtl.fr\/actu\/justice-faits-divers\/justice-pour-mehdi-20-ans-mort-pour-rien-politiques-hommage-securite-ce-que-l-on-sait-du-rassemblement-contre-le-narcotrafic-a-marseille-7900570033\" class=\"item-link\" target=\"_blank\" rel=\"noopener\">\u00ab\u00a0Justice pour Mehdi, 20 ans, mort pour rien\u00a0\u00bb : politiques, hommage, s\u00e9curit\u00e9&#8230; Ce que l&rsquo;on sait du rassemblement  contre le narcotrafic \u00e0 Marseille<\/a><\/li>\n<\/ul>\n<p class=\"s-newsletter__title\">\n                L\u2019actualit\u00e9 par la r\u00e9daction de RTL dans votre bo\u00eete mail.\n            <\/p>\n<p class=\"s-newsletter__subtitle\">\n                Gr\u00e2ce \u00e0 votre compte RTL abonnez-vous \u00e0 la newsletter RTL info pour suivre toute l&rsquo;actualit\u00e9 au quotidien\n            <\/p>\n<p>\n                                    Lire la suite\n                                <\/p>\n","protected":false},"excerpt":{"rendered":"Trop dangereux ?\u00a0Orange\u00a0pr\u00e9f\u00e8re fermer son site de\u00a0Marseille\u00a0situ\u00e9 dans le quartier F\u00e9lix-Pyat, o\u00f9 travaillent environ 1.000 personnes, d\u00e8s vendredi&hellip;\n","protected":false},"author":2,"featured_media":563918,"comment_status":"","ping_status":"","sticky":false,"template":"","format":"standard","meta":{"footnotes":""},"categories":[2814],"tags":[1111,11,1052,1777,674,107,1011,27,884,12,738,882,25],"class_list":{"0":"post-563917","1":"post","2":"type-post","3":"status-publish","4":"format-standard","5":"has-post-thumbnail","7":"category-marseille","8":"tag-actu","9":"tag-actualites","10":"tag-drogue","11":"tag-eu","12":"tag-europe","13":"tag-fil-info","14":"tag-fr","15":"tag-france","16":"tag-marseille","17":"tag-news","18":"tag-orange","19":"tag-provence-alpes-cote-dazur","20":"tag-republique-francaise"},"share_on_mastodon":{"url":"https:\/\/pubeurope.com\/@fr\/115625986927879275","error":""},"_links":{"self":[{"href":"https:\/\/www.europesays.com\/fr\/wp-json\/wp\/v2\/posts\/563917","targetHints":{"allow":["GET"]}}],"collection":[{"href":"https:\/\/www.europesays.com\/fr\/wp-json\/wp\/v2\/posts"}],"about":[{"href":"https:\/\/www.europesays.com\/fr\/wp-json\/wp\/v2\/types\/post"}],"author":[{"embeddable":true,"href":"https:\/\/www.europesays.com\/fr\/wp-json\/wp\/v2\/users\/2"}],"replies":[{"embeddable":true,"href":"https:\/\/www.europesays.com\/fr\/wp-json\/wp\/v2\/comments?post=563917"}],"version-history":[{"count":0,"href":"https:\/\/www.europesays.com\/fr\/wp-json\/wp\/v2\/posts\/563917\/revisions"}],"wp:featuredmedia":[{"embeddable":true,"href":"https:\/\/www.europesays.com\/fr\/wp-json\/wp\/v2\/media\/563918"}],"wp:attachment":[{"href":"https:\/\/www.europesays.com\/fr\/wp-json\/wp\/v2\/media?parent=563917"}],"wp:term":[{"taxonomy":"category","embeddable":true,"href":"https:\/\/www.europesays.com\/fr\/wp-json\/wp\/v2\/categories?post=563917"},{"taxonomy":"post_tag","embeddable":true,"href":"https:\/\/www.europesays.com\/fr\/wp-json\/wp\/v2\/tags?post=563917"}],"curies":[{"name":"wp","href":"https:\/\/api.w.org\/{rel}","templated":true}]}}