{"id":563921,"date":"2025-11-28T06:49:16","date_gmt":"2025-11-28T06:49:16","guid":{"rendered":"https:\/\/www.europesays.com\/fr\/563921\/"},"modified":"2025-11-28T06:49:16","modified_gmt":"2025-11-28T06:49:16","slug":"la-documentaliste-dun-college-pres-de-lyon-condamnee-pour-avoir-denigre-des-eleves","status":"publish","type":"post","link":"https:\/\/www.europesays.com\/fr\/563921\/","title":{"rendered":"la documentaliste d&rsquo;un coll\u00e8ge pr\u00e8s de Lyon condamn\u00e9e pour avoir d\u00e9nigr\u00e9 des \u00e9l\u00e8ves"},"content":{"rendered":"<p itemprop=\"description\"><strong>Elle a parfaitement perp\u00e9tu\u00e9 la tradition des dames du CDI pas sympathiques.<\/strong><\/p>\n<p>La professeure-documentaliste du coll\u00e8ge priv\u00e9 Sainte-Marie \u00e0 Cours dans le Rh\u00f4ne a \u00e9t\u00e9 jug\u00e9e par le tribunal correctionnel de Villefranche-sur-Sa\u00f4ne.<\/p>\n<p>Il lui \u00e9tait reproch\u00e9e d&rsquo;avoir, lors des derniers mois de 2023, d\u00e9nigr\u00e9 des \u00e9l\u00e8ves, allant m\u00eame jusqu&rsquo;\u00e0 donner une tape derri\u00e8re la t\u00eate \u00e0 l&rsquo;un d&rsquo;entre eux.<\/p>\n<p>\u00ab\u00a0Petit merdeux\u00a0\u00bb, \u00ab\u00a0Tu n&rsquo;arriveras jamais \u00e0 rien\u00a0\u00bb&#8230; Autant de reproches qui avaient \u00e9t\u00e9 accompagn\u00e9s par une course-poursuite dans les couloirs avec un \u00e9l\u00e8ve turbulent de 14 ans. Il avait fallu l&rsquo;intervention de la comptable du coll\u00e8ge pour l&#8217;emp\u00eacher de le frapper.<\/p>\n<p>Condamn\u00e9e \u00e0 1000 euros d&rsquo;amende avec sursis, la documentaliste, actuellement en arr\u00eat et en reconversion pour devenir biblioth\u00e9caire, devra \u00e9galement indemniser ses victimes, \u00e0 hauteur de 1800 et 200 euros.<\/p>\n","protected":false},"excerpt":{"rendered":"Elle a parfaitement perp\u00e9tu\u00e9 la tradition des dames du CDI pas sympathiques. La professeure-documentaliste du coll\u00e8ge priv\u00e9 Sainte-Marie&hellip;\n","protected":false},"author":2,"featured_media":563922,"comment_status":"","ping_status":"","sticky":false,"template":"","format":"standard","meta":{"footnotes":""},"categories":[1889],"tags":[1111,11,2813,2190,2430,1109,251,1112,2811,1777,674,118,1011,27,1922,1110,1114,2428,2810,12,241,316,25,2812,517,800],"class_list":{"0":"post-563921","1":"post","2":"type-post","3":"status-publish","4":"format-standard","5":"has-post-thumbnail","7":"category-lyon","8":"tag-actu","9":"tag-actualites","10":"tag-article","11":"tag-asvel","12":"tag-auvergne-rhone-alpes","13":"tag-breves","14":"tag-culture","15":"tag-depeches","16":"tag-economique","17":"tag-eu","18":"tag-europe","19":"tag-faits-divers","20":"tag-fr","21":"tag-france","22":"tag-info","23":"tag-informations","24":"tag-infos","25":"tag-lyon","26":"tag-lyonmag","27":"tag-news","28":"tag-ol","29":"tag-politique","30":"tag-republique-francaise","31":"tag-sociale","32":"tag-sport","33":"tag-transports"},"share_on_mastodon":{"url":"https:\/\/pubeurope.com\/@fr\/115625994676926119","error":""},"_links":{"self":[{"href":"https:\/\/www.europesays.com\/fr\/wp-json\/wp\/v2\/posts\/563921","targetHints":{"allow":["GET"]}}],"collection":[{"href":"https:\/\/www.europesays.com\/fr\/wp-json\/wp\/v2\/posts"}],"about":[{"href":"https:\/\/www.europesays.com\/fr\/wp-json\/wp\/v2\/types\/post"}],"author":[{"embeddable":true,"href":"https:\/\/www.europesays.com\/fr\/wp-json\/wp\/v2\/users\/2"}],"replies":[{"embeddable":true,"href":"https:\/\/www.europesays.com\/fr\/wp-json\/wp\/v2\/comments?post=563921"}],"version-history":[{"count":0,"href":"https:\/\/www.europesays.com\/fr\/wp-json\/wp\/v2\/posts\/563921\/revisions"}],"wp:featuredmedia":[{"embeddable":true,"href":"https:\/\/www.europesays.com\/fr\/wp-json\/wp\/v2\/media\/563922"}],"wp:attachment":[{"href":"https:\/\/www.europesays.com\/fr\/wp-json\/wp\/v2\/media?parent=563921"}],"wp:term":[{"taxonomy":"category","embeddable":true,"href":"https:\/\/www.europesays.com\/fr\/wp-json\/wp\/v2\/categories?post=563921"},{"taxonomy":"post_tag","embeddable":true,"href":"https:\/\/www.europesays.com\/fr\/wp-json\/wp\/v2\/tags?post=563921"}],"curies":[{"name":"wp","href":"https:\/\/api.w.org\/{rel}","templated":true}]}}