{"id":563923,"date":"2025-11-28T06:51:14","date_gmt":"2025-11-28T06:51:14","guid":{"rendered":"https:\/\/www.europesays.com\/fr\/563923\/"},"modified":"2025-11-28T06:51:14","modified_gmt":"2025-11-28T06:51:14","slug":"pour-sauver-les-commerces-de-proximite-quel-est-ce-dispositif-de-la-metropole-du-grand-paris","status":"publish","type":"post","link":"https:\/\/www.europesays.com\/fr\/563923\/","title":{"rendered":"Pour sauver les commerces de proximit\u00e9, quel est ce dispositif de la M\u00e9tropole du Grand Paris ?"},"content":{"rendered":"<p class=\"article__intro\">Pour aider les petits commer\u00e7ants de centre-ville \u00e0 garder leur boutique, la M\u00e9tropole du Grand Paris a cr\u00e9\u00e9 une soci\u00e9t\u00e9 fonci\u00e8re. Celle-ci permet aux petits commerces de r\u00e9sister aux promoteurs immobiliers. Exemples \u00e0 Courbevoie ou Villeneuve-la-Garenne.<\/p>\n<p>\n      L\u2019actu des r\u00e9gions\n    <\/p>\n<p>\n      Chaque jour, un tour d\u2019horizon des principales infos de toutes les r\u00e9gions.\n    <\/p>\n<p>    France T\u00e9l\u00e9visions utilise votre adresse e-mail afin de vous envoyer la newsletter \u00ab\u00a0L\u2019actu des r\u00e9gions\u00a0\u00bb. Vous pouvez vous d\u00e9sinscrire \u00e0 tout moment via le lien en bas de cette newsletter. <a target=\"_blank\" href=\"https:\/\/www.francetelevisions.fr\/groupe\/confidentialite\/politique-de-confidentialite\/politique-de-confidentialite-de-france-televisions-6503\" rel=\"noopener\">Notre politique de confidentialit\u00e9<\/a><\/p>\n<p>Disparition de certains commerces de bouches rachet\u00e9s par des agences immobili\u00e8res ou de banques, c&rsquo;est le lot de beaucoup de g\u00e9rants de boutiques de proximit\u00e9 dans les centres-villes franciliens.<\/p>\n<p>Pour \u00e9viter ce ph\u00e9nom\u00e8ne, la m\u00e9tropole du Grand Paris a cr\u00e9\u00e9 une soci\u00e9t\u00e9 fonci\u00e8re. Exemple \u00e0 Courbevoie dans les Hauts-de-Seine o\u00f9 la mairie a pr\u00e9empt\u00e9 les boutiques situ\u00e9es dans un immeuble dont le propri\u00e9taire souhaite vendre tout d&rsquo;un bloc.<\/p>\n<p>La pr\u00e9emption par la mairie veut dire que \u00ab\u00a0c&rsquo;est donc l&rsquo;\u00c9tat qui fixe le prix. Pour cet ensemble, il est fix\u00e9 \u00e0 2 630 000 euros, la ville va acheter, la fonci\u00e8re rach\u00e8te \u00e0 la Ville et va porter le dossier jusqu&rsquo;\u00e0 ce qu&rsquo;un commer\u00e7ant rach\u00e8te le local \u00ab\u00a0, explique Eric Cesari, vice-pr\u00e9sident de la m\u00e9tropole du Grand Paris en charge de la strat\u00e9gie du d\u00e9veloppement.<\/p>\n<p>\u00ab\u00a0Ce magasin, c&rsquo;est mon b\u00e9b\u00e9, avant la pr\u00e9emption par la mairie, je pensais qu&rsquo;un grand investisseur allait venir, annuler les loyers et que nous serions oblig\u00e9s de partir dans quelques ann\u00e9es\u00a0\u00bb, r\u00e9agit Sina Gal, fleuriste dans le quartier.<\/p>\n<p>Un peu plus loin, \u00e0 Villeneuve-la-Garenne et gr\u00e2ce \u00e0 ce dispositif, une pharmacie a b\u00e9n\u00e9fici\u00e9 du d\u00e9part d&rsquo;un fast-food et a pu s&rsquo;agrandir. \u00ab\u00a0Nous sommes pass\u00e9s de 80 m\u00b2 de surface de vente \u00e0 200 m\u00b2 \u00ab\u00a0, raconte Nabila Gadiri, propri\u00e9taire de la pharmacie.<\/p>\n<p>\u00ab\u00a0Aujourd&rsquo;hui, nous avons des espaces d\u00e9di\u00e9s \u00e0 la vaccination, \u00e0 l&rsquo;orthop\u00e9die et m\u00eame \u00e0 la t\u00e9l\u00e9consultation\u00a0\u00bb, pr\u00e9cise la propri\u00e9taire. Une augmentation de la superficie qui permet d&rsquo;avoir des espaces de travail \u00ab\u00a0plus modernes et plus a\u00e9r\u00e9s\u00a0\u00bb, conclut-elle. <\/p>\n<p>Depuis sa cr\u00e9ation en 2023, la fonci\u00e8re de la m\u00e9tropole du Grand Paris a achet\u00e9 13 locaux commerciaux pour un montant avoisinant 4 millions d&rsquo;euros. \u00a0<\/p>\n","protected":false},"excerpt":{"rendered":"Pour aider les petits commer\u00e7ants de centre-ville \u00e0 garder leur boutique, la M\u00e9tropole du Grand Paris a cr\u00e9\u00e9&hellip;\n","protected":false},"author":2,"featured_media":563924,"comment_status":"","ping_status":"","sticky":false,"template":"","format":"standard","meta":{"footnotes":""},"categories":[1592],"tags":[1111,11,1777,674,1011,27,662,12,626,25],"class_list":{"0":"post-563923","1":"post","2":"type-post","3":"status-publish","4":"format-standard","5":"has-post-thumbnail","7":"category-ile-de-france","8":"tag-actu","9":"tag-actualites","10":"tag-eu","11":"tag-europe","12":"tag-fr","13":"tag-france","14":"tag-ile-de-france","15":"tag-news","16":"tag-paris","17":"tag-republique-francaise"},"share_on_mastodon":{"url":"https:\/\/pubeurope.com\/@fr\/115626002610278767","error":""},"_links":{"self":[{"href":"https:\/\/www.europesays.com\/fr\/wp-json\/wp\/v2\/posts\/563923","targetHints":{"allow":["GET"]}}],"collection":[{"href":"https:\/\/www.europesays.com\/fr\/wp-json\/wp\/v2\/posts"}],"about":[{"href":"https:\/\/www.europesays.com\/fr\/wp-json\/wp\/v2\/types\/post"}],"author":[{"embeddable":true,"href":"https:\/\/www.europesays.com\/fr\/wp-json\/wp\/v2\/users\/2"}],"replies":[{"embeddable":true,"href":"https:\/\/www.europesays.com\/fr\/wp-json\/wp\/v2\/comments?post=563923"}],"version-history":[{"count":0,"href":"https:\/\/www.europesays.com\/fr\/wp-json\/wp\/v2\/posts\/563923\/revisions"}],"wp:featuredmedia":[{"embeddable":true,"href":"https:\/\/www.europesays.com\/fr\/wp-json\/wp\/v2\/media\/563924"}],"wp:attachment":[{"href":"https:\/\/www.europesays.com\/fr\/wp-json\/wp\/v2\/media?parent=563923"}],"wp:term":[{"taxonomy":"category","embeddable":true,"href":"https:\/\/www.europesays.com\/fr\/wp-json\/wp\/v2\/categories?post=563923"},{"taxonomy":"post_tag","embeddable":true,"href":"https:\/\/www.europesays.com\/fr\/wp-json\/wp\/v2\/tags?post=563923"}],"curies":[{"name":"wp","href":"https:\/\/api.w.org\/{rel}","templated":true}]}}