{"id":563926,"date":"2025-11-28T06:53:18","date_gmt":"2025-11-28T06:53:18","guid":{"rendered":"https:\/\/www.europesays.com\/fr\/563926\/"},"modified":"2025-11-28T06:53:18","modified_gmt":"2025-11-28T06:53:18","slug":"paris-un-homme-grievement-blesse-a-la-machette-par-le-nouveau-compagnon-de-son-ex","status":"publish","type":"post","link":"https:\/\/www.europesays.com\/fr\/563926\/","title":{"rendered":"Paris\u00a0: un homme gri\u00e8vement bless\u00e9 \u00e0 la machette par le nouveau compagnon de son ex"},"content":{"rendered":"<p class=\"paragraph text_align_left lp-f-body-02\">Devant cet immeuble de la rue Cronstadt, dans <a href=\"https:\/\/www.leparisien.fr\/paris-75\/paris-75015\/\" target=\"_blank\" rel=\"noreferrer noopener\">le XVe arrondissement<\/a>, une quinzaine de policiers occupe le trottoir, dont l\u2019acc\u00e8s a \u00e9t\u00e9 barr\u00e9 de chaque c\u00f4t\u00e9 par un p\u00e9rim\u00e8tre de s\u00e9curit\u00e9. L\u2019un d\u2019eux, muni de gants bleus en latex, tient une bo\u00eete cylindrique en plastique. \u00c0 l\u2019int\u00e9rieur, on distingue <a href=\"https:\/\/www.leparisien.fr\/faits-divers\/paris-trois-hommes-munis-dune-machette-prennent-dassaut-un-magasin-de-telephonie-15-06-2025-J5NQ76BQ45GE3AIQBS2V5ZRGVA.php\" target=\"_blank\" rel=\"noreferrer noopener\">une machette<\/a> d\u2019une trentaine de centim\u00e8tres. \u00ab Ils l\u2019ont retrouv\u00e9e dans la voiture qui \u00e9tait gar\u00e9e juste l\u00e0 \u00bb, racontent des habitants de l\u2019immeuble, d\u00e9signant de l\u2019index une place de parking libre.<\/p>\n<p class=\"paragraph text_align_left lp-f-body-02\">Au petit matin de ce jeudi 27 novembre, l\u2019avenue de la Porte-de-la-Plaine, \u00e0 quelques centaines de m\u00e8tres de l\u00e0, a \u00e9t\u00e9 le th\u00e9\u00e2tre d\u2019un r\u00e8glement de comptes qui aurait pu virer au drame. Un homme de 43 ans a \u00e9t\u00e9 gri\u00e8vement bless\u00e9 au bras \u00e0 coups de machette lors d\u2019une violente dispute avec le nouveau compagnon de son ex-compagne. Le suspect, \u00e2g\u00e9 \u00e9galement de 43 ans, a \u00e9t\u00e9 interpell\u00e9 quelques heures plus tard.<\/p>\n<p class=\"paragraph text_align_left lp-f-body-02\">Peu apr\u00e8s 8h30, les policiers sont appel\u00e9s pour \u00ab une bagarre \u00e0 l\u2019<a href=\"https:\/\/www.leparisien.fr\/essonne-91\/couteaux-zombie-poings-americains-ces-armes-interdites-que-vous-devez-rendre-aux-forces-de-lordre-27-11-2025-YY43S5W7ZBBOJDFO267RQBNAF4.php\" target=\"_blank\" rel=\"noreferrer noopener\">arme blanche<\/a> \u00bb, selon les termes du parquet de Paris. \u00c0 leur arriv\u00e9e au 3, avenue de la Porte-de-la-Plaine, ils d\u00e9couvrent la victime, n\u00e9e en janvier 1981 au Lamentin, \u00ab au sol, le bras bless\u00e9 jusqu\u2019\u00e0 l\u2019os \u00bb, pr\u00e9cise le parquet. Un passant, t\u00e9moin de la sc\u00e8ne, a eu le r\u00e9flexe salvateur de poser un garrot avant l\u2019arriv\u00e9e du Samu. L\u2019homme, en urgence r\u00e9serv\u00e9e, est transport\u00e9 \u00e0 l\u2019h\u00f4pital europ\u00e9en Georges-Pompidou (XVe).<\/p>\n<p>Il frappe son ex avec un b\u00e2ton<\/p>\n<p class=\"paragraph text_align_left lp-f-body-02\">D\u2019apr\u00e8s les t\u00e9moignages recueillis sur place, tout commence par une premi\u00e8re altercation. \u00ab La victime aurait frapp\u00e9 son ex-compagne \u00e0 l\u2019aide d\u2019un b\u00e2ton \u00bb, relate une source polici\u00e8re. Le compagnon actuel de la femme, depuis la fen\u00eatre de son appartement situ\u00e9 au septi\u00e8me \u00e9tage du 9 de la m\u00eame rue, assiste \u00e0 la sc\u00e8ne. Il descend imm\u00e9diatement pour en d\u00e9coudre avec l\u2019agresseur pr\u00e9sum\u00e9 de sa compagne.<\/p>\n<p class=\"lp-card-podcast-highlighting__title  lp-f-subtitle-05\">[2\/2] L\u2019affaire Jean Aprin\u00a0: complot criminel dans les vignes<\/p>\n<p><a class=\"lp-card-podcast-highlighting__call-to-action\" data-page-type=\"HP\" data-block-name=\"podcast-highlight\">\u00c9couter<\/a><\/p>\n<p class=\"paragraph text_align_left lp-f-body-02\">\u00ab Un t\u00e9moin a compris qu\u2019il pouvait s\u2019agir d\u2019une dispute entre le conjoint et l\u2019ex d\u2019une personne du quartier \u00bb, confirme le parquet de Paris. \u00ab Les deux hommes s\u2019en \u00e9taient d\u2019abord pris l\u2019un \u00e0 l\u2019autre verbalement puis \u00e0 mains nues, avant d\u2019aller chacun chercher un objet pour se battre. \u00bb Le suspect se dirige alors vers son v\u00e9hicule stationn\u00e9 dans la rue, s\u2019empare d\u2019une machette et porte plusieurs coups. La victime est touch\u00e9e au bras gauche. Apr\u00e8s l\u2019agression, l\u2019homme prend la fuite \u00e0 bord de sa voiture.<\/p>\n<p class=\"paragraph text_align_left lp-f-body-02\">Un appel g\u00e9n\u00e9ral est lanc\u00e9 sur les ondes de l\u2019agglom\u00e9ration parisienne. Gr\u00e2ce \u00e0 la g\u00e9olocalisation de son t\u00e9l\u00e9phone portable, le mis en cause, n\u00e9 en octobre 1981, est localis\u00e9 et interpell\u00e9 \u00ab peu apr\u00e8s 11 heures \u00bb, indique le parquet. L\u2019arrestation a lieu au 42, rue de Cronstadt, \u00e0 quelques centaines de m\u00e8tres du lieu de l\u2019agression.<\/p>\n<p class=\"paragraph text_align_left lp-f-body-02\">L\u2019homme a \u00e9t\u00e9 plac\u00e9 en garde \u00e0 vue et le Service d\u2019accueil et d\u2019investigations de proximit\u00e9 (SAIP) du XVe arrondissement a \u00e9t\u00e9 saisi de l\u2019enqu\u00eate. La femme \u00e0 l\u2019origine de la dispute n\u2019a pas \u00e9t\u00e9 retrouv\u00e9e. \u00ab Son appartement \u00e9tait vide de tout occupant \u00bb, pr\u00e9cise une source polici\u00e8re.<\/p>\n<p class=\"paragraph text_align_left lp-f-body-02\">Ce type d\u2019agression n\u2019est pas isol\u00e9 dans la capitale. Plus r\u00e9cemment, en septembre 2025, une <a href=\"https:\/\/www.leparisien.fr\/paris-75\/paris-une-attaque-a-larme-blanche-fait-un-blesse-dans-le-viie-arrondissement-lauteur-en-fuite-11-09-2025-SSZLKJSWFZG5VBUZLDFRBOHEN4.php\" target=\"_blank\" rel=\"noreferrer noopener\">agression \u00e0 la machette<\/a> s\u2019\u00e9tait produite dans le VIIe arrondissement, \u00e0 proximit\u00e9 du XVe. Un homme d\u2019une cinquantaine d\u2019ann\u00e9es avait \u00e9t\u00e9 bless\u00e9 au cr\u00e2ne et au bras, place de Breteuil. Le suspect, un trentenaire suivi pour troubles psychiatriques, avait \u00e9t\u00e9 arr\u00eat\u00e9 puis \u00e9crou\u00e9.<\/p>\n","protected":false},"excerpt":{"rendered":"Devant cet immeuble de la rue Cronstadt, dans le XVe arrondissement, une quinzaine de policiers occupe le trottoir,&hellip;\n","protected":false},"author":2,"featured_media":563927,"comment_status":"","ping_status":"","sticky":false,"template":"","format":"standard","meta":{"footnotes":""},"categories":[1888],"tags":[1111,1928,11,1927,1777,674,118,1011,27,12,1926,626,1925,25],"class_list":{"0":"post-563926","1":"post","2":"type-post","3":"status-publish","4":"format-standard","5":"has-post-thumbnail","7":"category-paris","8":"tag-actu","9":"tag-actu-paris","10":"tag-actualites","11":"tag-actualites-paris","12":"tag-eu","13":"tag-europe","14":"tag-faits-divers","15":"tag-fr","16":"tag-france","17":"tag-news","18":"tag-news-paris","19":"tag-paris","20":"tag-paris-news","21":"tag-republique-francaise"},"share_on_mastodon":{"url":"https:\/\/pubeurope.com\/@fr\/115626010676325740","error":""},"_links":{"self":[{"href":"https:\/\/www.europesays.com\/fr\/wp-json\/wp\/v2\/posts\/563926","targetHints":{"allow":["GET"]}}],"collection":[{"href":"https:\/\/www.europesays.com\/fr\/wp-json\/wp\/v2\/posts"}],"about":[{"href":"https:\/\/www.europesays.com\/fr\/wp-json\/wp\/v2\/types\/post"}],"author":[{"embeddable":true,"href":"https:\/\/www.europesays.com\/fr\/wp-json\/wp\/v2\/users\/2"}],"replies":[{"embeddable":true,"href":"https:\/\/www.europesays.com\/fr\/wp-json\/wp\/v2\/comments?post=563926"}],"version-history":[{"count":0,"href":"https:\/\/www.europesays.com\/fr\/wp-json\/wp\/v2\/posts\/563926\/revisions"}],"wp:featuredmedia":[{"embeddable":true,"href":"https:\/\/www.europesays.com\/fr\/wp-json\/wp\/v2\/media\/563927"}],"wp:attachment":[{"href":"https:\/\/www.europesays.com\/fr\/wp-json\/wp\/v2\/media?parent=563926"}],"wp:term":[{"taxonomy":"category","embeddable":true,"href":"https:\/\/www.europesays.com\/fr\/wp-json\/wp\/v2\/categories?post=563926"},{"taxonomy":"post_tag","embeddable":true,"href":"https:\/\/www.europesays.com\/fr\/wp-json\/wp\/v2\/tags?post=563926"}],"curies":[{"name":"wp","href":"https:\/\/api.w.org\/{rel}","templated":true}]}}