{"id":563936,"date":"2025-11-28T06:58:17","date_gmt":"2025-11-28T06:58:17","guid":{"rendered":"https:\/\/www.europesays.com\/fr\/563936\/"},"modified":"2025-11-28T06:58:17","modified_gmt":"2025-11-28T06:58:17","slug":"les-etats-unis-font-du-chantage-pour-que-leurope-abandonne-ses-lois-de-regulation-du-numerique-frandroid","status":"publish","type":"post","link":"https:\/\/www.europesays.com\/fr\/563936\/","title":{"rendered":"Les \u00c9tats-Unis font du \u00ab\u2009chantage\u2009\u00bb pour que l\u2019Europe abandonne ses lois de r\u00e9gulation du num\u00e9rique \u2014 Frandroid"},"content":{"rendered":"<p>Cible de toutes les pressions depuis sa mise en place, le Digital Markets Act, pierre angulaire de la r\u00e9gulation num\u00e9rique europ\u00e9enne, re\u00e7oit des coups de boutoir de l\u2019administration Trump.<\/p>\n<p><a target=\"_blank\" href=\"https:\/\/images.frandroid.com\/wp-content\/uploads\/2025\/05\/union-europeenne-1200x783-1.jpg\" class=\"article-content__figure\" rel=\"noopener\"><img fetchpriority=\"high\" decoding=\"async\" loading=\"eager\" width=\"1200\" height=\"783\" src=\"https:\/\/www.europesays.com\/fr\/wp-content\/uploads\/2025\/11\/union-europeenne-1200x783-1.jpg\" alt=\"\" class=\"wp-image-2630041 wp-image wp-image\"  \/><\/a>Source\u00a0: <a href=\"https:\/\/unsplash.com\/photos\/Pcs3mOL14Sk\" target=\"_blank\" rel=\"noreferrer noopener\">Alexandre Lallemand via Unsplash<\/a><\/p>\n<p><a href=\"https:\/\/www.frandroid.com\/culture-tech\/politique\/1617637_comment-lue-veut-mettre-fin-aux-abus-des-geants-dinternet-les-gamam\" target=\"_blank\" rel=\"noopener\">Le DMA<\/a> est-il sur la sellette\u2009? Au vu des derni\u00e8res d\u00e9clarations de la commissaire europ\u00e9enne charg\u00e9e de la Concurrence, on peut se permettre de le croire. <a href=\"https:\/\/www.politico.eu\/article\/la-commissaire-europeenne-teresa-ribera-accuse-les-etats-unis-de-chantage-dans-les-negociations-commerciales\/\" target=\"_blank\" rel=\"noreferrer noopener\">Dans un entretien accord\u00e9 \u00e0 Politico<\/a>, la responsable estime que les \u00c9tats-Unis ont recours \u00e0 un \u00ab\u2009chantage\u2009\u00bb \u00e9vident pour d\u00e9manteler le r\u00e8glement sur les march\u00e9s num\u00e9riques.<\/p>\n<p>Apr\u00e8s avoir ouvert des tractations <a href=\"https:\/\/www.frandroid.com\/culture-tech\/politique\/2868831_le-plus-grand-recul-pour-les-droits-numeriques-fondamentaux-voici-ce-qui-se-joue-en-europe-sur-la-protection-de-la-vie-privee\" target=\"_blank\" rel=\"noopener\">pour \u00ab\u2009simplifier\u2009\u00bb le RGPD<\/a>, l\u2019autre grand effort de r\u00e9gulation du num\u00e9rique sur le Vieux Continent sera-t-il sacrifi\u00e9 sur l\u2019autel du libre-\u00e9change\u2009?<\/p>\n<p>Une guerre \u00e9conomique<\/p>\n<p>D\u2019apr\u00e8s le secr\u00e9taire au commerce am\u00e9ricain, les droits de douane sur l\u2019acier et l\u2019aluminium pourraient bien \u00e9voluer en d\u00e9faveur des 27 si Bruxelles poursuivait son offensive r\u00e9gulatrice sur les g\u00e9ants du web. <a href=\"https:\/\/www.frandroid.com\/culture-tech\/web\/1776743_le-digital-services-act-dsa-entre-en-application-tout-ce-que-ca-va-changer-sur-internet\" target=\"_blank\" rel=\"noopener\">Le Digital Services Act<\/a> (pens\u00e9 pour am\u00e9liorer la mod\u00e9ration sur le web) est aussi vis\u00e9, car vu comme trop restrictif sur les sujets touchant \u00e0 la libert\u00e9 d\u2019expression.<\/p>\n<p>Pour rappel, le DMA a pour but d\u2019\u00e9viter les abus de position dominante en Europe en for\u00e7ant les g\u00e9ants du web \u00e0 ouvrir leurs \u00e9cosyst\u00e8mes \u00e0 la concurrence.<a href=\"https:\/\/www.frandroid.com\/marques\/apple\/2592031_chantage-economique-dangereux-pour-la-vie-privee-taxe-a-plusieurs-milliards-les-amendes-contre-meta-e\" target=\"_blank\" rel=\"noopener\"> Des acteurs comme Meta ou Apple ont d\u00e9j\u00e0 \u00e9t\u00e9 sanctionn\u00e9s<\/a> et le fabricant d\u2019iPhone est d\u2019ailleurs parti en guerre ouverte contre ce texte qu\u2019elle estime \u00ab\u2009dangereux pour la vie priv\u00e9e et la s\u00e9curit\u00e9 de nos utilisateurs\u2009\u00bb. Du c\u00f4t\u00e9 de Meta, la critique voudrait que le DMA \u00ab\u2009bride les entreprises am\u00e9ricaines en imposant des r\u00e8gles diff\u00e9rentes pour les firmes \u00e9tasuniennes et chinoises\u2009\u00bb.<\/p>\n<p><a target=\"_blank\" href=\"https:\/\/images.frandroid.com\/wp-content\/uploads\/2025\/11\/teresa-ribera-consejo-de-ministros-de-5-de-octubre-de-2018.jpg\" class=\"article-content__figure\" rel=\"noopener\"><img loading=\"lazy\" decoding=\"async\" width=\"1200\" height=\"798\" src=\"https:\/\/www.europesays.com\/fr\/wp-content\/uploads\/2025\/11\/teresa-ribera-consejo-de-ministros-de-5-de-octubre-de-2018-1200x798.jpg\" alt=\"\" class=\"wp-image-2889631 wp-image\"  \/><\/a>Teresa Ribera, commissaire europ\u00e9enne charg\u00e9e de la Concurrence \/\/ Cr\u00e9dit Ministry of the Presidency. Government of Spain (Wikimedia Commons)<\/p>\n<p>C\u2019est le m\u00eame argument qui a d\u2019ailleurs \u00e9t\u00e9 utilis\u00e9 par l\u2019administration Trump dans sa tentative de \u00ab\u2009chantage\u2009\u00bb. Outre-Atlantique, <a href=\"https:\/\/www.frandroid.com\/culture-tech\/2772517_donald-trump-menace-encore-leurope-quil-accuse-de-discriminer-les-technologies-americaines\" target=\"_blank\" rel=\"noopener\">on estime<\/a> que ces lois sont \u00ab\u2009discriminantes envers les technologies am\u00e9ricaines\u2009\u00bb et qu\u2019elle repr\u00e9sente des obstacles \u00e0 la saine concurrence sur le Vieux Continent. \u00ab\u2009Les r\u00e8gles europ\u00e9ennes en mati\u00e8re de num\u00e9rique ne sont pas \u00e0 n\u00e9gocier\u2009\u00bb, a toutefois rappel\u00e9 Teresa Ribera dans cette bataille par d\u00e9claration interpos\u00e9e.<\/p>\n<p>Des semaines d\u00e9cisives<\/p>\n<p>Apr\u00e8s la guerre des nerfs men\u00e9s par Apple, <a href=\"https:\/\/www.frandroid.com\/produits-android\/accessoires-objets-connectes\/montres-connectees-2\/2855387_apple-desactive-une-fonction-iphone-watch-en-europe-le-dma-pousse-trop-loin-apple-casse-tout\" target=\"_blank\" rel=\"noopener\">qui a d\u00e9sactiv\u00e9 des fonctions de son iPhone et de son Apple Watch<\/a> sous pr\u00e9texte qu\u2019elle ne respectait pas l\u2019esprit du DMA, voil\u00e0 que des menaces \u00e9conomiques bien plus concr\u00e8tes viennent semer la zizanie au sein des 27.<\/p>\n<p class=\"shortcode-container see-more\">\n    Pour aller plus loin<br \/><a href=\"https:\/\/www.frandroid.com\/culture-tech\/economie\/2578639_leurope-menace-de-sortir-le-bazooka-contre-google-meta-et-amazon-pour-repondre-a-donald-trump\" target=\"_blank\" rel=\"noopener\">L\u2019Europe menace de sortir le \u00ab bazooka \u00bb contre Google, Meta et Amazon pour r\u00e9pondre \u00e0 Donald Trump<\/a>\n            <\/p>\n<p>L\u2019op\u00e9ration pourrait d\u2019ailleurs bien fonctionner, puisque <a href=\"https:\/\/www.frandroid.com\/culture-tech\/politique\/2868831_le-plus-grand-recul-pour-les-droits-numeriques-fondamentaux-voici-ce-qui-se-joue-en-europe-sur-la-protection-de-la-vie-privee\" target=\"_blank\" rel=\"noopener\">certains pays membres militent plus volontiers que d\u2019autres<\/a> pour un assouplissement des r\u00e8gles sur le num\u00e9rique. Les semaines qui viennent risquent d\u2019\u00eatre d\u00e9cisives pour la politique num\u00e9rique europ\u00e9enne.<\/p>\n","protected":false},"excerpt":{"rendered":"Cible de toutes les pressions depuis sa mise en place, le Digital Markets Act, pierre angulaire de la&hellip;\n","protected":false},"author":2,"featured_media":563937,"comment_status":"","ping_status":"","sticky":false,"template":"","format":"standard","meta":{"footnotes":""},"categories":[1589],"tags":[11,4122,67986,75,73,1866,674,12,5122,1864,1865,1863,308],"class_list":{"0":"post-563936","1":"post","2":"type-post","3":"status-publish","4":"format-standard","5":"has-post-thumbnail","7":"category-etats-unis","8":"tag-actualites","9":"tag-digital-markets-act-dma","10":"tag-digital-services-act","11":"tag-donald-trump","12":"tag-etats-unis","13":"tag-etats-unis-damerique","14":"tag-europe","15":"tag-news","16":"tag-rgpd","17":"tag-united-states","18":"tag-united-states-of-america","19":"tag-us","20":"tag-usa"},"share_on_mastodon":{"url":"https:\/\/pubeurope.com\/@fr\/115626031506721887","error":""},"_links":{"self":[{"href":"https:\/\/www.europesays.com\/fr\/wp-json\/wp\/v2\/posts\/563936","targetHints":{"allow":["GET"]}}],"collection":[{"href":"https:\/\/www.europesays.com\/fr\/wp-json\/wp\/v2\/posts"}],"about":[{"href":"https:\/\/www.europesays.com\/fr\/wp-json\/wp\/v2\/types\/post"}],"author":[{"embeddable":true,"href":"https:\/\/www.europesays.com\/fr\/wp-json\/wp\/v2\/users\/2"}],"replies":[{"embeddable":true,"href":"https:\/\/www.europesays.com\/fr\/wp-json\/wp\/v2\/comments?post=563936"}],"version-history":[{"count":0,"href":"https:\/\/www.europesays.com\/fr\/wp-json\/wp\/v2\/posts\/563936\/revisions"}],"wp:featuredmedia":[{"embeddable":true,"href":"https:\/\/www.europesays.com\/fr\/wp-json\/wp\/v2\/media\/563937"}],"wp:attachment":[{"href":"https:\/\/www.europesays.com\/fr\/wp-json\/wp\/v2\/media?parent=563936"}],"wp:term":[{"taxonomy":"category","embeddable":true,"href":"https:\/\/www.europesays.com\/fr\/wp-json\/wp\/v2\/categories?post=563936"},{"taxonomy":"post_tag","embeddable":true,"href":"https:\/\/www.europesays.com\/fr\/wp-json\/wp\/v2\/tags?post=563936"}],"curies":[{"name":"wp","href":"https:\/\/api.w.org\/{rel}","templated":true}]}}