{"id":563940,"date":"2025-11-28T07:00:17","date_gmt":"2025-11-28T07:00:17","guid":{"rendered":"https:\/\/www.europesays.com\/fr\/563940\/"},"modified":"2025-11-28T07:00:17","modified_gmt":"2025-11-28T07:00:17","slug":"le-parti-communiste-du-vietnam-renforce-ses-liens-avec-le-parti-de-gauche-allemand","status":"publish","type":"post","link":"https:\/\/www.europesays.com\/fr\/563940\/","title":{"rendered":"Le Parti communiste du Vietnam renforce ses liens avec le Parti de gauche allemand"},"content":{"rendered":"<p>&#13;<br \/>\n                        Le Parti communiste du Vietnam renforce ses liens avec le Parti de gauche allemand&#13;\n                    <\/p>\n<p style=\"text-align:\">Une d\u00e9l\u00e9gation du Parti communiste du Vietnam (PCV), conduite par Nguy\u00ean Thuy Anh, membre du Comit\u00e9 central du PCV et vice-pr\u00e9sidente de sa Commission des politiques et des strat\u00e9gies, a effectu\u00e9 une visite de travail en Allemagne du 24 au 27 novembre et a particip\u00e9 au 6e dialogue politique entre le PCV et le Parti de gauche allemand Die Linke.<\/p>\n<p><a href=\"https:\/\/lecourrier.vn\/les-liens-entre-le-pcv-et-le-pru-une-base-solide-pour-les-relations-vietnam-russie\/1282769.html\" title=\"Les liens entre le PCV et le PRU, une base solide pour les relations Vietnam - Russie\" target=\"_blank\" rel=\"noopener\">&gt;&gt; Les liens entre le PCV et le PRU, une base solide pour les relations Vietnam &#8211; Russie<\/a><\/p>\n<p><a href=\"https:\/\/lecourrier.vn\/pour-renforcer-les-relations-entre-le-pcv-et-le-parti-du-travail-du-mexique\/1289832.html\" title=\"Pour renforcer les relations entre le PCV et le Parti du Travail du Mexique\" target=\"_blank\" rel=\"noopener\">&gt;&gt; Pour renforcer les relations entre le PCV et le Parti du Travail du Mexique<\/a><\/p>\n<p><a href=\"https:\/\/lecourrier.vn\/le-pcv-attache-une-grande-importance-a-ses-liens-avec-le-parti-russie-unie\/1292716.html\" title=\"Le PCV attache une grande importance \u00e0 ses liens avec le Parti Russie Unie\" target=\"_blank\" rel=\"noopener\">&gt;&gt; Le PCV attache une grande importance \u00e0 ses liens avec le Parti Russie Unie<\/a><\/p>\n<tr>\n<td class=\"pic\"><img decoding=\"async\" class=\"lazyload\" src=\"https:\/\/www.europesays.com\/fr\/wp-content\/uploads\/2025\/11\/134252-bodo-ramelow-1.jpg\" alt=\"\"\/><\/td>\n<\/tr>\n<tr>\n<td class=\"caption\">Lors de la rencontre entre les d\u00e9l\u00e9gations vietnamienne (droite) et allemande. <\/td>\n<\/tr>\n<tr align=\"right\">\n<td class=\"author\">Photo : VNA\/CVN<\/td>\n<\/tr>\n<p style=\"text-align:left\">Au cours de cette visite, Nguy\u00ean Thuy Anh s\u2019est entretenue avec Bodo Ramelow, vice-pr\u00e9sident du Bundestag allemand, et Jan van Aken, co-pr\u00e9sident du Parti de gauche, et l\u2019envoy\u00e9 sp\u00e9cial du gouvernement allemand pour la r\u00e9gion Asie-Pacifique, Joachim Bertele.<\/p>\n<p style=\"text-align:left\">Dans le Land de Mecklembourg-Pom\u00e9ranie-Occidentale, en Allemagne du Nord, la d\u00e9l\u00e9gation a travaill\u00e9 avec Torsten Koplin, directeur parlementaire du groupe parlementaire du Parti de gauche, et Jacqueline Bernhardt, ministre de la Justice, de l\u2019\u00c9galit\u00e9 des genres et de la Protection des consommateurs.<\/p>\n<p style=\"text-align:left\">La d\u00e9l\u00e9gation du PCV a \u00e9galement rencontr\u00e9 des repr\u00e9sentants et des membres du personnel de l\u2019ambassade du Vietnam \u00e0 Berlin.<\/p>\n<p style=\"text-align:left\">Le 24 novembre, Nguy\u00ean Thuy Anh et Maximilian Schirmer, vice-pr\u00e9sident du Parti de gauche, ont copr\u00e9sid\u00e9 le sixi\u00e8me dialogue politique entre les deux partis.<\/p>\n<p style=\"text-align:left\">Lors de ce dialogue et de diverses rencontres, elle a r\u00e9affirm\u00e9 que le Parti et l\u2019\u00c9tat vietnamiens accordent une priorit\u00e9 constante au d\u00e9veloppement du partenariat strat\u00e9gique avec l\u2019Allemagne, partenaire cl\u00e9 du Vietnam en Europe. Elle a \u00e9galement salu\u00e9 le r\u00f4le de premier plan de l\u2019Allemagne au sein de l\u2019Union europ\u00e9enne (UE) et a exprim\u00e9 sa gratitude pour l\u2019amiti\u00e9 de longue date qui unit les deux nations.<\/p>\n<p style=\"text-align:left\">Les deux parties participant au dialogue se sont inform\u00e9es mutuellement de la situation dans leurs pays respectifs, ainsi que des orientations, politiques et objectifs de d\u00e9veloppement de leurs partis et \u00c9tats respectifs ; des enjeux auxquels chaque parti et pays est confront\u00e9 dans le contexte d\u2019\u00e9volutions internationales et r\u00e9gionales importantes et complexes ; et ont partag\u00e9 leurs exp\u00e9riences pratiques en mati\u00e8re de renforcement du parti, de communication et de mobilisation des masses, et de d\u00e9veloppement socio-\u00e9conomique aux niveaux local et national.<\/p>\n<p style=\"text-align:left\">Elles ont soulign\u00e9 que la promotion active du d\u00e9veloppement de la science et de la technologie, de l\u2019innovation, de la transformation num\u00e9rique et de la r\u00e9forme institutionnelle constitue la voie juste et novatrice pour assurer un d\u00e9veloppement national rapide et durable, tout en pr\u00e9servant les int\u00e9r\u00eats des travailleurs et des groupes vuln\u00e9rables.<\/p>\n<p style=\"text-align:left\">Les deux parties ont \u00e9galement \u00e9chang\u00e9 leurs points de vue sur des questions internationales et r\u00e9gionales d\u2019int\u00e9r\u00eat commun et se sont accord\u00e9s sur la n\u00e9cessit\u00e9 de renforcer la coop\u00e9ration et de coordonner les positions des deux Parties, contribuant ainsi \u00e0 l\u2019am\u00e9lioration de la coop\u00e9ration globale entre les deux pays et \u00e0 la promotion de la paix, de la stabilit\u00e9 et du d\u00e9veloppement durable dans la r\u00e9gion et dans le monde.<\/p>\n<p style=\"text-align:left\">Elles ont manifest\u00e9 leur soutien au r\u00e8glement pacifique des diff\u00e9rends et des conflits, dans le respect du droit international et des principes fondamentaux de la Charte des Nations unies.<\/p>\n<p style=\"text-align:left\">Lors des discussions, la partie allemande a f\u00e9licit\u00e9 le Vietnam pour ses progr\u00e8s et ses efforts de r\u00e9forme au cours des derni\u00e8res ann\u00e9es, et a exprim\u00e9 sa confiance dans la capacit\u00e9 du Vietnam \u00e0 atteindre les objectifs majeurs que le pays s\u2019est fix\u00e9s pour la nouvelle \u00e8re.<\/p>\n<p style=\"text-align:left\">Le Parti de gauche a convenu que le dialogue politique constitue un canal de coop\u00e9ration efficace permettant aux deux partis de mieux comprendre leur situation respective et les tendances mondiales, et d\u2019\u00e9changer des points de vue sur de nombreuses questions th\u00e9oriques et pratiques d\u2019int\u00e9r\u00eat commun aux niveaux national, r\u00e9gional et mondial, telles que la d\u00e9centralisation et la d\u00e9l\u00e9gation de pouvoirs, l\u2019\u00e9quilibre des recettes et des d\u00e9penses budg\u00e9taires locales, la r\u00e9duction des disparit\u00e9s de richesse et des in\u00e9galit\u00e9s sociales, et la protection de l\u2019environnement.<\/p>\n<p style=\"text-align:left\">Les deux parties ont convenu de l\u2019importance de renforcer davantage la coop\u00e9ration bilat\u00e9rale dans des domaines tels que le commerce et l\u2019investissement, l\u2019\u00e9ducation et la formation, les sciences et les technologies, la justice, l\u2019\u00e9galit\u00e9 des sexes, la culture et les \u00e9changes entre les peuples, le travail et la formation professionnelle, notamment au niveau local. Elles ont convenu de tenir le septi\u00e8me dialogue politique au Vietnam en 2026.<\/p>\n<p style=\"text-align:right\"><b>VNA\/CVN<\/b><\/p>\n","protected":false},"excerpt":{"rendered":"&#13; Le Parti communiste du Vietnam renforce ses liens avec le Parti de gauche allemand&#13; Une d\u00e9l\u00e9gation du&hellip;\n","protected":false},"author":2,"featured_media":563941,"comment_status":"","ping_status":"","sticky":false,"template":"","format":"standard","meta":{"footnotes":""},"categories":[1587],"tags":[11,672,1804,1805,1803,1777,674,1801,12,67988,67987,1802],"class_list":{"0":"post-563940","1":"post","2":"type-post","3":"status-publish","4":"format-standard","5":"has-post-thumbnail","7":"category-allemagne","8":"tag-actualites","9":"tag-allemagne","10":"tag-bundesrepublik-deutschland","11":"tag-de","12":"tag-deutschland","13":"tag-eu","14":"tag-europe","15":"tag-germany","16":"tag-news","17":"tag-parti-de-gauche-allemand","18":"tag-pcv","19":"tag-republique-federale-dallemagne"},"share_on_mastodon":{"url":"https:\/\/pubeurope.com\/@fr\/115626038327414930","error":""},"_links":{"self":[{"href":"https:\/\/www.europesays.com\/fr\/wp-json\/wp\/v2\/posts\/563940","targetHints":{"allow":["GET"]}}],"collection":[{"href":"https:\/\/www.europesays.com\/fr\/wp-json\/wp\/v2\/posts"}],"about":[{"href":"https:\/\/www.europesays.com\/fr\/wp-json\/wp\/v2\/types\/post"}],"author":[{"embeddable":true,"href":"https:\/\/www.europesays.com\/fr\/wp-json\/wp\/v2\/users\/2"}],"replies":[{"embeddable":true,"href":"https:\/\/www.europesays.com\/fr\/wp-json\/wp\/v2\/comments?post=563940"}],"version-history":[{"count":0,"href":"https:\/\/www.europesays.com\/fr\/wp-json\/wp\/v2\/posts\/563940\/revisions"}],"wp:featuredmedia":[{"embeddable":true,"href":"https:\/\/www.europesays.com\/fr\/wp-json\/wp\/v2\/media\/563941"}],"wp:attachment":[{"href":"https:\/\/www.europesays.com\/fr\/wp-json\/wp\/v2\/media?parent=563940"}],"wp:term":[{"taxonomy":"category","embeddable":true,"href":"https:\/\/www.europesays.com\/fr\/wp-json\/wp\/v2\/categories?post=563940"},{"taxonomy":"post_tag","embeddable":true,"href":"https:\/\/www.europesays.com\/fr\/wp-json\/wp\/v2\/tags?post=563940"}],"curies":[{"name":"wp","href":"https:\/\/api.w.org\/{rel}","templated":true}]}}