{"id":563957,"date":"2025-11-28T07:14:13","date_gmt":"2025-11-28T07:14:13","guid":{"rendered":"https:\/\/www.europesays.com\/fr\/563957\/"},"modified":"2025-11-28T07:14:13","modified_gmt":"2025-11-28T07:14:13","slug":"asse-wesley-fofana-trop-fort-pour-le-barca-chelsea-au-top-depuis-son-retour","status":"publish","type":"post","link":"https:\/\/www.europesays.com\/fr\/563957\/","title":{"rendered":"ASSE\u00a0: Wesley Fofana trop fort pour le Bar\u00e7a, Chelsea au top depuis son retour"},"content":{"rendered":"<p><strong>Depuis que l\u2019ancien d\u00e9fenseur de l\u2019ASSE est de retour, Chelsea carbure plein pot. Le FC Barcelone en a fait les frais mardi soir\u2026<\/strong><\/p>\n<p>Mardi, la soir\u00e9e de Ligue des champions a \u00e9t\u00e9 marqu\u00e9e par la victoire de l\u2019OM contre Newcastle (2-1) mais aussi par le lourd revers du FC Barcelone sur la pelouse de Chelsea (0-3). Et au sein de l\u2019\u00e9quipe londonienne, un homme a brill\u00e9 en d\u00e9fense\u00a0: Wesley Fofana. L\u2019ancien d\u00e9fenseur de l\u2019ASSE a \u00e9t\u00e9 omnipr\u00e9sent, les attaquants du Bar\u00e7a se cassant r\u00e9guli\u00e8rement les dents sur lui.<\/p>\n<p><strong>Chelsea invaincu depuis le retour de Fofana<\/strong><\/p>\n<p>Cela fait 4 matchs que Fofana est titulaire depuis son retour de blessure, et ces 4 matchs se sont tous sold\u00e9s par des victoires\u00a0: 5-1 contre l\u2019Ajax, 1-0 contre Tottenham, 3-0 contre Wolverhampton et 3-0 contre le Bar\u00e7a. Avec 1 seul but encaiss\u00e9 en 4 matchs, Fofana a eu un r\u00e9el impact. Reste \u00e0 savoir s\u2019il pourra encha\u00eener, lui qui fr\u00e9quente plus l\u2019infirmerie que les terrains depuis son arriv\u00e9e chez les Blues en 2022. Depuis son transfert, l\u2019ancien joueur de l\u2019ASSE a manqu\u00e9 plus de 100 matches \u00e0 cause de blessures ou indisponibilit\u00e9s. La saison 2023\/24 a \u00e9t\u00e9 quasi blanche pour lui \u00e0 cause d\u2019une op\u00e9ration des ligaments crois\u00e9s. De nouveau \u00e9t\u00e9 frein\u00e9 par des soucis musculaires menant \u00e0 une chirurgie et une absence prolong\u00e9e la saison pass\u00e9e, il semble enfin voir le bout du tunnel, \u00e0 bient\u00f4t 25 ans\u2026<\/p>\n","protected":false},"excerpt":{"rendered":"Depuis que l\u2019ancien d\u00e9fenseur de l\u2019ASSE est de retour, Chelsea carbure plein pot. Le FC Barcelone en a&hellip;\n","protected":false},"author":2,"featured_media":563958,"comment_status":"","ping_status":"","sticky":false,"template":"","format":"standard","meta":{"footnotes":""},"categories":[1410],"tags":[11,448,63,1011,27,66,3388,12,60,10662],"class_list":{"0":"post-563957","1":"post","2":"type-post","3":"status-publish","4":"format-standard","5":"has-post-thumbnail","7":"category-football","8":"tag-actualites","9":"tag-champions-league","10":"tag-football","11":"tag-fr","12":"tag-france","13":"tag-ligue-1","14":"tag-matchs","15":"tag-news","16":"tag-sports","17":"tag-transferts"},"share_on_mastodon":{"url":"https:\/\/pubeurope.com\/@fr\/115626093068189103","error":""},"_links":{"self":[{"href":"https:\/\/www.europesays.com\/fr\/wp-json\/wp\/v2\/posts\/563957","targetHints":{"allow":["GET"]}}],"collection":[{"href":"https:\/\/www.europesays.com\/fr\/wp-json\/wp\/v2\/posts"}],"about":[{"href":"https:\/\/www.europesays.com\/fr\/wp-json\/wp\/v2\/types\/post"}],"author":[{"embeddable":true,"href":"https:\/\/www.europesays.com\/fr\/wp-json\/wp\/v2\/users\/2"}],"replies":[{"embeddable":true,"href":"https:\/\/www.europesays.com\/fr\/wp-json\/wp\/v2\/comments?post=563957"}],"version-history":[{"count":0,"href":"https:\/\/www.europesays.com\/fr\/wp-json\/wp\/v2\/posts\/563957\/revisions"}],"wp:featuredmedia":[{"embeddable":true,"href":"https:\/\/www.europesays.com\/fr\/wp-json\/wp\/v2\/media\/563958"}],"wp:attachment":[{"href":"https:\/\/www.europesays.com\/fr\/wp-json\/wp\/v2\/media?parent=563957"}],"wp:term":[{"taxonomy":"category","embeddable":true,"href":"https:\/\/www.europesays.com\/fr\/wp-json\/wp\/v2\/categories?post=563957"},{"taxonomy":"post_tag","embeddable":true,"href":"https:\/\/www.europesays.com\/fr\/wp-json\/wp\/v2\/tags?post=563957"}],"curies":[{"name":"wp","href":"https:\/\/api.w.org\/{rel}","templated":true}]}}