{"id":563961,"date":"2025-11-28T07:16:16","date_gmt":"2025-11-28T07:16:16","guid":{"rendered":"https:\/\/www.europesays.com\/fr\/563961\/"},"modified":"2025-11-28T07:16:16","modified_gmt":"2025-11-28T07:16:16","slug":"realisee-par-son-fils-et-sa-petite-fille-une-exposition-dediee-a-jean-camberoque-souvre-a-carcassonne","status":"publish","type":"post","link":"https:\/\/www.europesays.com\/fr\/563961\/","title":{"rendered":"R\u00e9alis\u00e9e par son fils et sa petite-fille, une exposition d\u00e9di\u00e9e \u00e0 Jean Camberoque s&rsquo;ouvre \u00e0 Carcassonne"},"content":{"rendered":"<p>\n                                                                Du 28\u00a0novembre 2025 au 31\u00a0janvier 2026, rendez-vous \u00e0 la chapelle Saint-Fran\u00e7ois-Xavier \u00e0 Carcassonne pour d\u00e9couvrir une exposition de l\u2019artiste carcassonnais Jean Camberoque.\n                            <\/p>\n<p>\u00c0 partir de 28\u00a0novembre, l\u2019exposition Le peintre du Midi noir, consacr\u00e9e \u00e0 Jean Camberoque et mont\u00e9e par son fils Charles et sa petite-fille Nina, \u00e0 la demande la Ville, ouvre ses portes \u00e0 la chapelle Saint-Fran\u00e7ois-Xavier \u00e0 Carcassonne. La derni\u00e8re exposition d\u2019une telle envergure remonte \u00e0 l\u2019ann\u00e9e 2001\u00a0: \u00ab\u00a0C\u2019\u00e9tait au mus\u00e9e des Beaux-Arts, on avait fait une exposition p\u00e8re-fils, lui avec ses \u0153uvres, moi avec mes photographies\u00a0\u00bb, relate Charles Camberoque. Le plasticien carcassonnais est d\u00e9c\u00e9d\u00e9 la m\u00eame ann\u00e9e.<\/p>\n<p>Le mot plasticien n\u2019\u00e9tait d\u2019ailleurs pas utilis\u00e9 \u00e0 l\u2019\u00e9poque o\u00f9 il a \u0153uvr\u00e9, durant la seconde moiti\u00e9 du XXe\u00a0si\u00e8cle\u00a0: \u00ab\u00a0\u00c7a aga\u00e7ait beaucoup les autres artistes qui disaient qu\u2019on ne comprenait pas ce qu\u2019il faisait\u00a0\u00bb, se souvient son fils. Car Jean Camberoque n\u2019\u00e9tait pas seulement peintre. Il \u00e9tait aussi sculpteur, c\u00e9ramiste, dessinateur, lithograveur\u2026<\/p>\n<p>L\u2019exposition pr\u00e9sent\u00e9e \u00e0\u00a0la chapelle retrace l\u2019ensemble de ces disciplines, \u00e0\u00a0travers\u00a0une vingtaine d\u2019\u0153uvres, en majorit\u00e9 ses toiles monumentales. Chaque ann\u00e9e, \u00e0 l\u2019occasion du Salon d\u2019Automne de Paris, Jean Camberoque y pr\u00e9sentait\u00a0l\u2019une de ses \u00ab\u00a0grandes tartines\u00a0\u00bb\u00a0: \u00ab\u00a0Il se faisait plaisir. Et il repr\u00e9sentait des sujets de soci\u00e9t\u00e9 diff\u00e9rents\u00a0\u00bb, d\u00e9taille son fils Charles. Qui ne manque pas d\u2019anecdotes sur ces derni\u00e8res, comme sur la grande toile repr\u00e9sentant Neil Armstrong\u00a0: \u00ab\u00a0Cette toile lui a \u00e9t\u00e9 inspir\u00e9e par la soir\u00e9e qu\u2019on a pass\u00e9e quand l\u2019homme a fait le premier pas sur la lune. On regardait les images \u00e0 la t\u00e9l\u00e9vision, puis on sortait sur la terrasse pour aller regarder la lune en se disant qu\u2019il \u00e9tait dessus\u00a0\u00bb, se souvient Charles Camberoque.<\/p>\n<p>D\u2019autres ont des th\u00e9matiques plus tragiques, comme Voici le temps des assassins, peinte en 1982 apr\u00e8s l\u2019attentat de Carlos dans le train reliant Paris \u00e0 Toulouse et auquel Jean Camberoque n\u2019a surv\u00e9cu que parce qu\u2019il est all\u00e9 manger au wagon-restaurant\u2026\u00a0\u00ab\u00a0On a aussi pr\u00e9par\u00e9 des vitrines pour pr\u00e9senter autre chose que les toiles, il y a des livres, des pins qu\u2019il a cr\u00e9\u00e9, des c\u00e9ramiques, et des tuiles qu\u2019il a cr\u00e9\u00e9es pour la soci\u00e9t\u00e9 des HLM. Roland Mabille, un d\u00e9corateur de cin\u00e9ma qui a pris sa retraite dans l\u2019Aude les a compt\u00e9es\u00a0: il y en a 5\u00a0000\u00a0\u00bb, note Nina Camberoque.<\/p>\n<p>Toutes ces \u0153uvres sont \u00e0 d\u00e9couvrir \u00e0 la chapelle Saint-Fran\u00e7ois-Xavier.<\/p>\n","protected":false},"excerpt":{"rendered":"Du 28\u00a0novembre 2025 au 31\u00a0janvier 2026, rendez-vous \u00e0 la chapelle Saint-Fran\u00e7ois-Xavier \u00e0 Carcassonne pour d\u00e9couvrir une exposition de&hellip;\n","protected":false},"author":2,"featured_media":563962,"comment_status":"","ping_status":"","sticky":false,"template":"","format":"standard","meta":{"footnotes":""},"categories":[1358],"tags":[1348,1384,1385,1386,58,59,1011,27],"class_list":{"0":"post-563961","1":"post","2":"type-post","3":"status-publish","4":"format-standard","5":"has-post-thumbnail","7":"category-arts-et-design","8":"tag-arts","9":"tag-arts-and-design","10":"tag-arts-et-design","11":"tag-design","12":"tag-divertissement","13":"tag-entertainment","14":"tag-fr","15":"tag-france"},"share_on_mastodon":{"url":"https:\/\/pubeurope.com\/@fr\/115626100881820734","error":""},"_links":{"self":[{"href":"https:\/\/www.europesays.com\/fr\/wp-json\/wp\/v2\/posts\/563961","targetHints":{"allow":["GET"]}}],"collection":[{"href":"https:\/\/www.europesays.com\/fr\/wp-json\/wp\/v2\/posts"}],"about":[{"href":"https:\/\/www.europesays.com\/fr\/wp-json\/wp\/v2\/types\/post"}],"author":[{"embeddable":true,"href":"https:\/\/www.europesays.com\/fr\/wp-json\/wp\/v2\/users\/2"}],"replies":[{"embeddable":true,"href":"https:\/\/www.europesays.com\/fr\/wp-json\/wp\/v2\/comments?post=563961"}],"version-history":[{"count":0,"href":"https:\/\/www.europesays.com\/fr\/wp-json\/wp\/v2\/posts\/563961\/revisions"}],"wp:featuredmedia":[{"embeddable":true,"href":"https:\/\/www.europesays.com\/fr\/wp-json\/wp\/v2\/media\/563962"}],"wp:attachment":[{"href":"https:\/\/www.europesays.com\/fr\/wp-json\/wp\/v2\/media?parent=563961"}],"wp:term":[{"taxonomy":"category","embeddable":true,"href":"https:\/\/www.europesays.com\/fr\/wp-json\/wp\/v2\/categories?post=563961"},{"taxonomy":"post_tag","embeddable":true,"href":"https:\/\/www.europesays.com\/fr\/wp-json\/wp\/v2\/tags?post=563961"}],"curies":[{"name":"wp","href":"https:\/\/api.w.org\/{rel}","templated":true}]}}