{"id":563965,"date":"2025-11-28T07:19:16","date_gmt":"2025-11-28T07:19:16","guid":{"rendered":"https:\/\/www.europesays.com\/fr\/563965\/"},"modified":"2025-11-28T07:19:16","modified_gmt":"2025-11-28T07:19:16","slug":"un-concert-exceptionnel-de-kendji-girac-a-narbonne-pour-rendre-hommage-aux-pompiers","status":"publish","type":"post","link":"https:\/\/www.europesays.com\/fr\/563965\/","title":{"rendered":"Un concert exceptionnel de Kendji Girac \u00e0 Narbonne pour rendre hommage aux pompiers"},"content":{"rendered":"<p>\n                                                                Apr\u00e8s le concert \u00ab\u00a0Aude Solidarit\u00e9\u00a0\u00bb de ce lundi 1er\u00a0d\u00e9cembre \u00e0 19\u00a0h\u00a030, la Narbonne Arena accueillera le 10\u00a0janvier 2026 un \u00e9v\u00e9nement d\u2019envergure nationale. MG Productions, en partenariat avec le Rotary Club d\u2019Olonzac et sous l\u2019impulsion de Ludovic Vergel, organise un rendez-vous caritatif enti\u00e8rement d\u00e9di\u00e9 aux pompiers, afin de valoriser leur r\u00f4le essentiel aupr\u00e8s des populations.\n                            <\/p>\n<p>\u00c0 travers la soir\u00e9e du 10 janvier 2026 \u00e0 la Narbonne Arena, les organisateurs souhaitent rendre hommage \u00e0 celles et ceux qui, chaque jour, incarnent la devise \u00ab\u00a0courage et d\u00e9vouement\u00a0\u00bb. Interventions de jour comme de nuit, situations extr\u00eames, op\u00e9rations de sauvetage, soutien aux victimes\u00a0: les pompiers constituent un pilier de la s\u00e9curit\u00e9 civile. Leur solidarit\u00e9, leur sens du service et leur humanit\u00e9 en font des acteurs indispensables du quotidien. \u00ab\u00a0Il nous semblait \u00e9vident de les mettre en avant et de t\u00e9moigner de notre reconnaissance\u00a0\u00bb,\u00a0explique Madeu Gonzalez de MG Production, soulignant l\u2019importance de soutenir une profession qui n\u2019h\u00e9site jamais \u00e0 se sacrifier pour la population. Les b\u00e9n\u00e9fices de cette soir\u00e9e seront revers\u00e9s aux pompiers par l\u2019interm\u00e9diaire du Rotary Club.<\/p>\n<p>        <img decoding=\"async\" class=\"std-img__img responsive-img\" src=\"https:\/\/www.europesays.com\/fr\/wp-content\/uploads\/2025\/11\/1764314356_226_image.png\" alt=\"L\u2019affiche de l\u2019\u00e9v\u00e9nement.\"\/><\/p>\n<p>                L\u2019affiche de l\u2019\u00e9v\u00e9nement.<br \/>\n                                    DR &#8211; DR<\/p>\n<p>Narbonne, un choix symbolique<\/p>\n<p>Le <strong>10\u00a0janvier 2026<\/strong>, cette\u00a0soir\u00e9e populaire et f\u00e9d\u00e9ratrice proposera donc un concert de Kendji Girac. Le spectacle, intitul\u00e9 \u00ab\u00a0Concert Solidarit\u00e9 Pompiers\u00a0\u00bb, s\u2019annonce comme un moment fort de communion entre le public, l\u2019artiste et les pompiers mis \u00e0 l\u2019honneur. Cette soir\u00e9e devrait rassembler un large public autour d\u2019un m\u00eame objectif\u00a0: soutenir celles et ceux qui se tiennent en premi\u00e8re ligne, au p\u00e9ril de leur vie, pour prot\u00e9ger les autres.<\/p>\n<p>Le choix de la ville de Narbonne n\u2019est pas anodin. La r\u00e9gion a \u00e9t\u00e9 marqu\u00e9e ces derniers mois plus particuli\u00e8rement par des incendies d\u2019une rare violence, contre lesquels les pompiers ont d\u00fb lutter sans r\u00e9pit pendant plusieurs semaines. Organiser cet \u00e9v\u00e9nement \u00e0 Narbonne prend ainsi une dimension symbolique forte.\u00a0L\u2019objectif de ce rendez-vous est clair\u00a0: collecter des fonds au profit des \u0153uvres sociales des pompiers, notamment en soutien aux orphelins. L\u2019int\u00e9gralit\u00e9 des b\u00e9n\u00e9fices sera revers\u00e9e, renfor\u00e7ant le caract\u00e8re solidaire de l\u2019\u00e9v\u00e9nement.<\/p>\n<p>Kendji Girac sera donc \u00e0 Narbonne le samedi 10\u00a0janvier 2026, avant de faire son retour le vendredi 27\u00a0mars pour un concert qui affiche, depuis longtemps, complet. Cette nouvelle date, d\u00e9but janvier, pour la bonne cause, est donc une aubaine pour les retardataires\u00a0!<\/p>\n<p><a href=\"https:\/\/www.narbonne-arena.fr\/evenement\/kendji-girac-2\/\" target=\"_self\" rel=\"noopener\">Les places sont en vente sur le site de l\u2019Arena.<\/a><\/p>\n","protected":false},"excerpt":{"rendered":"Apr\u00e8s le concert \u00ab\u00a0Aude Solidarit\u00e9\u00a0\u00bb de ce lundi 1er\u00a0d\u00e9cembre \u00e0 19\u00a0h\u00a030, la Narbonne Arena accueillera le 10\u00a0janvier 2026&hellip;\n","protected":false},"author":2,"featured_media":563966,"comment_status":"","ping_status":"","sticky":false,"template":"","format":"standard","meta":{"footnotes":""},"categories":[1355],"tags":[58,59,1011,27,1361,873],"class_list":{"0":"post-563965","1":"post","2":"type-post","3":"status-publish","4":"format-standard","5":"has-post-thumbnail","7":"category-musique","8":"tag-divertissement","9":"tag-entertainment","10":"tag-fr","11":"tag-france","12":"tag-music","13":"tag-musique"},"share_on_mastodon":{"url":"https:\/\/pubeurope.com\/@fr\/115626113867969792","error":""},"_links":{"self":[{"href":"https:\/\/www.europesays.com\/fr\/wp-json\/wp\/v2\/posts\/563965","targetHints":{"allow":["GET"]}}],"collection":[{"href":"https:\/\/www.europesays.com\/fr\/wp-json\/wp\/v2\/posts"}],"about":[{"href":"https:\/\/www.europesays.com\/fr\/wp-json\/wp\/v2\/types\/post"}],"author":[{"embeddable":true,"href":"https:\/\/www.europesays.com\/fr\/wp-json\/wp\/v2\/users\/2"}],"replies":[{"embeddable":true,"href":"https:\/\/www.europesays.com\/fr\/wp-json\/wp\/v2\/comments?post=563965"}],"version-history":[{"count":0,"href":"https:\/\/www.europesays.com\/fr\/wp-json\/wp\/v2\/posts\/563965\/revisions"}],"wp:featuredmedia":[{"embeddable":true,"href":"https:\/\/www.europesays.com\/fr\/wp-json\/wp\/v2\/media\/563966"}],"wp:attachment":[{"href":"https:\/\/www.europesays.com\/fr\/wp-json\/wp\/v2\/media?parent=563965"}],"wp:term":[{"taxonomy":"category","embeddable":true,"href":"https:\/\/www.europesays.com\/fr\/wp-json\/wp\/v2\/categories?post=563965"},{"taxonomy":"post_tag","embeddable":true,"href":"https:\/\/www.europesays.com\/fr\/wp-json\/wp\/v2\/tags?post=563965"}],"curies":[{"name":"wp","href":"https:\/\/api.w.org\/{rel}","templated":true}]}}