{"id":563969,"date":"2025-11-28T07:21:16","date_gmt":"2025-11-28T07:21:16","guid":{"rendered":"https:\/\/www.europesays.com\/fr\/563969\/"},"modified":"2025-11-28T07:21:16","modified_gmt":"2025-11-28T07:21:16","slug":"voici-la-seule-vitamine-que-les-experts-recommandent-des-lautomne-pour-ne-plus-tomber-malade-cet-hiver","status":"publish","type":"post","link":"https:\/\/www.europesays.com\/fr\/563969\/","title":{"rendered":"Voici la seule vitamine que les experts recommandent d\u00e8s l\u2019automne pour ne plus tomber malade cet hiver"},"content":{"rendered":"<p>Alors que le d\u00e9but de <strong>l\u00a0\u00bbautomne<\/strong> a \u00e9t\u00e9 marqu\u00e9<br \/>\npar une douceur inhabituelle, la m\u00e9t\u00e9o a subitement rappel\u00e9 aux<br \/>\nFran\u00e7ais que l&rsquo;hiver approche \u00e0 grands pas. Ce n&rsquo;est pas sans<br \/>\ncons\u00e9quence sur l&rsquo;organisme qui a bien besoin d&rsquo;un petit<br \/>\n<strong>coup de pouce<\/strong>. C&rsquo;est ainsi que les sp\u00e9cialistes<br \/>\nrecommandent de prendre une <strong>vitamine<\/strong> en<br \/>\nparticulier pour garder la forme lorsque <a href=\"https:\/\/www.mariefrance.fr\/actualite\/societe\/25-cm-de-neige-a-orleans-10-cm-a-dunkerque-verglas-et-froid-extreme-en-france-ce-mois-de-novembre-qui-a-marque-a-jamais-lhistoire-de-la-meteo-1222442.html\" rel=\"noopener\" target=\"_blank\">le mercure descend en fl\u00e8che<\/a>.<\/p>\n<p>Il faut dire que le corps est soumis \u00e0 rude \u00e9preuve lorsque les<br \/>\ntemp\u00e9ratures chutent et que les jours raccourcissent. Le<br \/>\n<strong>moral<\/strong> est en berne et l&rsquo;envie de sortir se fait<br \/>\nplus rare. Les <strong>virus<\/strong> sont plus nombreux et se<br \/>\npropagent plus facilement dans les environnements clos et peu<br \/>\na\u00e9r\u00e9s. Pour faire face, beaucoup se laissent tenter par l&rsquo;offre<br \/>\npl\u00e9thorique des <strong>compl\u00e9ments<\/strong> alimentaires qui<br \/>\ngarnissent les rayons des pharmacies.<\/p>\n<p>Une sp\u00e9cialiste d\u00e9voile la vitamine \u00e0 consommer d\u00e8s<br \/>\nl&rsquo;automne<\/p>\n<p>Rien ne sert de trop en faire et parmi toutes ces bo\u00eetes aux<br \/>\npromesses all\u00e9chantes, <a href=\"https:\/\/www.mariefrance.fr\/equilibre\/fini-rhume-nez-coule-medecins-jurent-aliments-gorges-vitamine-d-bonnes-bacteries-lhiver-1219140.html\" rel=\"noopener\" target=\"_blank\">il faut bien choisir<\/a>. C&rsquo;est ce qu&rsquo;a expliqu\u00e9 Sophie<br \/>\nPihan, naturopathe au site <a href=\"https:\/\/sante.journaldesfemmes.fr\/quotidien\/3206878-quelle-est-la-vitamine-a-prendre-pour-etre-en-forme-cet-automne-hiver\/\" target=\"_blank\" rel=\"nofollow noopener\">Le Journal des<br \/>\nFemmes<\/a>. \u00ab\u00a0Si une seule vitamine est \u00e0 privil\u00e9gier \u00e0<br \/>\ncette saison, c&rsquo;est la<strong>\u00a0vitamine D<\/strong>, vitamine<br \/>\ndont nous manquons tous potentiellement en hiver\u00a0\u00bb, a d\u00e9voil\u00e9<br \/>\nl&rsquo;experte.<\/p>\n<p>\u00ab\u00a0Du 15 octobre et jusqu&rsquo;au 15 avril, nous n&rsquo;avons<br \/>\n<strong>pas assez de soleil<\/strong> et les rayons UV ne sont pas<br \/>\nassez forts. Lorsqu&rsquo;il fait du soleil, il est n\u00e9cessaire<br \/>\nd&rsquo;exposer au minimum les avant-bras afin de s\u00e9cr\u00e9ter la vitamine D,<br \/>\npendant 15 \u00e0 20 minutes par jour, d&rsquo;autant que notre organisme a<br \/>\nune capacit\u00e9 limit\u00e9e de stockage de la vitamine D\u00a0\u00bb, a-t-elle<br \/>\ncontinu\u00e9.<\/p>\n<p><img loading=\"lazy\" decoding=\"async\" aria-describedby=\"caption-attachment-1181386\" itemprop=\"thumbnailUrl\" class=\"size-full wp-image-1181386 img-responsive\" src=\"https:\/\/www.europesays.com\/fr\/wp-content\/uploads\/2025\/11\/vitamine.jpg\" alt=\"vtamine D\" width=\"1280\" height=\"720\"\/> \u00a9<br \/>\nShutterstock<\/p>\n<p id=\"caption-attachment-1181386\" class=\"wp-caption-text\">Un<br \/>\ncompl\u00e9ment de vitamine D est recommand\u00e9 pendant l&rsquo;automne et<br \/>\nl&rsquo;hiver<\/p>\n<p>Cette vitamine booste le syst\u00e8me immunitaire et permet d&rsquo;\u00e9viter<br \/>\nde tomber malade<\/p>\n<p>La vitamine D est en effet essentielle au bon fonctionnement du<br \/>\n<strong>syst\u00e8me immunitaire<\/strong> et elle aide \u00e0 lutter contre<br \/>\nles maladies. Elle participe grandement \u00e0 l\u2019<strong>absorption du<br \/>\ncalcium<\/strong> et du phosphore, et elle est indispensable \u00e0 la<br \/>\nsant\u00e9 des os. Elle contribue aussi au maintien de la masse<br \/>\nmusculaire et aurait des effets sur l&rsquo;activit\u00e9 hormonale.<\/p>\n<p>La principale source de vitamine D est le soleil. Du fait d&rsquo;une<br \/>\nexposition moindre en automne et en hiver, il peut alors \u00eatre utile<br \/>\nde <a href=\"https:\/\/www.mariefrance.fr\/beaute\/une-aide-minceur-bienvenue-2-gelules-de-ce-complement-alimentaire-aroma-zone-peuvent-capter-jusqua-11g-de-beurre-1221847.html\" rel=\"noopener\" target=\"_blank\">prendre un compl\u00e9ment<\/a> comme le conseille Sophie Pihan.<br \/>\n\u00ab\u00a0La vitamine D est\u00a0<strong>liposoluble<\/strong>, c&rsquo;est<br \/>\npourquoi je recommande plut\u00f4t l&rsquo;utilisation de gouttes. Elles<br \/>\nseront mieux assimil\u00e9es dans un corps gras ; vous pouvez verser<br \/>\ndeux ou trois gouttes directement sur votre assiette. Vous pouvez<br \/>\nprendre de la vitamine D pendant tout<br \/>\nl&rsquo;hiver\u00a0\u00bb,\u00a0recommande-t-elle.<\/p>\n<p><img loading=\"lazy\" decoding=\"async\" aria-describedby=\"caption-attachment-1180258\" class=\"size-full wp-image-1180258 img-responsive\" src=\"https:\/\/www.europesays.com\/fr\/wp-content\/uploads\/2025\/11\/femme-epanouie.jpg\" alt=\"&lt;p&gt;Le soleil est la principale source de vitamine D\u00a0&lt;\/p&gt;\" width=\"1280\" height=\"720\"\/> \u00a9 Shutterstock<\/p>\n<p id=\"caption-attachment-1180258\" class=\"wp-caption-text\">Le<br \/>\nsoleil est la principale source de vitamine D<\/p>\n<p>Certains aliments sont plus riches en<br \/>\nvitamine D<\/p>\n<p>Ce conseil est surtout valable pour ceux qui sont le plus sujets<br \/>\n\u00e0 une \u00e9ventuelle <strong>carence<\/strong>. Les <strong>personnes<br \/>\n\u00e2g\u00e9es<\/strong> constituent \u00ab\u00a0une population particuli\u00e8rement<br \/>\nvuln\u00e9rable\u00a0\u00bb <a href=\"https:\/\/www.anses.fr\/fr\/content\/vitamine-d-pourquoi-et-comment-assurer-un-apport-suffisant#:~:text=certaines%20cellules%20cutan%C3%A9es.-,Comment%20veiller%20%C3%A0%20un%20apport%20en%20vitamine%20D%20suffisant%20dans,(dans%20une%20moindre%20mesure).\" target=\"_blank\" rel=\"nofollow noopener\">souligne l&rsquo;Anses<\/a>. C&rsquo;est<br \/>\n\u00e9galement le cas des nourrissons, des <strong>femmes<br \/>\nenceintes<\/strong>\u00a0ou m\u00e9nopaus\u00e9es, et des \u00ab\u00a0personnes \u00e0<br \/>\npeau mate ou fonc\u00e9e pour qui la synth\u00e8se de cette vitamine par<br \/>\nl\u2019exposition au soleil est moins efficace.\u00a0\u00bb<\/p>\n<blockquote class=\"twitter-tweet\"><p><a class=\"twitter-link\" rel=\"noindex, nofollow noopener\" href=\"https:\/\/twitter.com\/mariefrancemag\/status\/1827070411927965889\" target=\"_blank\"><\/p><\/blockquote>\n<p>Enfin, il faut savoir qu&rsquo;il est \u00e9galement possible de modifier<br \/>\nson <strong>alimentation<\/strong>. En privil\u00e9giant certains<br \/>\nproduits, vous pouvez augmenter votre apport en vitamine D. C&rsquo;est<br \/>\nle cas des <strong>poissons gras<\/strong> comme les sardines ou les<br \/>\nharengs, des produits laitiers enrichis en vitamine D, de certaines<br \/>\nc\u00e9r\u00e9ales, du jaune d&rsquo;\u0153uf, du chocolat noir et des abats par<br \/>\nexemple.<\/p>\n<p><script async src=\"https:\/\/platform.twitter.com\/widgets.js\" charset=\"utf-8\"><\/script><\/p>\n","protected":false},"excerpt":{"rendered":"Alors que le d\u00e9but de l\u00a0\u00bbautomne a \u00e9t\u00e9 marqu\u00e9 par une douceur inhabituelle, la m\u00e9t\u00e9o a subitement rappel\u00e9&hellip;\n","protected":false},"author":2,"featured_media":563970,"comment_status":"","ping_status":"","sticky":false,"template":"","format":"standard","meta":{"footnotes":""},"categories":[10],"tags":[1011,27,72,71],"class_list":{"0":"post-563969","1":"post","2":"type-post","3":"status-publish","4":"format-standard","5":"has-post-thumbnail","7":"category-sante","8":"tag-fr","9":"tag-france","10":"tag-health","11":"tag-sante"},"share_on_mastodon":{"url":"https:\/\/pubeurope.com\/@fr\/115626121412116134","error":""},"_links":{"self":[{"href":"https:\/\/www.europesays.com\/fr\/wp-json\/wp\/v2\/posts\/563969","targetHints":{"allow":["GET"]}}],"collection":[{"href":"https:\/\/www.europesays.com\/fr\/wp-json\/wp\/v2\/posts"}],"about":[{"href":"https:\/\/www.europesays.com\/fr\/wp-json\/wp\/v2\/types\/post"}],"author":[{"embeddable":true,"href":"https:\/\/www.europesays.com\/fr\/wp-json\/wp\/v2\/users\/2"}],"replies":[{"embeddable":true,"href":"https:\/\/www.europesays.com\/fr\/wp-json\/wp\/v2\/comments?post=563969"}],"version-history":[{"count":0,"href":"https:\/\/www.europesays.com\/fr\/wp-json\/wp\/v2\/posts\/563969\/revisions"}],"wp:featuredmedia":[{"embeddable":true,"href":"https:\/\/www.europesays.com\/fr\/wp-json\/wp\/v2\/media\/563970"}],"wp:attachment":[{"href":"https:\/\/www.europesays.com\/fr\/wp-json\/wp\/v2\/media?parent=563969"}],"wp:term":[{"taxonomy":"category","embeddable":true,"href":"https:\/\/www.europesays.com\/fr\/wp-json\/wp\/v2\/categories?post=563969"},{"taxonomy":"post_tag","embeddable":true,"href":"https:\/\/www.europesays.com\/fr\/wp-json\/wp\/v2\/tags?post=563969"}],"curies":[{"name":"wp","href":"https:\/\/api.w.org\/{rel}","templated":true}]}}