{"id":563974,"date":"2025-11-28T07:24:16","date_gmt":"2025-11-28T07:24:16","guid":{"rendered":"https:\/\/www.europesays.com\/fr\/563974\/"},"modified":"2025-11-28T07:24:16","modified_gmt":"2025-11-28T07:24:16","slug":"cette-collab-coloree-arrive-dans-les-rayons-en-janvier-2026","status":"publish","type":"post","link":"https:\/\/www.europesays.com\/fr\/563974\/","title":{"rendered":"cette collab color\u00e9e arrive dans les rayons en janvier 2026"},"content":{"rendered":"<p>L\u00a0\u00bbenseigne <a href=\"https:\/\/www.lejournaldelamaison.fr\/tiny-house\/ces-mini-maisons-ikea-de-10-mc2b2-a-1-e-par-mois-font-rever-mais-cette-condition-implacable-empeche-presque-tous-les-francais-den-profiter-528425.html\" target=\"_blank\" rel=\"nofollow noopener sponsored\">IKEA<\/a> pr\u00e9pare<br \/>\nun d\u00e9but d&rsquo;ann\u00e9e 2026 plac\u00e9 sous le signe de la cr\u00e9ativit\u00e9 ! Le<br \/>\ng\u00e9ant su\u00e9dois n&rsquo;est plus qu&rsquo;\u00e0 quelques semaines de d\u00e9voiler en<br \/>\nmagasins l&rsquo;int\u00e9gralit\u00e9 de sa collaboration qui m\u00e9lange technologie<br \/>\net couleurs pop. Aux c\u00f4t\u00e9s de la designer su\u00e9doise Teklan, la<br \/>\nmarque semble avoir pr\u00e9par\u00e9 une ligne o\u00f9 chaque objet assume<br \/>\npleinement sa place dans la maison. Quelques indices filtrent d\u00e9j\u00e0<br \/>\net comme le rappelle Plan\u00e8te D\u00e9co, ils annoncent une<br \/>\ncollection pens\u00e9e pour dynamiser les int\u00e9rieurs, avec un vrai sens<br \/>\ndu style.<\/p>\n<p>IKEA x Teklan : la collab qui ose la couleur sans retenue<\/p>\n<p>Ce partenariat permet \u00e0 IKEA de <strong>s&rsquo;amuser avec les<br \/>\ncouleurs et les formes<\/strong>, un terrain que Teklan conna\u00eet par<br \/>\nc\u0153ur. La designer apporte son regard tr\u00e8s graphique, et la marque<br \/>\nen profite pour montrer que <strong>les objets technologiques<br \/>\npeuvent exister pleinement dans un int\u00e9rieur<\/strong> sans se faire<br \/>\noublier, car ils ne se fondent pas (suffisamment) dans la<br \/>\nd\u00e9co.<\/p>\n<p>On retrouve d&rsquo;abord <strong>les enceintes Bluetooth<br \/>\nSOLSKYDD<\/strong>. La gamme se compose de <strong>trois formats<br \/>\nronds<\/strong>, chacun avec son caract\u00e8re. Il y a un mod\u00e8le compact<br \/>\npens\u00e9 pour accompagner les d\u00e9placements, une version interm\u00e9diaire<br \/>\nqui joue avec un vert doux et des diagonales contrast\u00e9es, et un<br \/>\ngrand disque mural orange imagin\u00e9 pour devenir un point focal de la<br \/>\nd\u00e9coration de la pi\u00e8ce. Ces haut-parleurs peuvent fonctionner<br \/>\nensemble et int\u00e8grent tous <strong>la fonction Spotify<br \/>\nTap<\/strong>, ce qui permet de <strong>relancer sa musique en<br \/>\nun coup d&rsquo;index<\/strong>. Le travail sur les motifs et les textures<br \/>\napporte une pr\u00e9sence visuelle qui d\u00e9passe largement leur simple<br \/>\nfonction de jouer nos playlists pr\u00e9f\u00e9r\u00e9es.<\/p>\n<p>IKEA x Teklan : retours d&rsquo;ic\u00f4nes et lampe-enceinte en forme de<br \/>\nglace \u00e0 l&rsquo;italienne<\/p>\n<p>Dans la suite de la collection, <strong>un autre objet attire<br \/>\nrapidement le regard<\/strong>. Il s&rsquo;agit de la<br \/>\n<strong>lampe-enceinte KULGLASS<\/strong>. Sa silhouette arrondie et<br \/>\nson abat-jour crant\u00e9 lui donnent une allure de glace \u00e0 l&rsquo;italienne<br \/>\nvraiment canon. Les couleurs suivent la m\u00eame logique, avec<br \/>\n<strong><a href=\"https:\/\/www.lejournaldelamaison.fr\/le-journal-de-la-maison\/conseils-de-pro\/1-minute-savoir-vert-menthe-144198.html\" target=\"_blank\" rel=\"noopener\">un vert menthe<\/a> et un duo<br \/>\nrose-brun<\/strong> qui cr\u00e9ent une ambiance rassurante.<\/p>\n<p>La collection comprend aussi quelques retours revisit\u00e9s. IKEA<br \/>\npropose par exemple <strong><a href=\"https:\/\/www.lejournaldelamaison.fr\/le-journal-de-la-maison\/nouveautes\/produits\/cette-nouvelle-lampe-ikea-fonction-revolutionnaire-elle-coute-503725.html\" target=\"_blank\" rel=\"noopener\">une lampe<\/a> FADO d\u00e9cor\u00e9e de petits<br \/>\npois<\/strong>, assez discrets pour ne pas d\u00e9naturer le mod\u00e8le<br \/>\nd\u2019origine. <strong>Deux nouvelles teintes de VAPPEBY<\/strong><br \/>\narrivent \u00e9galement et sont pens\u00e9es pour ajouter un accent color\u00e9 \u00e0<br \/>\nla d\u00e9co, une nouvelle fois.<\/p>\n<blockquote class=\"instagram-media\" style=\"background: #ffffff;border: 0;margin: 1px;width: 100%;padding: 0;max-width: 500px;\" data-instgrm-permalink=\"https:\/\/www.instagram.com\/p\/DReomCwDUGs\/?img_index=1\" data-instgrm-version=\"14\"\/><p>\nIKEA x Teklan : les objets<br \/>\ntechnologiques ne seront plus jamais cach\u00e9s<\/p>\n<p>On retrouve aussi <strong>les c\u00e2bles de chargeur tress\u00e9s aux<br \/>\nmotifs r\u00e9tro<\/strong>, parfaits pour apporter une petite touche fun<br \/>\ndans un bureau ou pr\u00e8s d&rsquo;une table de nuit. Enfin, avec cette<br \/>\ncollab&rsquo;, <a href=\"https:\/\/www.lejournaldelamaison.fr\/le-journal-de-la-maison\/noel\/lampe-sapin-ikea-noel-528319.html\" target=\"_blank\" rel=\"noopener\">IKEA \u00e9toffe son offre connect\u00e9e<\/a>.<br \/>\nLa marque pr\u00e9voit notamment plusieurs appareils compatibles Matter<br \/>\npour g\u00e9rer la lumi\u00e8re et quelques autres automatismes du quotidien.<br \/>\nParmi eux, on trouve aussi les t\u00e9l\u00e9commandes BILRESA, dont les<br \/>\ncouleurs ont \u00e9t\u00e9 imagin\u00e9es avec Teklan.<\/p>\n<p>L&rsquo;id\u00e9e est simplement d&rsquo;apporter <strong>un peu de personnalit\u00e9<br \/>\n\u00e0 un accessoire qui reste d&rsquo;ordinaire tr\u00e8s neutre<\/strong>. Au<br \/>\ntotal, 21 produits smart home seront disponibles avec <a href=\"https:\/\/www.ikea.com\/global\/en\/newsroom\/retail\/ikea-and-teklan-launch-colourful-statement-speakers-251125\/\" target=\"_blank\" rel=\"nofollow noopener sponsored\">le reste de la<br \/>\ncollection<\/a>, dans les magasins et sur le site du g\u00e9ant su\u00e9dois,<br \/>\n<strong>d\u00e8s janvier 2026<\/strong>.<\/p>\n<blockquote class=\"instagram-media\" style=\"background: #ffffff;border: 0;margin: 1px;width: 100%;padding: 0;max-width: 500px;\" data-instgrm-permalink=\"https:\/\/www.instagram.com\/p\/DFZ_AXoq7lD\/?img_index=1\" data-instgrm-version=\"14\"\/>\n<p><script async src=\"\/\/www.instagram.com\/embed.js\"><\/script><\/p>\n","protected":false},"excerpt":{"rendered":"L\u00a0\u00bbenseigne IKEA pr\u00e9pare un d\u00e9but d&rsquo;ann\u00e9e 2026 plac\u00e9 sous le signe de la cr\u00e9ativit\u00e9 ! Le g\u00e9ant su\u00e9dois&hellip;\n","protected":false},"author":2,"featured_media":563975,"comment_status":"","ping_status":"","sticky":false,"template":"","format":"standard","meta":{"footnotes":""},"categories":[7],"tags":[1011,27,43,40,41,39,42,44],"class_list":{"0":"post-563974","1":"post","2":"type-post","3":"status-publish","4":"format-standard","5":"has-post-thumbnail","7":"category-sciences-et-technologies","8":"tag-fr","9":"tag-france","10":"tag-science","11":"tag-science-and-technology","12":"tag-sciences","13":"tag-sciences-et-technologies","14":"tag-technologies","15":"tag-technology"},"share_on_mastodon":{"url":"https:\/\/pubeurope.com\/@fr\/115626132486215001","error":""},"_links":{"self":[{"href":"https:\/\/www.europesays.com\/fr\/wp-json\/wp\/v2\/posts\/563974","targetHints":{"allow":["GET"]}}],"collection":[{"href":"https:\/\/www.europesays.com\/fr\/wp-json\/wp\/v2\/posts"}],"about":[{"href":"https:\/\/www.europesays.com\/fr\/wp-json\/wp\/v2\/types\/post"}],"author":[{"embeddable":true,"href":"https:\/\/www.europesays.com\/fr\/wp-json\/wp\/v2\/users\/2"}],"replies":[{"embeddable":true,"href":"https:\/\/www.europesays.com\/fr\/wp-json\/wp\/v2\/comments?post=563974"}],"version-history":[{"count":0,"href":"https:\/\/www.europesays.com\/fr\/wp-json\/wp\/v2\/posts\/563974\/revisions"}],"wp:featuredmedia":[{"embeddable":true,"href":"https:\/\/www.europesays.com\/fr\/wp-json\/wp\/v2\/media\/563975"}],"wp:attachment":[{"href":"https:\/\/www.europesays.com\/fr\/wp-json\/wp\/v2\/media?parent=563974"}],"wp:term":[{"taxonomy":"category","embeddable":true,"href":"https:\/\/www.europesays.com\/fr\/wp-json\/wp\/v2\/categories?post=563974"},{"taxonomy":"post_tag","embeddable":true,"href":"https:\/\/www.europesays.com\/fr\/wp-json\/wp\/v2\/tags?post=563974"}],"curies":[{"name":"wp","href":"https:\/\/api.w.org\/{rel}","templated":true}]}}