{"id":563978,"date":"2025-11-28T07:26:11","date_gmt":"2025-11-28T07:26:11","guid":{"rendered":"https:\/\/www.europesays.com\/fr\/563978\/"},"modified":"2025-11-28T07:26:11","modified_gmt":"2025-11-28T07:26:11","slug":"tant-que-zelensky-est-president-il-ne-renoncera-a-aucun-territoire","status":"publish","type":"post","link":"https:\/\/www.europesays.com\/fr\/563978\/","title":{"rendered":"\u00ab\u00a0Tant que Zelensky est pr\u00e9sident, il ne renoncera \u00e0 aucun territoire\u00a0\u00bb\u2026"},"content":{"rendered":"<p>Le Premier ministre hongrois annonce se rendre vendredi \u00e0 Moscou pour rencontrer Poutine<\/p>\n<p>Le Premier ministre hongrois Viktor Orb\u00e1n a annonc\u00e9 vendredi se rendre \u00e0 Moscou pour rencontrer le pr\u00e9sident russe Vladimir Poutine pour des discussions ax\u00e9es sur l\u2019\u00e9nergie.<\/p>\n<p>\u00ab\u00a0Je m\u2019y rends pour m\u2019assurer que l\u2019approvisionnement \u00e9nerg\u00e9tique de la Hongrie est s\u00e9curis\u00e9 pour l\u2019hiver et l\u2019ann\u00e9e prochaine \u00e0 un prix abordable\u00a0\u00bb, a d\u00e9clar\u00e9 le dirigeant nationaliste dans une vid\u00e9o publi\u00e9e sur Facebook.<\/p>\n<p>Le travail sur le plan de paix se poursuit entre Am\u00e9ricains et Ukrainiens<\/p>\n<p>Andri\u00ef Iermak a par ailleurs annonc\u00e9 sur Telegram que le \u00ab\u00a0travail conjoint des d\u00e9l\u00e9gations ukrainienne et am\u00e9ricaine\u00a0\u00bb sur le plan se poursuivrait \u00ab\u00a0\u00e0 la fin de cette semaine\u00a0\u00bb.<\/p>\n<p>\u00ab\u00a0Tant que Zelensky est pr\u00e9sident, il ne renoncera \u00e0 aucun territoire\u00a0\u00bb<\/p>\n<p>Le chef de cabinet de Volodymyr Zelensky, Andri\u00ef Iermak, a exclu tout retrait ukrainien, dans une interview au m\u00e9dia am\u00e9ricain The Atlantic publi\u00e9e jeudi. \u00ab\u00a0Tant que Zelensky est pr\u00e9sident, que personne n\u2019esp\u00e8re que nous renoncerons \u00e0 des territoires. Il ne renoncera \u00e0 aucun territoire\u00a0\u00bb, a dit ce proche de Volodymyr Zelensky.<\/p>\n<p>\u00ab\u00a0Tout ce dont nous pouvons parler de mani\u00e8re r\u00e9aliste aujourd\u2019hui, c\u2019est de d\u00e9finir la ligne de contact\u00a0\u00bb entre les deux arm\u00e9es, a-t-il ajout\u00e9.<\/p>\n<p>Jeudi, Vladimir Poutine a affirm\u00e9 que Moscou cessera les hostilit\u00e9s en Ukraine si les forces de Kiev acceptent de se retirer des territoires dont la Russie revendique l\u2019annexion.<\/p>\n<p> \u00abSi les troupes ukrainiennes quittent les territoires occup\u00e9s, nous cesserons les hostilit\u00e9s. Si elles ne partent pas, nous les chasserons par la force militaire \u00bb, a-t-il d\u00e9clar\u00e9 lors d\u2019une conf\u00e9rence de presse \u00e0 Bichkek, au Kirghizstan.<\/p>\n<p>Bonjour et bienvenue dans ce nouveau live !<\/p>\n<p>Chaque jour, \u00ab 20 Minutes \u00bb fait le point en direct avec vous sur les derni\u00e8res actualit\u00e9s de la guerre en Ukraine via nos articles live comment\u00e9s. La guerre a \u00e9t\u00e9 d\u00e9clar\u00e9e avec l&rsquo;invasion du pays par la Russie dans la nuit du 23 au 24 f\u00e9vrier 2022 sur d\u00e9cision du pr\u00e9sident russe Vladimir Poutine. Ce vendredi, il s&rsquo;agit d\u00e9j\u00e0 du 1.374e jour de conflit.<\/p>\n","protected":false},"excerpt":{"rendered":"Le Premier ministre hongrois annonce se rendre vendredi \u00e0 Moscou pour rencontrer Poutine Le Premier ministre hongrois Viktor&hellip;\n","protected":false},"author":2,"featured_media":563979,"comment_status":"","ping_status":"","sticky":false,"template":"","format":"standard","meta":{"footnotes":""},"categories":[5],"tags":[47,11,1011,27,131,14,74,12,132,135,134,28],"class_list":{"0":"post-563978","1":"post","2":"type-post","3":"status-publish","4":"format-standard","5":"has-post-thumbnail","7":"category-international","8":"tag-actualite","9":"tag-actualites","10":"tag-fr","11":"tag-france","12":"tag-guerre-en-ukraine","13":"tag-international","14":"tag-monde","15":"tag-news","16":"tag-russie","17":"tag-vladimir-poutine","18":"tag-volodymyr-zelensky","19":"tag-world"},"share_on_mastodon":{"url":"https:\/\/pubeurope.com\/@fr\/115626140195905727","error":""},"_links":{"self":[{"href":"https:\/\/www.europesays.com\/fr\/wp-json\/wp\/v2\/posts\/563978","targetHints":{"allow":["GET"]}}],"collection":[{"href":"https:\/\/www.europesays.com\/fr\/wp-json\/wp\/v2\/posts"}],"about":[{"href":"https:\/\/www.europesays.com\/fr\/wp-json\/wp\/v2\/types\/post"}],"author":[{"embeddable":true,"href":"https:\/\/www.europesays.com\/fr\/wp-json\/wp\/v2\/users\/2"}],"replies":[{"embeddable":true,"href":"https:\/\/www.europesays.com\/fr\/wp-json\/wp\/v2\/comments?post=563978"}],"version-history":[{"count":0,"href":"https:\/\/www.europesays.com\/fr\/wp-json\/wp\/v2\/posts\/563978\/revisions"}],"wp:featuredmedia":[{"embeddable":true,"href":"https:\/\/www.europesays.com\/fr\/wp-json\/wp\/v2\/media\/563979"}],"wp:attachment":[{"href":"https:\/\/www.europesays.com\/fr\/wp-json\/wp\/v2\/media?parent=563978"}],"wp:term":[{"taxonomy":"category","embeddable":true,"href":"https:\/\/www.europesays.com\/fr\/wp-json\/wp\/v2\/categories?post=563978"},{"taxonomy":"post_tag","embeddable":true,"href":"https:\/\/www.europesays.com\/fr\/wp-json\/wp\/v2\/tags?post=563978"}],"curies":[{"name":"wp","href":"https:\/\/api.w.org\/{rel}","templated":true}]}}