{"id":563980,"date":"2025-11-28T07:27:14","date_gmt":"2025-11-28T07:27:14","guid":{"rendered":"https:\/\/www.europesays.com\/fr\/563980\/"},"modified":"2025-11-28T07:27:14","modified_gmt":"2025-11-28T07:27:14","slug":"lfi-exulte-apres-ladoption-a-lassemblee-nationale-dune-loi-visant-a-nationaliser-arcelormittal-mais","status":"publish","type":"post","link":"https:\/\/www.europesays.com\/fr\/563980\/","title":{"rendered":"LFI exulte apr\u00e8s l\u2019adoption \u00e0 l\u2019Assembl\u00e9e nationale d\u2019une loi visant \u00e0 nationaliser ArcelorMittal, mais&#8230;"},"content":{"rendered":"<p>        <img decoding=\"async\" loading=\"lazy\" src=\"https:\/\/www.europesays.com\/fr\/wp-content\/uploads\/2025\/11\/b95cc35_upload-1-ip0b28o5g03a-afp-20251127-hl-mcohen-2973460-v2-highres-franceparliamentarcelormitta.jpeg\"  width=\"728\" height=\"410\" alt=\"Mathilde Panot et Manuel Bompard applaudissent lors d\u2019un d\u00e9bat sur la nationalisation d\u2019ArcelorMittal lors d\u2019une journ\u00e9e parlementaire r\u00e9serv\u00e9e au groupe LFI-NFP, le 27\u00a0novembre 2025.\"\/>  <\/p>\n<p>MAGALI COHEN \/ Hans Lucas via AFP<\/p>\n<p>Mathilde Panot et Manuel Bompard applaudissent lors d\u2019un d\u00e9bat sur la nationalisation d\u2019ArcelorMittal lors d\u2019une journ\u00e9e parlementaire r\u00e9serv\u00e9e au groupe LFI-NFP, le 27\u00a0novembre 2025.<\/p>\n<p class=\"asset asset-text\">C\u2019est un d\u00e9luge de messages enthousiastes d\u2019\u00e9lus LFI qui s\u2019est d\u00e9vers\u00e9 sur le r\u00e9seau social X. Apr\u00e8s des heures de discussions, l\u2019Assembl\u00e9e nationale a adopt\u00e9, tard dans la soir\u00e9e de jeudi 27\u00a0novembre, en premi\u00e8re lecture, une proposition de loi de La France insoumise visant \u00e0 <a href=\"https:\/\/www.huffingtonpost.fr\/politique\/article\/emmanuel-macron-promet-de-sauver-les-sites-arcelormittal-mais-sans-nationaliser_249979.html\" target=\"_blank\" rel=\"noopener\">nationaliser ArcelorMittal France<\/a>. Et ce, dans un contexte de grande difficult\u00e9 pour la <a href=\"https:\/\/www.huffingtonpost.fr\/politique\/video\/manifestations-du-1er-mai-arcelormittal-donne-a-la-fete-du-travail-une-tournure-tres-politique-le-gouvernement-sous-pression_249499.html\" target=\"_blank\" rel=\"noopener\">sid\u00e9rurgie fran\u00e7aise<\/a>.<\/p>\n<p class=\"asset asset-text\">\u00c0 l\u2019issue du scrutin les Insoumis ont salu\u00e9 une \u00ab\u00a0victoire historique\u00a0\u00bb par la voix de leur cheffe de groupe Mathilde Panot. Jean-Luc M\u00e9lenchon a lui lu dans le scrutin une \u00ab\u00a0page d\u2019histoire \u00e0 l\u2019Assembl\u00e9e nationale\u00a0\u00bb, \u00e9crit-il sur son compte X. \u00ab\u00a0Malgr\u00e9 l\u2019obstruction de l\u2019extr\u00eame droite et l\u2019opposition de la Macronie, c\u2019est une grande r\u00e9ussite\u00a0\u00bb, s\u2019est encore f\u00e9licit\u00e9 l\u2019Insoumise Cl\u00e9mence Guett\u00e9.<\/p>\n<p class=\"asset asset-text\">Toutefois, l\u2019avenir de la proposition de loi est hautement incertain, car il lui sera difficile d\u2019\u00eatre adopt\u00e9 au S\u00e9nat, domin\u00e9 par la droite et le centre.<\/p>\n<p>    Le S\u00e9nat \u00ab\u00a0ne votera jamais votre loi\u00a0\u00bb    <\/p>\n<p class=\"asset asset-text\">En d\u00e9pit de d\u00e9bats tendus, entre LFI accusant le RN d\u2019obstruction, et le groupe de Marine Le Pen reprochant aux Insoumis de susciter de \u00ab\u00a0faux espoirs\u00a0\u00bb pour les ouvriers, le texte a \u00e9t\u00e9 adopt\u00e9 par 127 voix contre 41.<\/p>\n<p class=\"asset asset-text\">Il a re\u00e7u le soutien de la gauche (insoumis, socialistes, \u00e9cologistes et communistes) et le RN s\u2019est abstenu. Le PS d\u00e9fend davantage une \u00ab\u00a0mise sous tutelle\u00a0\u00bb qu\u2019une nationalisation, mais a quand m\u00eame vot\u00e9 le texte. Le camp gouvernemental, peu mobilis\u00e9 jeudi, a vot\u00e9 contre.<\/p>\n<p class=\"asset asset-text\">La loi \u00ab\u00a0ne sera pas appliqu\u00e9e\u00a0\u00bb, a pr\u00e9dit le d\u00e9put\u00e9 Horizons Sylvain Berrios. Le S\u00e9nat, domin\u00e9 par la droite et le centre, \u00ab\u00a0ne votera jamais votre loi et il n\u2019y aura pas de nationalisation avant la pr\u00e9sidentielle\u00a0\u00bb, a lanc\u00e9 Jean-Philippe Tanguy (RN).<\/p>\n<p class=\"asset asset-text\">\u00ab\u00a0Je ne vois pas pourquoi nous n\u2019y arriverons pas (&#8230;) plus \u00e7a ira, plus on verra comme une \u00e9vidence politique qu\u2019il faut nationaliser ArcelorMittal\u00a0\u00bb, a r\u00e9pliqu\u00e9 la rapporteure Aur\u00e9lie Trouv\u00e9. Son texte dispose que \u00ab\u00a0la soci\u00e9t\u00e9 ArcelorMittal France est nationalis\u00e9e\u00a0\u00bb, et pr\u00e9voit un m\u00e9canisme pour d\u00e9terminer sa valeur (le co\u00fbt d\u2019une nationalisation est chiffr\u00e9 \u00e0 trois milliards d\u2019euros).<\/p>\n<p>                     Pour le gouvernement, la r\u00e9ponse se trouve \u00ab\u00a0\u00e0 Bruxelles\u00a0\u00bb    <\/p>\n<p class=\"asset asset-text\">Les Insoumis y voient \u00ab\u00a0l\u2019unique solution\u00a0\u00bb pour sauver la fili\u00e8re et ses 15\u00a0000 emplois directs, a insist\u00e9  Aur\u00e9lie Trouv\u00e9. Avec pour objectif de lutter contrer le plan social annonc\u00e9 en avril et relancer la d\u00e9carbonation des hauts-fourneaux.<\/p>\n<p class=\"asset asset-text\">Le gouvernement y est au contraire d\u00e9favorable, le ministre de l\u2019Industrie S\u00e9bastien Martin avertissant que la loi \u00ab\u00a0fragiliserait l\u2019emploi au lieu de le prot\u00e9ger\u00a0\u00bb, et estimant que la menace vient plut\u00f4t d\u2019un \u00ab\u00a0tsunami\u00a0\u00bb d\u2019acier asiatique.<\/p>\n<p class=\"asset asset-text\">Pour lui, la r\u00e9ponse se trouve \u00ab\u00a0\u00e0 Bruxelles\u00a0\u00bb, rappelant que la France a obtenu un plan d\u2019urgence europ\u00e9en\u00a0: au-del\u00e0 d\u2019un certain volume d\u2019importations, des droits de douane de 50% seront appliqu\u00e9s pour freiner la concurrence chinoise, mesure que Paris veut rendre effective d\u00e8s 2026.<\/p>\n<p class=\"asset asset-text\">\u00ab\u00a0Arr\u00eatez de faire croire qu\u2019un changement de propri\u00e9taire, \u00e7a r\u00e9soudra (le) probl\u00e8me\u00a0\u00bb des salari\u00e9s d\u2019ArcelorMittal, a abond\u00e9 Marie Lebec (Renaissance).<\/p>\n<p class=\"asset asset-text\">Sur le fond, le RN, qui capte une large partie du vote ouvrier, n\u2019est pas favorable non plus \u00e0 une nationalisation.\u00a0Le groupe de Marine Le Pen plaide pour une \u00ab\u00a0golden share\u00a0\u00bb, droit de veto de l\u2019\u00c9tat sur les d\u00e9cisions strat\u00e9giques sans gestion directe.<\/p>\n<p>    Faire monter la pression politique    <\/p>\n<p class=\"asset asset-text\">L\u2019examen du texte s\u2019est d\u00e9roul\u00e9 sous la surveillance de salari\u00e9s de l\u2019entreprise, certains ont \u00e9t\u00e9 salu\u00e9s dans les tribunes des spectateurs par les d\u00e9put\u00e9s.<\/p>\n<p class=\"asset asset-text\">\u00c0 l\u2019appel de la CGT, quelque 300 personnes selon un source polici\u00e8re, venus en bus des sites du Nord et de Moselle, ont manifest\u00e9 dans la matin\u00e9e sur l\u2019esplanade des Invalides, \u00e0 proximit\u00e9 de l\u2019Assembl\u00e9e, pour soutenir le texte. Fumig\u00e8nes en mains, des militants CGT ont fait d\u00e9tonner des p\u00e9tards, mais aucun incident n\u2019a \u00e9t\u00e9 signal\u00e9, selon la m\u00eame source polici\u00e8re.<\/p>\n<p class=\"asset asset-text\">Syndicats comme mouvements de gauche s\u2019accordent \u00e0 faire monter la pression politique. \u00ab\u00a0Le plan acier est en train de passer au Parlement europ\u00e9en. Il sera vot\u00e9 le 3 d\u00e9cembre. Donc \u00e7a veut dire qu\u2019il faut qu\u2019on tienne la pression jusque l\u00e0-bas\u00a0\u00bb, souligne Ga\u00ebtan Lecocq, d\u00e9l\u00e9gu\u00e9 CGT \u00e0 Dunkerque.<\/p>\n","protected":false},"excerpt":{"rendered":"MAGALI COHEN \/ Hans Lucas via AFP Mathilde Panot et Manuel Bompard applaudissent lors d\u2019un d\u00e9bat sur la&hellip;\n","protected":false},"author":2,"featured_media":563981,"comment_status":"","ping_status":"","sticky":false,"template":"","format":"standard","meta":{"footnotes":""},"categories":[4],"tags":[11,13620,1011,27,1023,19117,12,316,25],"class_list":{"0":"post-563980","1":"post","2":"type-post","3":"status-publish","4":"format-standard","5":"has-post-thumbnail","7":"category-france","8":"tag-actualites","9":"tag-arcelormittal","10":"tag-fr","11":"tag-france","12":"tag-la-france-insoumise-lfi","13":"tag-nationalisation","14":"tag-news","15":"tag-politique","16":"tag-republique-francaise"},"share_on_mastodon":{"url":"","error":""},"_links":{"self":[{"href":"https:\/\/www.europesays.com\/fr\/wp-json\/wp\/v2\/posts\/563980","targetHints":{"allow":["GET"]}}],"collection":[{"href":"https:\/\/www.europesays.com\/fr\/wp-json\/wp\/v2\/posts"}],"about":[{"href":"https:\/\/www.europesays.com\/fr\/wp-json\/wp\/v2\/types\/post"}],"author":[{"embeddable":true,"href":"https:\/\/www.europesays.com\/fr\/wp-json\/wp\/v2\/users\/2"}],"replies":[{"embeddable":true,"href":"https:\/\/www.europesays.com\/fr\/wp-json\/wp\/v2\/comments?post=563980"}],"version-history":[{"count":0,"href":"https:\/\/www.europesays.com\/fr\/wp-json\/wp\/v2\/posts\/563980\/revisions"}],"wp:featuredmedia":[{"embeddable":true,"href":"https:\/\/www.europesays.com\/fr\/wp-json\/wp\/v2\/media\/563981"}],"wp:attachment":[{"href":"https:\/\/www.europesays.com\/fr\/wp-json\/wp\/v2\/media?parent=563980"}],"wp:term":[{"taxonomy":"category","embeddable":true,"href":"https:\/\/www.europesays.com\/fr\/wp-json\/wp\/v2\/categories?post=563980"},{"taxonomy":"post_tag","embeddable":true,"href":"https:\/\/www.europesays.com\/fr\/wp-json\/wp\/v2\/tags?post=563980"}],"curies":[{"name":"wp","href":"https:\/\/api.w.org\/{rel}","templated":true}]}}