{"id":563982,"date":"2025-11-28T07:28:15","date_gmt":"2025-11-28T07:28:15","guid":{"rendered":"https:\/\/www.europesays.com\/fr\/563982\/"},"modified":"2025-11-28T07:28:15","modified_gmt":"2025-11-28T07:28:15","slug":"on-a-subi-de-grosses-pressions-ces-surfeurs-ont-ete-harceles-pour-ne-pas-montrer-dimages-de-spots-secrets","status":"publish","type":"post","link":"https:\/\/www.europesays.com\/fr\/563982\/","title":{"rendered":"\u00ab\u00a0On a subi de grosses pressions\u00a0\u00bb\u2026 Ces surfeurs ont \u00e9t\u00e9 harcel\u00e9s pour ne pas montrer d\u2019images de spots secrets"},"content":{"rendered":"<p>Ils ne s\u2019attendaient pas \u00e0 \u00e7a. R\u00e9put\u00e9s tant pour la qualit\u00e9 de leurs films que pour leur capacit\u00e9 \u00e0 respecter tous les spots, les surfeurs de Lost in the swell ont \u00e9t\u00e9 la cible d\u2019une campagne de harc\u00e8lement qui les a pouss\u00e9s \u00e0 censurer leur dernier documentaire. Intitul\u00e9e \u00ab\u00a0Slows, Les lents de la mer\u2026 (de)\u00a0\u00bb et disponible <a href=\"https:\/\/www.youtube.com\/watch?v=jH7viRWv490\" rel=\"nofollow noopener\" target=\"_blank\" class=\"c-link c-link--is-underlined\">depuis quelques jours sur YouTube<\/a>, l\u2019\u0153uvre a d\u00fb \u00eatre amput\u00e9e d\u2019une grande partie de ses images montrant des vagues jug\u00e9es secr\u00e8tes dans des coins paum\u00e9s de l\u2019Atlantique nord. \u00ab\u00a0On a invent\u00e9 le concept de film de surf sans surf\u00a0\u00bb, glisse dans un sourire Ewen Le Goff. Le Breton a beau \u00ab\u00a0\u00eatre fier\u00a0\u00bb du rendu, il ne dig\u00e8re toujours pas la campagne de harc\u00e8lement dont lui et ses deux potes ont \u00e9t\u00e9 la cible.<\/p>\n<p>Apr\u00e8s la sortie du teaser du film il y a quelques mois, des habitu\u00e9s de ces spots myst\u00e9rieux n\u2019ont pas tol\u00e9r\u00e9 de voir des images de \u00ab\u00a0leurs\u00a0vagues\u00a0\u00bb \u00eatre partag\u00e9es. Ils ont alors fait pression sur les Fran\u00e7ais et sur leur famille pour que les s\u00e9quences soient retir\u00e9es. \u00ab\u00a0On recevait tous les jours des messages sur nos r\u00e9seaux sociaux, par WhatsApp. Ils avaient chop\u00e9 nos num\u00e9ros, ils mettaient la pression sur nos sponsors, sur nos amis. Ils mena\u00e7aient de venir perturber les avant-premi\u00e8res. C\u2019\u00e9tait permanent\u00a0\u00bb, raconte le surfeur.<\/p>\n<\/p>\n<p>Pour comprendre ce qui a conduit \u00e0 cette improbable campagne de d\u00e9nigrement, il faut revenir un peu en arri\u00e8re <a href=\"https:\/\/www.20minutes.fr\/sport\/3073583-20210630-surf-aventuriers-extreme-lost-in-the-swell-toujours-quete-spot-parfait\" class=\"c-link c-link--is-underlined\" target=\"_blank\" rel=\"noopener\">et rappeler ce qu\u2019est l\u2019essence de Lost in the swell<\/a>. Ce projet est n\u00e9 en Bretagne dans l\u2019esprit d\u2019Ewen Le Goff, de Ronan Gladu et d\u2019Aur\u00e9lien Jacob. Depuis quinze ans, les trois amis arpentent le globe \u00e0 la recherche de \u00ab\u00a0la vague parfaite\u00a0\u00bb. Au fil des ann\u00e9es et de la r\u00e9alit\u00e9 du r\u00e9chauffement climatique, les Bretons ont d\u00e9cid\u00e9 \u00ab\u00a0de lever le pied sur l\u2019avion\u00a0\u00bb et tentent donc de voyager autrement.<\/p>\n<p>Des spots film\u00e9s, mais gard\u00e9s secrets<\/p>\n<p>Leur ADN\u00a0: montrer des images de spots m\u00e9connus, mais sans d\u00e9voiler leur localit\u00e9. \u00ab\u00a0Le surf, c\u2019est un peu comme les champignons, tu ne donnes pas tes coins comme \u00e7a. Mais nous, on fait attention. Ronan (qui filme) fait hyper gaffe \u00e0 ce qu\u2019on ne puisse pas identifier les endroits. On ne cite pas la destination, on ne donne pas d\u2019indices, on fait des plans serr\u00e9s pour ne rien montrer. On sait bien qu\u2019il y a de plus en plus de surfeurs et que \u00e7a peut devenir tendu sur les spots. Alors on fait gaffe\u00a0\u00bb, assure Ewen Le Goff.<\/p>\n<p class=\"mb-m@xs text-l@xs\">En cliquant sur\u00ab J\u2019accepte \u00bb, vous acceptez le d\u00e9p\u00f4t de cookies par des services externes et aurez ainsi acc\u00e8s aux contenus de nos partenaires.<\/p>\n<p class=\"mb-xl@xs text-s@xs\">Plus d\u2019informations sur la page<a href=\"https:\/\/www.20minutes.fr\/gestion-cookies\" class=\"mx-xxs@xs color-ultramarine\" target=\"_blank\" rel=\"noopener\">Politique de gestion des cookies<\/a><\/p>\n<p>J\u2019accepte<\/p>\n<p>C\u2019est dans cette qu\u00eate de \u00ab\u00a0la vague parfaite\u00a0\u00bb que les trois amis avaient mis le cap vers une destination secr\u00e8te de l\u2019Atlantique nord en plein hiver, afin d\u2019avoir les meilleures conditions. <a href=\"https:\/\/www.20minutes.fr\/sport\/4117668-20241108-vendee-globe-2024-aimerais-dernier-si-samantha-davies-arretait\" class=\"c-link c-link--is-underlined\" target=\"_blank\" rel=\"noopener\">Brief\u00e9s par la navigatrice Samantha Davies<\/a>, qui revenait juste de son Vend\u00e9e Globe, les trois amis avaient lou\u00e9 un petit voilier et navigu\u00e9 depuis la Bretagne jusqu\u2019\u00e0 ces plages cach\u00e9es. \u00ab\u00a0On avait fait du rep\u00e9rage sur les cartes. On avait regard\u00e9 la houle, les vents, les orientations. On sait faire maintenant. Mais on ne savait pas quand ce serait au rendez-vous. On voulait prendre notre temps. C\u2019est l\u2019inverse de notre soci\u00e9t\u00e9 qui veut tout, tout de suite\u00a0\u00bb, poursuit Ewen Le Goff.<\/p>\n<p>\u00ab\u00a0Il n\u2019y avait personne \u00e0 l\u2019eau\u00a0\u00bb<\/p>\n<p>A leur arriv\u00e9e sur place, les Bretons jubilent. Oui, ils ont gal\u00e9r\u00e9 dans leur petit voilier. Oui, ils se sont faits peur en croisant des cargos g\u00e9ants. Oui, ils ont eu froid. Mais la r\u00e9compense \u00e9tait \u00e0 la hauteur de leurs efforts. \u00ab\u00a0On a d\u00e9couvert des spots incroyables, tous tr\u00e8s diff\u00e9rents. Il n\u2019y avait personne \u00e0 l\u2019eau. L\u00e0-bas, Ronan a pris la plus longue gauche de sa vie. Et avec Aurel, on s\u2019est \u00e9clat\u00e9s, on a scor\u00e9. <a href=\"https:\/\/www.lostintheswell.com\/series\/patalluvia\/\" target=\"_blank\" class=\"c-link c-link--is-underlined\" rel=\"noopener\">Depuis notre voyage en Patagonie<\/a> (en\u00a02020), c\u2019\u00e9taient les plus belles vagues qu\u2019on n\u2019avait jamais vues.\u00a0\u00bb<\/p>\n<p><img decoding=\"async\" alt=\"Pour se rendre dans leur destination myst\u00e9rieuse, les surfeurs de Lost in the swell (ici Ewen Le Goff) ont utilis\u00e9 un petit voilier. \" class=\"c-img\" loading=\"lazy\" fetchpriority=\"auto\" width=\"718\"  src=\"https:\/\/img.20mn.fr\/YR4wRVmpSHOvtdIu-pttiyk\/718x0\" \/>Pour se rendre dans leur destination myst\u00e9rieuse, les surfeurs de Lost in the swell (ici Ewen Le Goff) ont utilis\u00e9 un petit voilier. \u2002-\u00a0Ronan Gladu<\/p>\n<p>Ces sessions m\u00e9morables devaient appara\u00eetre dans le film, avec pour seul but de montrer du beau. \u00ab\u00a0Trois semaines de postproduction \u00e0 tout flouter, effacer pour qu\u2019aucun \u00e9l\u00e9ment ne puisse permettre d\u2019identifier les spots\u00a0\u00bb, raconte Ronan Gladu dans le film. Mais elles ont \u00e9t\u00e9 coup\u00e9es, sous la pression de surfeurs pros et de locaux visiblement influents. \u00ab\u00a0On a enlev\u00e9 vingt minutes de surf. On a de la chance, les gens aiment quand m\u00eame le film. Parce qu\u2019ils voient notre aventure, nos gal\u00e8res. Pendant les avant-premi\u00e8res, on n\u2019a rien cach\u00e9 de ce qui nous \u00e9tait arriv\u00e9. C\u2019\u00e9tait l\u2019occasion de parler de <a href=\"https:\/\/www.20minutes.fr\/dossier\/cyber_harcelement\" class=\"c-link c-link--is-underlined\" target=\"_blank\" rel=\"noopener\">cyberharc\u00e8lement<\/a>. Mais c\u2019\u00e9tait un cr\u00e8ve-c\u0153ur de tout enlever\u00a0\u00bb, r\u00e9sume Ewen Le Goff.<\/p>\n<p><a href=\"https:\/\/www.20minutes.fr\/dossier\/surf\" class=\"c-link c-btn c-btn--primary\" target=\"_blank\" rel=\"noopener\">Notre dossier sur le surf<\/a><\/p>\n<p>Apr\u00e8s cette d\u00e9sagr\u00e9able m\u00e9saventure, les trois surfeurs bretons se demandent comment rebondir. Engag\u00e9 \u00e0 moins prendre l\u2019avion et \u00e0 utiliser des moyens de transport moins polluants, le trio est un peu limit\u00e9 dans son exploration du monde. Les trois gars s\u2019interrogent aussi sur leur capacit\u00e9 \u00e0 garder le myst\u00e8re autour de ces spots qu\u2019ils visitent et sur lesquels ils sont souvent seuls. \u00ab\u00a0Aujourd\u2019hui, avec une bonne IA, tu peux toujours retrouver o\u00f9 c\u2019est.\u00a0Et \u00e7a, on n\u2019y peut rien.\u00a0\u00bb<\/p>\n","protected":false},"excerpt":{"rendered":"Ils ne s\u2019attendaient pas \u00e0 \u00e7a. R\u00e9put\u00e9s tant pour la qualit\u00e9 de leurs films que pour leur capacit\u00e9&hellip;\n","protected":false},"author":2,"featured_media":563983,"comment_status":"","ping_status":"","sticky":false,"template":"","format":"standard","meta":{"footnotes":""},"categories":[2],"tags":[11,829,9001,3321,1011,27,3668,848,6127,12,10424,52,584,517,30372,27319,10887,17250,586,2784],"class_list":{"0":"post-563982","1":"post","2":"type-post","3":"status-publish","4":"format-standard","5":"has-post-thumbnail","7":"category-actualites","8":"tag-actualites","9":"tag-bretagne","10":"tag-cyberharcelement","11":"tag-finistere","12":"tag-fr","13":"tag-france","14":"tag-harcelement","15":"tag-ille-et-vilaine","16":"tag-mer","17":"tag-news","18":"tag-ocean-atlantique","19":"tag-planete","20":"tag-rennes","21":"tag-sport","22":"tag-surf","23":"tag-vague","24":"tag-voile","25":"tag-voilier","26":"tag-voyage","27":"tag-youtube"},"share_on_mastodon":{"url":"https:\/\/pubeurope.com\/@fr\/115626149730153555","error":""},"_links":{"self":[{"href":"https:\/\/www.europesays.com\/fr\/wp-json\/wp\/v2\/posts\/563982","targetHints":{"allow":["GET"]}}],"collection":[{"href":"https:\/\/www.europesays.com\/fr\/wp-json\/wp\/v2\/posts"}],"about":[{"href":"https:\/\/www.europesays.com\/fr\/wp-json\/wp\/v2\/types\/post"}],"author":[{"embeddable":true,"href":"https:\/\/www.europesays.com\/fr\/wp-json\/wp\/v2\/users\/2"}],"replies":[{"embeddable":true,"href":"https:\/\/www.europesays.com\/fr\/wp-json\/wp\/v2\/comments?post=563982"}],"version-history":[{"count":0,"href":"https:\/\/www.europesays.com\/fr\/wp-json\/wp\/v2\/posts\/563982\/revisions"}],"wp:featuredmedia":[{"embeddable":true,"href":"https:\/\/www.europesays.com\/fr\/wp-json\/wp\/v2\/media\/563983"}],"wp:attachment":[{"href":"https:\/\/www.europesays.com\/fr\/wp-json\/wp\/v2\/media?parent=563982"}],"wp:term":[{"taxonomy":"category","embeddable":true,"href":"https:\/\/www.europesays.com\/fr\/wp-json\/wp\/v2\/categories?post=563982"},{"taxonomy":"post_tag","embeddable":true,"href":"https:\/\/www.europesays.com\/fr\/wp-json\/wp\/v2\/tags?post=563982"}],"curies":[{"name":"wp","href":"https:\/\/api.w.org\/{rel}","templated":true}]}}