{"id":563984,"date":"2025-11-28T07:29:13","date_gmt":"2025-11-28T07:29:13","guid":{"rendered":"https:\/\/www.europesays.com\/fr\/563984\/"},"modified":"2025-11-28T07:29:13","modified_gmt":"2025-11-28T07:29:13","slug":"une-brigade-de-securite-va-investir-les-transports-en-commun-pour-la-premiere-fois-en-france","status":"publish","type":"post","link":"https:\/\/www.europesays.com\/fr\/563984\/","title":{"rendered":"Une brigade de s\u00e9curit\u00e9 va investir les transports en commun pour la premi\u00e8re fois en France"},"content":{"rendered":"<p><img decoding=\"async\" class=\"\" style=\"width:100%\" src=\"https:\/\/www.europesays.com\/fr\/wp-content\/uploads\/2025\/11\/591848091_1293948389440911_8887178876294508440_n1764310914898.jpg\" alt=\"La brigade sera dans les transports d\u00e8s janvier 2026.\"\/><\/p>\n<p>La brigade sera dans les transports d\u00e8s janvier 2026.<\/p>\n<p>Cr\u00e9dit : Facebook \/ Ville de Saint-Etienne<\/p>\n<p>C\u2019est une exp\u00e9rimentation unique en France, qui sera men\u00e9e pendant un an.\u00a0Une Brigade de s\u00e9curit\u00e9 dans les transports va voir le jour \u00e0 Saint-Etienne \u00e0 partir du mois de janvier prochain.\u00a0Pour renforcer la tranquillit\u00e9 des voyageurs, cette brigade patrouillera sur tout le r\u00e9seau de la STAS et sera compos\u00e9e de 8 agents dont 4 r\u00e9servistes de la Police nationale et 4 r\u00e9servistes de la Gendarmerie nationale. La brigade sera en coordination avec le poste de commandement de la STAS, sur tout le r\u00e9seau st\u00e9phanois.\u00a0<\/p>\n<p>Dans les transports, les agents seront pr\u00e9sents en moyenne deux jours par semaine. Au t\u00f4tal, cette nouvelle brigade repr\u00e9sente un financement de 230 000 \u20ac pris en charge par la Ville de Saint-Etienne.\u00a0<\/p>\n","protected":false},"excerpt":{"rendered":"La brigade sera dans les transports d\u00e8s janvier 2026. Cr\u00e9dit : Facebook \/ Ville de Saint-Etienne C\u2019est une&hellip;\n","protected":false},"author":2,"featured_media":563985,"comment_status":"","ping_status":"","sticky":false,"template":"","format":"standard","meta":{"footnotes":""},"categories":[9653],"tags":[1111,11,2430,17434,1777,674,1011,27,3381,3367,12,1072,25,4001,656,24434,800],"class_list":{"0":"post-563984","1":"post","2":"type-post","3":"status-publish","4":"format-standard","5":"has-post-thumbnail","7":"category-saint-etienne","8":"tag-actu","9":"tag-actualites","10":"tag-auvergne-rhone-alpes","11":"tag-brigade","12":"tag-eu","13":"tag-europe","14":"tag-fr","15":"tag-france","16":"tag-gendarmerie","17":"tag-loire","18":"tag-news","19":"tag-police","20":"tag-republique-francaise","21":"tag-saint-etienne","22":"tag-securite","23":"tag-stas","24":"tag-transports"},"share_on_mastodon":{"url":"https:\/\/pubeurope.com\/@fr\/115626153185517003","error":""},"_links":{"self":[{"href":"https:\/\/www.europesays.com\/fr\/wp-json\/wp\/v2\/posts\/563984","targetHints":{"allow":["GET"]}}],"collection":[{"href":"https:\/\/www.europesays.com\/fr\/wp-json\/wp\/v2\/posts"}],"about":[{"href":"https:\/\/www.europesays.com\/fr\/wp-json\/wp\/v2\/types\/post"}],"author":[{"embeddable":true,"href":"https:\/\/www.europesays.com\/fr\/wp-json\/wp\/v2\/users\/2"}],"replies":[{"embeddable":true,"href":"https:\/\/www.europesays.com\/fr\/wp-json\/wp\/v2\/comments?post=563984"}],"version-history":[{"count":0,"href":"https:\/\/www.europesays.com\/fr\/wp-json\/wp\/v2\/posts\/563984\/revisions"}],"wp:featuredmedia":[{"embeddable":true,"href":"https:\/\/www.europesays.com\/fr\/wp-json\/wp\/v2\/media\/563985"}],"wp:attachment":[{"href":"https:\/\/www.europesays.com\/fr\/wp-json\/wp\/v2\/media?parent=563984"}],"wp:term":[{"taxonomy":"category","embeddable":true,"href":"https:\/\/www.europesays.com\/fr\/wp-json\/wp\/v2\/categories?post=563984"},{"taxonomy":"post_tag","embeddable":true,"href":"https:\/\/www.europesays.com\/fr\/wp-json\/wp\/v2\/tags?post=563984"}],"curies":[{"name":"wp","href":"https:\/\/api.w.org\/{rel}","templated":true}]}}