{"id":563988,"date":"2025-11-28T07:33:15","date_gmt":"2025-11-28T07:33:15","guid":{"rendered":"https:\/\/www.europesays.com\/fr\/563988\/"},"modified":"2025-11-28T07:33:15","modified_gmt":"2025-11-28T07:33:15","slug":"une-boutique-ephemere-de-jouets-doccasion-a-ouvert-place-stanislas","status":"publish","type":"post","link":"https:\/\/www.europesays.com\/fr\/563988\/","title":{"rendered":"une boutique \u00e9ph\u00e9m\u00e8re de jouets d&rsquo;occasion a ouvert place Stanislas"},"content":{"rendered":"<p>                    Par<br \/>\n        <strong><br \/>\n            <a href=\"https:\/\/actu.fr\/auteur\/pierre-emile-bouchy-actu-fr\" title=\"Consulter tous les articles de Paul-Emile Bouchy\" target=\"_blank\" rel=\"noopener\">Paul-Emile Bouchy<\/a><br \/>\n                    <\/strong><\/p>\n<p>        Publi\u00e9 le<\/p>\n<p>            26 nov. 2025 \u00e0 16h07        <\/p>\n<p>Si Nancy vibre depuis vendredi au rythme<a href=\"https:\/\/actu.fr\/grand-est\/nancy_54395\/video-revivez-le-lancement-des-fetes-de-saint-nicolas-2025-a-nancy_63473735.html\" target=\"_blank\" rel=\"noopener\"> des f\u00eates de Saint-Nicolas<\/a>, <strong>No\u00ebl<\/strong> reste incontournable et aura lieu dans moins d\u2019un mois.<\/p>\n<p class=\" wall-content\">Si vous n\u2019avez pas encore fait tous vos cadeaux, <strong>cette boutique \u00e9ph\u00e9m\u00e8re vendant des jeux et jouets d\u2019occasion<\/strong> situ\u00e9e <a href=\"https:\/\/actu.fr\/tag\/place-stanislas\" target=\"_blank\" rel=\"noopener\">place Stanislas<\/a> est l\u2019endroit id\u00e9al.<\/p>\n<p>Une large s\u00e9lection de produits de seconde main pour No\u00ebl<\/p>\n<p class=\" wall-content\">Install\u00e9e \u00e0 c\u00f4t\u00e9 du <a href=\"https:\/\/actu.fr\/grand-est\/nancy_54395\/nancy-ce-restaurant-bien-connu-place-stanislas-propose-un-menu-anti-crise-a-seulement-10-euros_62523956.html\" target=\"_blank\" rel=\"noopener\">restaurant L\u2019Arrosoir<\/a>, cette boutique \u00e9ph\u00e9m\u00e8re est <strong>ouverte depuis d\u00e9but novembre et le sera jusqu\u2019\u00e0 la fin de l\u2019ann\u00e9e<\/strong>.<\/p>\n<p class=\" wall-content\">\u00c0 l\u2019int\u00e9rieur, vous y trouverez une vaste s\u00e9lection de produits allant <strong>de la petite enfance \u00e0 l\u2019adolescence<\/strong>\u2009: jouets, peluches, figurines, petites voitures, jeux de soci\u00e9t\u00e9, livres, loisirs cr\u00e9atifs\u2026<\/p>\n<p class=\" wall-content\">Leurs points communs\u2009: ils sont tous vendus <strong>d\u2019occasion, en bon \u00e9tat et \u00e0 des prix attractifs<\/strong>.<\/p>\n<p>Plus de trois tonnes de jouets collect\u00e9es en 2025<\/p>\n<p class=\" wall-content\">Ce magasin est tenu par l<strong>\u2019association \u00ab\u2009Rebond Entre en jeu\u2009\u00bb<\/strong>, une recyclerie de jeux et jouets de seconde main o\u00f9 travaillent des personnes en transition professionnelle.<\/p>\n<p class=\" wall-content\">\u00ab\u2009Quand nous recevons des jouets, ils sont tri\u00e9s, remis en \u00e9tat, nettoy\u00e9s et contr\u00f4l\u00e9s dans notre atelier chantier d\u2019insertion \u00e0 Houdemont avant d\u2019\u00eatre mis en vente, explique Sonia Laqui\u00e8vre, encadrante technique au sein de l\u2019association. <strong>Depuis le d\u00e9but de l\u2019ann\u00e9e, c\u2019est plus de 3,7 tonnes de jouets qui ont d\u00e9j\u00e0 \u00e9t\u00e9 collect\u00e9es.\u2009<\/strong>\u00bb<\/p>\n<p>Votre r\u00e9gion, votre actu !<\/p>\n<p>Recevez chaque jour les infos qui comptent pour vous.<\/p>\n<p>\t<a href=\"https:\/\/actu.fr\/newsletter\" class=\"ac-btn ac-btn--corner ac-btn--medium ac-btn--blue800\" target=\"_blank\" rel=\"noopener\">S&rsquo;incrire<\/a><\/p>\n<p class=\" wall-content\">Vous pouvez aussi venir d\u00e9poser les jeux et jouets que vos enfants n\u2019utilisent plus directement \u00e0 la boutique. Celle-ci est <strong>ouverte du mercredi au vendredi entre 12h et 19h et le samedi de 10h30 \u00e0 19h30<\/strong>.<\/p>\n<p class=\" wall-content\">Personnalisez votre actualit\u00e9 en ajoutant vos villes et m\u00e9dias en favori avec <a href=\"https:\/\/moncompte.actu.fr\" title=\"D\u00e9couvez Mon Actu\" rel=\"nofollow noopener\" data-trk=\"{&quot;cta&quot;:{&quot;action&quot;:&quot;https:\\\/\\\/moncompte.actu.fr&quot;,&quot;category&quot;:&quot;mon compte&quot;,&quot;from&quot;:&quot;article footer&quot;,&quot;name&quot;:&quot;Mon actu&quot;,&quot;type&quot;:&quot;cta&quot;}}\" target=\"_blank\">Mon Actu<\/a>.<\/p>\n","protected":false},"excerpt":{"rendered":"Par Paul-Emile Bouchy Publi\u00e9 le 26 nov. 2025 \u00e0 16h07 Si Nancy vibre depuis vendredi au rythme des&hellip;\n","protected":false},"author":2,"featured_media":563989,"comment_status":"","ping_status":"","sticky":false,"template":"","format":"standard","meta":{"footnotes":""},"categories":[9635],"tags":[1111,11,11226,1777,674,1011,27,775,1702,12,15830,9647,25,104],"class_list":{"0":"post-563988","1":"post","2":"type-post","3":"status-publish","4":"format-standard","5":"has-post-thumbnail","7":"category-nancy","8":"tag-actu","9":"tag-actualites","10":"tag-bons-plans-a-nancy","11":"tag-eu","12":"tag-europe","13":"tag-fr","14":"tag-france","15":"tag-grand-est","16":"tag-nancy","17":"tag-news","18":"tag-noel","19":"tag-place-stanislas","20":"tag-republique-francaise","21":"tag-societe"},"share_on_mastodon":{"url":"https:\/\/pubeurope.com\/@fr\/115626167778257253","error":""},"_links":{"self":[{"href":"https:\/\/www.europesays.com\/fr\/wp-json\/wp\/v2\/posts\/563988","targetHints":{"allow":["GET"]}}],"collection":[{"href":"https:\/\/www.europesays.com\/fr\/wp-json\/wp\/v2\/posts"}],"about":[{"href":"https:\/\/www.europesays.com\/fr\/wp-json\/wp\/v2\/types\/post"}],"author":[{"embeddable":true,"href":"https:\/\/www.europesays.com\/fr\/wp-json\/wp\/v2\/users\/2"}],"replies":[{"embeddable":true,"href":"https:\/\/www.europesays.com\/fr\/wp-json\/wp\/v2\/comments?post=563988"}],"version-history":[{"count":0,"href":"https:\/\/www.europesays.com\/fr\/wp-json\/wp\/v2\/posts\/563988\/revisions"}],"wp:featuredmedia":[{"embeddable":true,"href":"https:\/\/www.europesays.com\/fr\/wp-json\/wp\/v2\/media\/563989"}],"wp:attachment":[{"href":"https:\/\/www.europesays.com\/fr\/wp-json\/wp\/v2\/media?parent=563988"}],"wp:term":[{"taxonomy":"category","embeddable":true,"href":"https:\/\/www.europesays.com\/fr\/wp-json\/wp\/v2\/categories?post=563988"},{"taxonomy":"post_tag","embeddable":true,"href":"https:\/\/www.europesays.com\/fr\/wp-json\/wp\/v2\/tags?post=563988"}],"curies":[{"name":"wp","href":"https:\/\/api.w.org\/{rel}","templated":true}]}}