{"id":564000,"date":"2025-11-28T07:39:10","date_gmt":"2025-11-28T07:39:10","guid":{"rendered":"https:\/\/www.europesays.com\/fr\/564000\/"},"modified":"2025-11-28T07:39:10","modified_gmt":"2025-11-28T07:39:10","slug":"les-rouennais-en-profitent-pour-faire-leurs-achats-de-noel","status":"publish","type":"post","link":"https:\/\/www.europesays.com\/fr\/564000\/","title":{"rendered":"les Rouennais en profitent pour faire leurs achats de No\u00ebl"},"content":{"rendered":"<p melodystyle=\"texte\">C&rsquo;est le Black Friday vendredi 28\u00a0novembre. A l&rsquo;origine, il s&rsquo;agit d&rsquo;une tradition am\u00e9ricaine, puisqu&rsquo;il se d\u00e9roule le vendredi suivant<\/p>\n<p melodystyle=\"texte\">Thanksgiving mais aujourd&rsquo;hui, cette journ\u00e9e est devenue synonyme de bonnes affaires pour les consommateurs. Dans le centre-ville de Rouen par exemple, on voit d\u00e9j\u00e0 appara\u00eetre des affiches \u00ab\u00a0Black Friday\u00a0\u00bb en grandes lettres\u00a0dans certaines vitrines.<\/p>\n<p melodystyle=\"texte\"><b>A lire aussi.<\/b><a href=\"https:\/\/www.tendanceouest.com\/actualite-433782-place-du-commerce-en-seine-maritime-friperie-boulangerie-et-boutique-de-vetements\" target=\"_blank\" rel=\"noopener\"> Place du commerce en Seine-Maritime. Friperie, boulangerie et boutique de v\u00eatements*<\/a><\/p>\n<p>\u00ab\u00a0Je profite de cette date pour faire mes cadeaux de No\u00ebl\u00a0\u00bb<\/p>\n<p melodystyle=\"texte\">\u00ab\u00a0Depuis des ann\u00e9es, je profite de cette date pour aller faire mes cadeaux de No\u00ebl, assure Emilie Chevet, \u00e9tudiante \u00e0 Rouen. Je pr\u00e9f\u00e8re le Black Friday aux soldes habituelles. Je trouve \u00e7a plus int\u00e9ressant parce que ce sont des produits qu&rsquo;on ne trouve pas en d\u00e9stockage mais plut\u00f4t dans les nouvelles collections, donc \u00e7a m&rsquo;int\u00e9resse\u00a0\u00bb, relate-t-elle. De son c\u00f4t\u00e9, Abdelkarim Imaloui, entrepreneur \u00e0 Rouen, en profite pour \u00ab\u00a0acheter tous ses cadeaux d&rsquo;un seul coup et \u00e0 moindre co\u00fbt\u00a0\u00bb. Ce qu&rsquo;il cible en g\u00e9n\u00e9ral, ce sont les parfums. \u00ab\u00a0J&rsquo;attends toujours le Black Friday pour faire mes commandes, c&rsquo;est beaucoup plus int\u00e9ressant. On a des -20% et des -30%\u00a0\u00bb, pr\u00e9cise-t-il.<\/p>\n<p>\u00ab\u00a0Je dois trouver des Lego\u00a0\u00bb<\/p>\n<p melodystyle=\"texte\" data-end=\"329\">Cette ann\u00e9e, de passage \u00e0 Rouen, Alexandre Dehays a choisi de faire ses achats de No\u00ebl \u00e0 l&rsquo;occasion du Black Friday. \u00ab\u00a0Cela fait maintenant quatre ans que je profite de cette p\u00e9riode pour commencer mes cadeaux. Je dois trouver des Lego, des v\u00eatements et divers jouets\u00a0\u00bb, explique-t-il. Mais dans la ville aux cent clochers, tout le monde n&rsquo;adh\u00e8re pas \u00e0 ces op\u00e9rations commerciales. \u00ab\u00a0Le Black Friday, ce n&rsquo;est pas quelque chose que je suis, confie Valentine Girard, en promenade \u00e0 Rouen. Je n&rsquo;attends pas cette date pour faire mes achats. Je pr\u00e9f\u00e8re privil\u00e9gier les plateformes de seconde main\u00a0\u00bb, ajoute-t-elle.<\/p>\n<p melodystyle=\"texte\" data-end=\"329\">Et si vous pr\u00e9voyez de profiter du Black Friday pour faire vos achats en ligne, restez vigilant face aux promotions trop attractives.<\/p>\n","protected":false},"excerpt":{"rendered":"C&rsquo;est le Black Friday vendredi 28\u00a0novembre. A l&rsquo;origine, il s&rsquo;agit d&rsquo;une tradition am\u00e9ricaine, puisqu&rsquo;il se d\u00e9roule le vendredi&hellip;\n","protected":false},"author":2,"featured_media":564001,"comment_status":"","ping_status":"","sticky":false,"template":"","format":"standard","meta":{"footnotes":""},"categories":[9587],"tags":[1111,11,1777,674,1011,27,12,5161,25,9590],"class_list":{"0":"post-564000","1":"post","2":"type-post","3":"status-publish","4":"format-standard","5":"has-post-thumbnail","7":"category-rouen","8":"tag-actu","9":"tag-actualites","10":"tag-eu","11":"tag-europe","12":"tag-fr","13":"tag-france","14":"tag-news","15":"tag-normandie","16":"tag-republique-francaise","17":"tag-rouen"},"share_on_mastodon":{"url":"https:\/\/pubeurope.com\/@fr\/115626191334733810","error":""},"_links":{"self":[{"href":"https:\/\/www.europesays.com\/fr\/wp-json\/wp\/v2\/posts\/564000","targetHints":{"allow":["GET"]}}],"collection":[{"href":"https:\/\/www.europesays.com\/fr\/wp-json\/wp\/v2\/posts"}],"about":[{"href":"https:\/\/www.europesays.com\/fr\/wp-json\/wp\/v2\/types\/post"}],"author":[{"embeddable":true,"href":"https:\/\/www.europesays.com\/fr\/wp-json\/wp\/v2\/users\/2"}],"replies":[{"embeddable":true,"href":"https:\/\/www.europesays.com\/fr\/wp-json\/wp\/v2\/comments?post=564000"}],"version-history":[{"count":0,"href":"https:\/\/www.europesays.com\/fr\/wp-json\/wp\/v2\/posts\/564000\/revisions"}],"wp:featuredmedia":[{"embeddable":true,"href":"https:\/\/www.europesays.com\/fr\/wp-json\/wp\/v2\/media\/564001"}],"wp:attachment":[{"href":"https:\/\/www.europesays.com\/fr\/wp-json\/wp\/v2\/media?parent=564000"}],"wp:term":[{"taxonomy":"category","embeddable":true,"href":"https:\/\/www.europesays.com\/fr\/wp-json\/wp\/v2\/categories?post=564000"},{"taxonomy":"post_tag","embeddable":true,"href":"https:\/\/www.europesays.com\/fr\/wp-json\/wp\/v2\/tags?post=564000"}],"curies":[{"name":"wp","href":"https:\/\/api.w.org\/{rel}","templated":true}]}}