{"id":564020,"date":"2025-11-28T07:50:18","date_gmt":"2025-11-28T07:50:18","guid":{"rendered":"https:\/\/www.europesays.com\/fr\/564020\/"},"modified":"2025-11-28T07:50:18","modified_gmt":"2025-11-28T07:50:18","slug":"que-faire-a-nantes-ce-week-end-du-28-au-30-novembre-2025","status":"publish","type":"post","link":"https:\/\/www.europesays.com\/fr\/564020\/","title":{"rendered":"Que faire \u00e0 Nantes ce week-end (du 28 au 30 novembre 2025)\u00a0?"},"content":{"rendered":"<p><b>On fait le\u00a0plein\u00a0de p\u00e9pites au March\u00e9 de la Seconde Main du\u00a0Passage de la Ch\u00e2telaine<\/b>&#13;<\/p>\n<p><b><img loading=\"lazy\" decoding=\"async\" src=\"https:\/\/uploads.lebonbon.fr\/source\/2025\/Nantes\/571196856_1138566628483180_4644499396368818796_n.jpg\" width=\"2048\" height=\"1152\" alt=\"\"\/><\/b><\/p>\n<p>&#13;<\/p>\n<p>Du 28 au 30 novembre, le March\u00e9 de la Seconde Main revient pour sa 4\u1d49 \u00e9dition au c\u0153ur de Nantes, au Passage de la Ch\u00e2telaine. En parall\u00e8le du Green Friday, cet \u00e9v\u00e9nement \u00e9co-responsable met \u00e0 l\u2019honneur la qualit\u00e9 et la diversit\u00e9 de la seconde main, tout en lan\u00e7ant les festivit\u00e9s de No\u00ebl. Fripes styl\u00e9es, objets upcycl\u00e9s, vinyles r\u00e9tro, vaisselle vintage, livres ou cr\u00e9ations artisanales\u00a0: une quinzaine d\u2019exposant\u00b7es vous attendent pour chiner de vraies p\u00e9pites. Entre deux trouvailles, r\u00e9galez-vous avec des gaufres croustillantes et des boissons chaudes, et d\u00e9couvrez des stands engag\u00e9s autour du z\u00e9ro d\u00e9chet et du Furoshiki. Une parenth\u00e8se \u00e9thique, festive et\u00a0pleine\u00a0de bonnes ondes\u00a0!<\/p>\n<p>&#13;<br \/>\n&#13;<\/p>\n<p><b><b><b>11 rue Scribe &#8211; Nantes<br \/>Du vendredi 28 au dimanche 30 novembre\u00a0de 10h \u00e0 19h (dimanche de 11h \u00e0 17h)<br \/><a href=\"https:\/\/www.facebook.com\/events\/1532459808070261\/?acontext=%7B%22ref%22%3A%2252%22%2C%22action_history%22%3A%22[%7B%5C%22surface%5C%22%3A%5C%22share_link%5C%22%2C%5C%22mechanism%5C%22%3A%5C%22share_link%5C%22%2C%5C%22extra_data%5C%22%3A%7B%5C%22invite_link_id%5C%22%3A683558644400550%7D%7D]%22%7D\" target=\"_blank\" data-saferedirecturl=\"https:\/\/www.google.com\/url?q=https:\/\/www.facebook.com\/events\/1532459808070261\/?acontext%3D%257B%2522ref%2522%253A%252252%2522%252C%2522action_history%2522%253A%2522%5B%257B%255C%2522surface%255C%2522%253A%255C%2522share_link%255C%2522%252C%255C%2522mechanism%255C%2522%253A%255C%2522share_link%255C%2522%252C%255C%2522extra_data%255C%2522%253A%257B%255C%2522invite_link_id%255C%2522%253A683558644400550%257D%257D%5D%2522%257D&amp;source=gmail&amp;ust=1764256124251000&amp;usg=AOvVaw1GKA4szKHR79VHMZI99lxC\" rel=\"noopener\">Plus d&rsquo;infos<\/a><\/b><br \/><\/b><\/b><\/p>\n<p>&#13;<br \/>\nOn part d\u00e9couvrir ce merveilleux village de No\u00ebl\u00a0&#13;<\/p>\n<p>Du vendredi 28 novembre 2025 au dimanche 4 janvier 2026,\u00a0Rochefort-en-Terre (\u00e0 1h30 de Nantes), \u00e9lu Merveilleux Village de No\u00ebl, s\u2019illuminera\u00a0tous les soirs d\u00e8s 17h30.\u00a0Guirlandes suspendues, stalactites lumineuses, rideaux \u00e9tincelants et sapins brillants redessinent les contours du village et mettent en valeur son patrimoine exceptionnel. \u00c0 la tomb\u00e9e de la nuit, le d\u00e9cor historique s\u2019habille de mille feux, transformant la moindre venelle en un instant photographique.<\/p>\n<p>&#13;<\/p>\n<blockquote class=\"instagram-media\" data-instgrm-permalink=\"https:\/\/www.instagram.com\/reel\/DQpLcVhiHkf\/?utm_source=ig_embed&amp;utm_campaign=loading\" data-instgrm-version=\"14\" style=\"background: #FFF; border: 0; border-radius: 3px; box-shadow: 0 0 1px 0 rgba(0,0,0,0.5),0 1px 10px 0 rgba(0,0,0,0.15); margin: 1px; max-width: 540px; min-width: 326px; padding: 0; width: calc(100% - 2px);\"><p>&#13;<br \/>\n&#13;\n<\/p><\/blockquote>\n<p>&#13;<br \/>\n&#13;<br \/>\nOn explore ce ch\u00e2teau lors d\u2019une soir\u00e9e magique \u00e0 la lueur des bougies&#13;<\/p>\n<p>\u00c0 une vingtaine de minutes de Nantes, un lieu habituellement discret se pr\u00e9pare \u00e0 vivre ses plus belles nuits de l\u2019ann\u00e9e. Le domaine de la Pervench\u00e8re, \u00e0 Casson, ouvrira ses portes pour accueillir des visites nocturnes \u00e0 la seule lumi\u00e8re des bougies. Une exp\u00e9rience rare, authentique, presque hors du temps\u00a0!<\/p>\n<p>Les vendredis 21 et 28 novembre, ainsi que les samedis 22 et 29 novembre 2025, entre 19h et 21h, le domaine se transformera en\u00a0un parcours lumineux intimiste, o\u00f9 chaque salle et recoin sera \u00e9clair\u00e9 par des bougies soigneusement dispos\u00e9es.\u00a0Plut\u00f4t que de mettre en avant une sc\u00e9nographie artificielle ou des installations modernes, le ch\u00e2teau a mis\u00e9 sur une ambiance fid\u00e8le \u00e0 son histoire\u00a0: ombres mouvantes, silence ponctu\u00e9 de craquements du bois, parfums de cire chaude\u2026 et la magie op\u00e8re imm\u00e9diatement. Vous pourrez ainsi d\u00e9couvrir le domaine comme on ne le voit jamais. Des salons de r\u00e9ception aux appartements priv\u00e9s, jusqu\u2019au grenier de la plus haute tour, l\u2019int\u00e9gralit\u00e9 du parcours a \u00e9t\u00e9 pens\u00e9 pour laisser l\u2019architecture parler d\u2019elle-m\u00eame. Pas de projecteurs, pas d\u2019\u00e9crans, seulement la pierre, le bois, les objets anciens et la lumi\u00e8re douce des flammes.<\/p>\n<p>&#13;<\/p>\n<p><b><b><img loading=\"lazy\" decoding=\"async\" src=\"https:\/\/www.europesays.com\/fr\/wp-content\/uploads\/2025\/11\/chateau.jpg\" width=\"480\" height=\"640\" alt=\"\"\/><\/b><\/b><\/p>\n<p>Domaine de la Pervench\u00e8re &#8211; Casson<br \/>Les vendredis 21 et 28 novembre et les samedis 22 et 29 novembre 2025<br \/>Entre 19h et 21h<\/p>\n<p>&#13;<br \/>\n&#13;<br \/>\n<script async src=\"\/\/www.instagram.com\/embed.js\"><\/script><\/p>\n","protected":false},"excerpt":{"rendered":"On fait le\u00a0plein\u00a0de p\u00e9pites au March\u00e9 de la Seconde Main du\u00a0Passage de la Ch\u00e2telaine&#13; &#13; Du 28 au&hellip;\n","protected":false},"author":2,"featured_media":564021,"comment_status":"","ping_status":"","sticky":false,"template":"","format":"standard","meta":{"footnotes":""},"categories":[2818],"tags":[1111,11,1777,674,1011,27,766,12,2636,25],"class_list":{"0":"post-564020","1":"post","2":"type-post","3":"status-publish","4":"format-standard","5":"has-post-thumbnail","7":"category-nantes","8":"tag-actu","9":"tag-actualites","10":"tag-eu","11":"tag-europe","12":"tag-fr","13":"tag-france","14":"tag-nantes","15":"tag-news","16":"tag-pays-de-la-loire","17":"tag-republique-francaise"},"share_on_mastodon":{"url":"https:\/\/pubeurope.com\/@fr\/115626235258014037","error":""},"_links":{"self":[{"href":"https:\/\/www.europesays.com\/fr\/wp-json\/wp\/v2\/posts\/564020","targetHints":{"allow":["GET"]}}],"collection":[{"href":"https:\/\/www.europesays.com\/fr\/wp-json\/wp\/v2\/posts"}],"about":[{"href":"https:\/\/www.europesays.com\/fr\/wp-json\/wp\/v2\/types\/post"}],"author":[{"embeddable":true,"href":"https:\/\/www.europesays.com\/fr\/wp-json\/wp\/v2\/users\/2"}],"replies":[{"embeddable":true,"href":"https:\/\/www.europesays.com\/fr\/wp-json\/wp\/v2\/comments?post=564020"}],"version-history":[{"count":0,"href":"https:\/\/www.europesays.com\/fr\/wp-json\/wp\/v2\/posts\/564020\/revisions"}],"wp:featuredmedia":[{"embeddable":true,"href":"https:\/\/www.europesays.com\/fr\/wp-json\/wp\/v2\/media\/564021"}],"wp:attachment":[{"href":"https:\/\/www.europesays.com\/fr\/wp-json\/wp\/v2\/media?parent=564020"}],"wp:term":[{"taxonomy":"category","embeddable":true,"href":"https:\/\/www.europesays.com\/fr\/wp-json\/wp\/v2\/categories?post=564020"},{"taxonomy":"post_tag","embeddable":true,"href":"https:\/\/www.europesays.com\/fr\/wp-json\/wp\/v2\/tags?post=564020"}],"curies":[{"name":"wp","href":"https:\/\/api.w.org\/{rel}","templated":true}]}}