{"id":564024,"date":"2025-11-28T07:52:13","date_gmt":"2025-11-28T07:52:13","guid":{"rendered":"https:\/\/www.europesays.com\/fr\/564024\/"},"modified":"2025-11-28T07:52:13","modified_gmt":"2025-11-28T07:52:13","slug":"un-calendrier-solidaire-pour-des-vignerons-en-pleine-tempete","status":"publish","type":"post","link":"https:\/\/www.europesays.com\/fr\/564024\/","title":{"rendered":"un calendrier solidaire pour des vignerons en pleine temp\u00eate"},"content":{"rendered":"<p>Derri\u00e8re cet ouvrage lanc\u00e9 ce mois-ci (1) et pour l\u2019instant \u00e9dit\u00e9 \u00e0 150 exemplaires, se pose Pauline Versace, \u00e0 la t\u00eate de l\u2019agence de voyages \u0153notouristiques\u00a0La Vie bonne, qui a voulu venir en aide \u00e0 ces femmes et hommes qu\u2019elle c\u00f4toie au quotidien. \u00ab\u00a0Le calendrier permet simplement une mise en lumi\u00e8re positive d\u2019une profession qui traverse la temp\u00eate\u00a0\u00bb, disent l\u2019artiste et la professionnelle du voyage.<\/p>\n<p>Partage de comp\u00e9tences<\/p>\n<p>Ses b\u00e9n\u00e9fices n\u2019alimenteront pas une simple cagnotte et doivent servir \u00e0 la cr\u00e9ation d\u2019un collectif d\u2019entraide entre les vignerons partenaires et ceux \u00e0 venir. J\u00e9r\u00e9my Brun (domaine du Carrelet, Fronsadais) y voit l\u2019occasion d\u2019\u00e9changer sur la sant\u00e9 mentale, la reconversion ou la diversification, lui qui ouvre son exploitation aux ch\u00eanes truffiers\u00a0: \u00ab\u00a0L\u2019id\u00e9e, c\u2019est de se revoir et de partager les comp\u00e9tences des uns et des autres.\u00a0\u00bb<\/p>\n<p>        <img decoding=\"async\" id=\"26852784\" src=\"https:\/\/www.europesays.com\/fr\/wp-content\/uploads\/2025\/11\/dsc07706-1.jpg\" alt=\"Le calendrier Entre les rangs est disponible dans les offices de tourisme et les ch\u00e2teaux partenaires.\" itemprop=\"contentURL\"\/><\/p>\n<p>    Le calendrier Entre les rangs est disponible dans les offices de tourisme et les ch\u00e2teaux partenaires.<\/p>\n<p>Chuyue Ji<\/p>\n<p>Valentine Picant (Ch\u00e2teau Hostens-Picant, Pays foyen) se questionne sur cet arrachage qui \u00ab\u00a0m\u00e9tamorphose nos paysages viticoles\u00a0\u00bb\u00a0: \u00ab\u00a0Que faire de ces terres qui ont \u00e9t\u00e9 arrach\u00e9es\u00a0? Cela n\u00e9cessite qu\u2019on en parle\u00a0\u00bb, explique la vigneronne, dont l\u2019exploitation a \u00e9cart\u00e9 cinq hectares de vignes sans prime et qui appelle \u00e9galement \u00e0 \u00e9changer sur la question de la diversification. \u00ab\u00a0Diversifier pour quoi\u00a0? Et pour quelle fili\u00e8re derri\u00e8re\u00a0?\u00a0\u00bb, s\u2019interroge-t-elle. Le calendrier pourrait permettre de financer des rencontres. L\u2019id\u00e9e de Pauline Versace et Chuyue Ji est de cr\u00e9er un objet artistique chaque ann\u00e9e pour consolider le collectif.<\/p>\n","protected":false},"excerpt":{"rendered":"Derri\u00e8re cet ouvrage lanc\u00e9 ce mois-ci (1) et pour l\u2019instant \u00e9dit\u00e9 \u00e0 150 exemplaires, se pose Pauline Versace,&hellip;\n","protected":false},"author":2,"featured_media":564025,"comment_status":"","ping_status":"","sticky":false,"template":"","format":"standard","meta":{"footnotes":""},"categories":[2817],"tags":[1111,11,1997,1777,674,1011,27,12,2219,25],"class_list":{"0":"post-564024","1":"post","2":"type-post","3":"status-publish","4":"format-standard","5":"has-post-thumbnail","7":"category-bordeaux","8":"tag-actu","9":"tag-actualites","10":"tag-bordeaux","11":"tag-eu","12":"tag-europe","13":"tag-fr","14":"tag-france","15":"tag-news","16":"tag-nouvelle-aquitaine","17":"tag-republique-francaise"},"share_on_mastodon":{"url":"https:\/\/pubeurope.com\/@fr\/115626242559938207","error":""},"_links":{"self":[{"href":"https:\/\/www.europesays.com\/fr\/wp-json\/wp\/v2\/posts\/564024","targetHints":{"allow":["GET"]}}],"collection":[{"href":"https:\/\/www.europesays.com\/fr\/wp-json\/wp\/v2\/posts"}],"about":[{"href":"https:\/\/www.europesays.com\/fr\/wp-json\/wp\/v2\/types\/post"}],"author":[{"embeddable":true,"href":"https:\/\/www.europesays.com\/fr\/wp-json\/wp\/v2\/users\/2"}],"replies":[{"embeddable":true,"href":"https:\/\/www.europesays.com\/fr\/wp-json\/wp\/v2\/comments?post=564024"}],"version-history":[{"count":0,"href":"https:\/\/www.europesays.com\/fr\/wp-json\/wp\/v2\/posts\/564024\/revisions"}],"wp:featuredmedia":[{"embeddable":true,"href":"https:\/\/www.europesays.com\/fr\/wp-json\/wp\/v2\/media\/564025"}],"wp:attachment":[{"href":"https:\/\/www.europesays.com\/fr\/wp-json\/wp\/v2\/media?parent=564024"}],"wp:term":[{"taxonomy":"category","embeddable":true,"href":"https:\/\/www.europesays.com\/fr\/wp-json\/wp\/v2\/categories?post=564024"},{"taxonomy":"post_tag","embeddable":true,"href":"https:\/\/www.europesays.com\/fr\/wp-json\/wp\/v2\/tags?post=564024"}],"curies":[{"name":"wp","href":"https:\/\/api.w.org\/{rel}","templated":true}]}}