{"id":564030,"date":"2025-11-28T07:55:31","date_gmt":"2025-11-28T07:55:31","guid":{"rendered":"https:\/\/www.europesays.com\/fr\/564030\/"},"modified":"2025-11-28T07:55:31","modified_gmt":"2025-11-28T07:55:31","slug":"durable-associatifs-en-coeur-de-ville-les-marches-de-noel-du-week-end-dans-le-nord","status":"publish","type":"post","link":"https:\/\/www.europesays.com\/fr\/564030\/","title":{"rendered":"Durable, associatifs, en c\u0153ur de ville&#8230; Les march\u00e9s de No\u00ebl du week-end, dans le Nord"},"content":{"rendered":"<p>                    Par<br \/>\n        <strong><br \/>\n            <a href=\"https:\/\/actu.fr\/auteur\/amandine-vachez\" title=\"Consulter tous les articles de Amandine Vachez\" target=\"_blank\" rel=\"noopener\">Amandine Vachez<\/a><br \/>\n                    <\/strong><\/p>\n<p>        Publi\u00e9 le<\/p>\n<p>            27 nov. 2025 \u00e0 11h34        <\/p>\n<p>L\u2019ambiance des f\u00eates arrive doucement pr\u00e8s de chez nous. Et logiquement, le programme des <b>march\u00e9s de No\u00ebl <\/b>s\u2019allonge. Une vingtaine sont pr\u00e9vus dans le <a href=\"https:\/\/actu.fr\/hauts-de-france\/nord_59\" target=\"_blank\" rel=\"noopener\">Nord<\/a> <b>ce week-end<\/b>. Le programme avec les infos pratiques, pour les <b>vendredi 27, samedi 28 et dimanche 29 novembre 2025<\/b>, dans le Nord. Pour compl\u00e9ter, retrouvez ici la liste des <a href=\"https:\/\/actu.fr\/loisirs-culture\/arras-calais-oignies-les-marches-de-noel-du-week-end-dans-le-pas-de-calais_63496069.html\" target=\"_blank\" rel=\"noopener\">march\u00e9s organis\u00e9s dans le Pas-de-Calais<\/a>.<\/p>\n<p>Vendredi 27 novembre<\/p>\n<ul class=\" wall-content\">\n<li><b>Bray-Dunes<\/b> : march\u00e9 de No\u00ebl, avec d\u00e9ambulations, jeux, patinoire\u2026 De 18h \u00e0 21h, salle Dany\u00a0 Boon, Rue Pierre Decock. Entr\u00e9e gratuite.<\/li>\n<li><b>Les Rues-des-Vignes<\/b> : <a href=\"https:\/\/actu.fr\/hauts-de-france\/les-rues-des-vignes_59517\/un-marche-de-noel-atypique-dans-un-magnifique-lieu-historique-du-nord-plus-de-50-exposants-sur-place_63479151.html\" target=\"_blank\" rel=\"noopener\">No\u00ebl \u00e0 l\u2019abbaye de Vaucelles<\/a>, \u00ab\u00a0for\u00eat enchant\u00e9e\u00a0\u00bb avec 55 exposants, ateliers, P\u00e8re No\u00ebl, maquillage\u2026 De 10h \u00e0 19h. 5 euros par personne.<\/li>\n<li><b>Lille<\/b> : <a href=\"https:\/\/actu.fr\/hauts-de-france\/lille_59350\/le-marche-de-noel-de-lille-2025-ouvre-ce-mercredi-voici-ce-que-vous-trouverez-dans-les-90-chalets_63455582.html\" target=\"_blank\" rel=\"noopener\">village de No\u00ebl<\/a> avec 90 chalets, place Rihour, de 11h \u00e0 22h. Entr\u00e9e gratuite.<\/li>\n<li><b>Loon-Plage<\/b> : march\u00e9 de No\u00ebl solidaire au profit du T\u00e9l\u00e9thon, avec exposants, P\u00e8re No\u00ebl, collecte de jouets, petite restauration et autres animations. Ouvert de 16h30 \u00e0 20h, maison de l\u2019enfance et de la famille, place Simone Vampouille. Entr\u00e9e gratuite.<\/li>\n<li><b>Roubaix<\/b> : <a href=\"https:\/\/actu.fr\/hauts-de-france\/roubaix_59512\/un-des-plus-beaux-marches-de-noel-de-la-metropole-de-lille-debute-ce-vendredi_63489353.html\" target=\"_blank\" rel=\"noopener\">march\u00e9 de No\u00ebl durable<\/a>, face au mus\u00e9e de La Piscine, ouvert de 12h \u00e0 20h. Entr\u00e9e gratuite.<\/li>\n<li><b>Salom\u00e9<\/b> : march\u00e9 de No\u00ebl avec une 40aine d\u2019exposants et des animations (P\u00e8re No\u00ebl, ateliers cr\u00e9atifs, mascottes, coloriages, petite restauration\u2026). Ouvert de 16h \u00e0 20h au complexe R. Nowacki, avenue Louis Romon. Entr\u00e9e gratuite.<\/li>\n<li><b>T\u00e9teghem-Coudekerque-Village<\/b> : march\u00e9 de No\u00ebl des Reutelaeres, avec 30 exposants, stand photo avec le P\u00e8re No\u00ebl, repas sur r\u00e9servations et autres animations. Ouvert de 16h \u00e0 21h, salle Itsweire, 90 route du Chapeau Rouge. Entr\u00e9e gratuite.<\/li>\n<\/ul>\n<p>Samedi 29 novembre\u00a0<\/p>\n<ul class=\" wall-content\">\n<li><b>Bray-Dunes<\/b> : march\u00e9 de No\u00ebl, avec d\u00e9ambulations, jeux, patinoire\u2026 De 11h \u00e0 21h, salle Dany Boon, rue Pierre Decock. Entr\u00e9e gratuite.<\/li>\n<li><b>Camphin-en-P\u00e9v\u00e8le<\/b> : march\u00e9 de No\u00ebl, avec une 40aine d\u2019exposants, des animations pour les enfants et une petite restauration. Ouvert de 13h \u00e0 21h. Gratuit.<\/li>\n<li><b>Dunkerque<\/b> : march\u00e9 de No\u00ebl, avec artisanat, produits du monde et alimentation, place Jean Bart, de 12h \u00e0 21h. Dans le cadre de \u00ab\u00a0Dunkerque la f\u00e9\u00e9rique\u00a0\u00bb avec de nombreuses animations dans toute la ville. Programme <a href=\"https:\/\/www.ville-dunkerque.fr\/decouvrir-sortir-bouger\/dunkerque-la-feerique\" target=\"_blank\" rel=\"noopener\">par ici<\/a>.<\/li>\n<li><b>Gondecourt<\/b> : march\u00e9 de No\u00ebl du club des Lucioles (VTT), avec plus de 50 exposants (artisanat local et petite restauration), de 13h \u00e0 19h salle des f\u00eates, rue Poissonnier. Entr\u00e9e gratuite.<\/li>\n<li><b>Grande-Synthe<\/b> : march\u00e9 de No\u00ebl de Leroy-Merlin, avec des cr\u00e9ateurs, associations et gourmandises. De 10h \u00e0 18h dans le magasin situ\u00e9 avenue de l\u2019Ancien Village. Entr\u00e9e gratuite.<\/li>\n<li><b>Haulchin<\/b> : march\u00e9 de No\u00ebl, avec des jeux, jouets, produits d\u2019artisans, arts de la table\u2026 Ouvert le samedi de 14h \u00e0 19h au complexe sportif\u00a0Pablo Neruda, 44, rue Paul Vaillant-Couturier. Entr\u00e9e gratuite.\u00a0<\/li>\n<li><b>Killem<\/b> : march\u00e9 de No\u00ebl gourmand et cr\u00e9atif, avec stands, animations et petite restauration. Ouvert de 14h \u00e0 20h, salle Marcel Shipman au 57, rue Saint-Michel. Entr\u00e9e gratuite.\u00a0<\/li>\n<li><b>Les Rues-des-Vignes<\/b> : <a href=\"https:\/\/actu.fr\/hauts-de-france\/les-rues-des-vignes_59517\/un-marche-de-noel-atypique-dans-un-magnifique-lieu-historique-du-nord-plus-de-50-exposants-sur-place_63479151.html\" target=\"_blank\" rel=\"noopener\">No\u00ebl \u00e0 l\u2019abbaye de Vaucelles<\/a>, \u00ab\u00a0for\u00eat enchant\u00e9e\u00a0\u00bb avec 55 exposants, ateliers, P\u00e8re No\u00ebl, maquillage\u2026 De 10h \u00e0 19h. 5 euros par personne.\u00a0<\/li>\n<li><b>Lille<\/b> : <a href=\"https:\/\/actu.fr\/hauts-de-france\/lille_59350\/le-marche-de-noel-de-lille-2025-ouvre-ce-mercredi-voici-ce-que-vous-trouverez-dans-les-90-chalets_63455582.html\" target=\"_blank\" rel=\"noopener\">village de No\u00ebl<\/a> avec 90 chalets, place Rihour, de 11h \u00e0 22h. Entr\u00e9e gratuite.<\/li>\n<li><b>Loon-Plage<\/b> : march\u00e9 de No\u00ebl solidaire au profit du T\u00e9l\u00e9thon, avec exposants, P\u00e8re No\u00ebl, collecte de jouets, petite restauration et autres animations. Ouvert de 14h \u00e0 19h, maison de l\u2019enfance et de la famille, place Simone Vampouille. Entr\u00e9e gratuite.<\/li>\n<li><b>Marchiennes<\/b> : march\u00e9 de No\u00ebl de Danse for Life, avec plus de 30 exposants, la venue du P\u00e8re No\u00ebl et d\u2019autres animations pour les enfants. De 14h \u00e0 20h30, parking de La Dondaine. Entr\u00e9e gratuite.<\/li>\n<li><b>Phalempin<\/b> : march\u00e9 de No\u00ebl, avec plus de 60 cr\u00e9ateurs et artisans de bouche, diverses animations, carrousel, P\u00e8re No\u00ebl et petite restauration. Ouvert de 11h \u00e0 20h, place de l\u2019H\u00f4tel de ville. Entr\u00e9e gratuite.\u00a0<\/li>\n<li><b>Roubaix<\/b> : <a href=\"https:\/\/actu.fr\/hauts-de-france\/roubaix_59512\/un-des-plus-beaux-marches-de-noel-de-la-metropole-de-lille-debute-ce-vendredi_63489353.html\" target=\"_blank\" rel=\"noopener\">march\u00e9 de No\u00ebl durable<\/a>, face au mus\u00e9e de La Piscine, ouvert de 12h \u00e0 19h. Entr\u00e9e gratuite.\u00a0<\/li>\n<li><b>Salom\u00e9<\/b> : march\u00e9 de No\u00ebl avec une 40aine d\u2019exposants et des animations (P\u00e8re No\u00ebl, ateliers cr\u00e9atifs, mascottes, coloriages, petite restauration\u2026). Ouvert de 10h \u00e0 20h au complexe R. Nowacki, avenue Louis Romon. Entr\u00e9e gratuite.\u00a0<\/li>\n<li><b>T\u00e9teghem-Coudekerque-Village<\/b> : march\u00e9 de No\u00ebl des Reutelaeres, avec 30 exposants, stand photo avec le P\u00e8re No\u00ebl, repas sur r\u00e9servations et autres animations. Ouvert de 16h \u00e0 21h, salle Itsweire, 90 route du Chapeau Rouge. Entr\u00e9e gratuite.\u00a0<\/li>\n<li><b>Tourcoing<\/b> : march\u00e9 de No\u00ebl associatif \u00ab\u00a0bourse des lutins\u00a0\u00bb, avec des stands, petite restauration, visite du P\u00e8re No\u00ebl et animation musicale, de 10h \u00e0 18h \u00e0 l\u2019H\u00f4tel de ville. Entr\u00e9e gratuite.<\/li>\n<li><b>Wavrin<\/b> : march\u00e9 de No\u00ebl des Serres d\u2019Antoine avec plus de 30 exposants (commer\u00e7ants et artisans). Un grand choix de sapins et jacinthes est annonc\u00e9, ainsi qu\u2019une offre de petite restauration et une visite du P\u00e8re No\u00ebl ! Rendez-vous de 9h \u00e0 18h au 115, avenue Jean-Baptiste Lebas. Entr\u00e9e gratuite.\u00a0<\/li>\n<\/ul>\n<p>Dimanche 30 novembre\u00a0<\/p>\n<ul class=\" wall-content\">\n<li><b>Bondues<\/b> : march\u00e9 de No\u00ebl, avec d\u00e9ambulations, jeux, patinoire\u2026 De 11h \u00e0 18h, salle Dany Boon, rue Pierre Decock. Entr\u00e9e gratuite.<\/li>\n<li><b>Bousbecque<\/b> : march\u00e9 de No\u00ebl au b\u00e9n\u00e9fice de l\u2019association Osier de la ville, avec une 30aine d\u2019exposants, petite restauration et un passage du P\u00e8re No\u00ebl. Ouvert de 9h30 \u00e0 18h \u00e0 la salle des f\u00eates, complexe L\u00e9on Dalle, rue de Linselles. Entr\u00e9e gratuite.\u00a0<\/li>\n<li><b>Bray-Dunes<\/b> : march\u00e9 de No\u00ebl, avec d\u00e9ambulations, jeux, patinoire\u2026 De 11h \u00e0 18h, salle Dany Boon, rue Pierre Decock. Entr\u00e9e gratuite.\u00a0<\/li>\n<li><b>Dunkerque<\/b> : march\u00e9 de No\u00ebl, avec artisanat, produits du monde et alimentation, place Jean Bart, de 12h \u00e0 21h. Dans le cadre de \u00ab\u00a0Dunkerque la f\u00e9\u00e9rique\u00a0\u00bb avec de nombreuses animations dans toute la ville. Programme <a href=\"https:\/\/www.ville-dunkerque.fr\/decouvrir-sortir-bouger\/dunkerque-la-feerique\" target=\"_blank\" rel=\"noopener\">par ici<\/a>.\u00a0<\/li>\n<li><b>Gondecourt<\/b> : march\u00e9 de No\u00ebl du club des Lucioles (VTT), avec plus de 50 exposants (artisanat local et petite restauration), de 13h \u00e0 19h salle des f\u00eates, rue Poissonnier. Entr\u00e9e gratuite.\u00a0<\/li>\n<li><b>Haulchin<\/b> : march\u00e9 de No\u00ebl, avec des jeux, jouets, produits d\u2019artisans, arts de la table\u2026 Ouvert le samedi de 10h \u00e0 18h30 au complexe sportif Pablo Neruda, 44, rue Paul Vaillant-Couturier. Entr\u00e9e gratuite.\u00a0<\/li>\n<li><b>Killem<\/b> : march\u00e9 de No\u00ebl gourmand et cr\u00e9atif, avec stands, animations et petite restauration. Ouvert de 10h \u00e0 18h, salle Marcel Shipman au 57, rue Saint-Michel. Entr\u00e9e gratuite.\u00a0<\/li>\n<li><b>Les Rues-des-Vignes<\/b> : <a href=\"https:\/\/actu.fr\/hauts-de-france\/les-rues-des-vignes_59517\/un-marche-de-noel-atypique-dans-un-magnifique-lieu-historique-du-nord-plus-de-50-exposants-sur-place_63479151.html\" target=\"_blank\" rel=\"noopener\">No\u00ebl \u00e0 l\u2019abbaye de Vaucelles<\/a>, \u00ab\u00a0for\u00eat enchant\u00e9e\u00a0\u00bb avec 55 exposants, ateliers, P\u00e8re No\u00ebl, maquillage\u2026 De 10h \u00e0 19h. 5 euros par personne.\u00a0<\/li>\n<li><b>Lille<\/b> : <a href=\"https:\/\/actu.fr\/hauts-de-france\/lille_59350\/le-marche-de-noel-de-lille-2025-ouvre-ce-mercredi-voici-ce-que-vous-trouverez-dans-les-90-chalets_63455582.html\" target=\"_blank\" rel=\"noopener\">village de No\u00ebl<\/a> avec 90 chalets, place Rihour, de 11h \u00e0 22h. Entr\u00e9e gratuite.<\/li>\n<li><b>Marchiennes<\/b> : march\u00e9 de No\u00ebl de Danse for Life, avec plus de 30 exposants, la venue du P\u00e8re No\u00ebl et d\u2019autres animations pour les enfants. De 10h \u00e0 19h, parking de La Dondaine. Entr\u00e9e gratuite.\u00a0<\/li>\n<li><b>Mouchin<\/b> : march\u00e9 de No\u00ebl, avec des artisans, cr\u00e9ateurs et commer\u00e7ants locaux, de 10h \u00e0 18h au foyer rural, \u00a087, rue de Saint-Amand. Entr\u00e9e gratuite.<\/li>\n<li><b>Phalempin<\/b> : march\u00e9 de No\u00ebl, avec plus de 60 cr\u00e9ateurs et artisans de bouche, diverses animations, carrousel, P\u00e8re No\u00ebl et petite restauration. Ouvert de 10h \u00e0 18h, place de l\u2019H\u00f4tel de ville. Entr\u00e9e gratuite.\u00a0\u00a0<\/li>\n<li><b>Roubaix<\/b> : <a href=\"https:\/\/actu.fr\/hauts-de-france\/roubaix_59512\/un-des-plus-beaux-marches-de-noel-de-la-metropole-de-lille-debute-ce-vendredi_63489353.html\" target=\"_blank\" rel=\"noopener\">march\u00e9 de No\u00ebl durable<\/a>, face au mus\u00e9e de La Piscine, ouvert de 12h \u00e0 19h. Entr\u00e9e gratuite.\u00a0\u00a0<\/li>\n<li><b>Salom\u00e9<\/b> : march\u00e9 de No\u00ebl avec une 40aine d\u2019exposants et des animations (P\u00e8re No\u00ebl, ateliers cr\u00e9atifs, mascottes, coloriages, petite restauration\u2026). Ouvert de 10h \u00e0 18h au complexe R. Nowacki, avenue Louis Romon. Entr\u00e9e gratuite.\u00a0<\/li>\n<li><b>Somain : <\/b>march\u00e9 du terroir et de cr\u00e9ateurs, avec visite du P\u00e8re No\u00ebl, petite restauration et animations familiales, de 9h \u00e0 17h, Au Coeur Fermier au 32, rue du Masy. Entr\u00e9e gratuite.\u00a0<\/li>\n<li><b>T\u00e9teghem-Coudekerque-Village<\/b> : march\u00e9 de No\u00ebl des Reutelaeres, avec 30 exposants, stand photo avec le P\u00e8re No\u00ebl, repas sur r\u00e9servations et autres animations. Ouvert de 16h \u00e0 21h, salle Itsweire, 90 route du Chapeau Rouge. Entr\u00e9e gratuite.\u00a0<\/li>\n<li><b>Tourcoing<\/b> : march\u00e9 de No\u00ebl associatif \u00ab\u00a0bourse des lutins\u00a0\u00bb, avec des stands, petite restauration, visite du P\u00e8re No\u00ebl et animation musicale, de 10h \u00e0 18h \u00e0 l\u2019H\u00f4tel de ville. Entr\u00e9e gratuite.\u00a0<\/li>\n<li><b>Wavrin<\/b> : march\u00e9 de No\u00ebl des Serres d\u2019Antoine avec plus de 30 exposants (commer\u00e7ants et artisans). Un grand choix de sapins et jacinthes est annonc\u00e9, ainsi qu\u2019une offre de petite restauration et une visite du P\u00e8re No\u00ebl ! Rendez-vous de 9h \u00e0 18h au 115, avenue Jean-Baptiste Lebas. Entr\u00e9e gratuite.<\/li>\n<\/ul>\n<p class=\" wall-content\">Personnalisez votre actualit\u00e9 en ajoutant vos villes et m\u00e9dias en favori avec <a href=\"https:\/\/moncompte.actu.fr\" title=\"D\u00e9couvez Mon Actu\" rel=\"nofollow noopener\" data-trk=\"{&quot;cta&quot;:{&quot;action&quot;:&quot;https:\\\/\\\/moncompte.actu.fr&quot;,&quot;category&quot;:&quot;mon compte&quot;,&quot;from&quot;:&quot;article footer&quot;,&quot;name&quot;:&quot;Mon actu&quot;,&quot;type&quot;:&quot;cta&quot;}}\" target=\"_blank\">Mon Actu<\/a>.<\/p>\n","protected":false},"excerpt":{"rendered":"Par Amandine Vachez Publi\u00e9 le 27 nov. 2025 \u00e0 11h34 L\u2019ambiance des f\u00eates arrive doucement pr\u00e8s de chez&hellip;\n","protected":false},"author":2,"featured_media":564031,"comment_status":"","ping_status":"","sticky":false,"template":"","format":"standard","meta":{"footnotes":""},"categories":[2815],"tags":[1111,11,1777,674,652,1011,27,811,1307,1652,2089,12,15830,25],"class_list":{"0":"post-564030","1":"post","2":"type-post","3":"status-publish","4":"format-standard","5":"has-post-thumbnail","7":"category-lille","8":"tag-actu","9":"tag-actualites","10":"tag-eu","11":"tag-europe","12":"tag-famille","13":"tag-fr","14":"tag-france","15":"tag-hauts-de-france","16":"tag-lille","17":"tag-loisirs-culture","18":"tag-marche","19":"tag-news","20":"tag-noel","21":"tag-republique-francaise"},"share_on_mastodon":{"url":"https:\/\/pubeurope.com\/@fr\/115626254474565119","error":""},"_links":{"self":[{"href":"https:\/\/www.europesays.com\/fr\/wp-json\/wp\/v2\/posts\/564030","targetHints":{"allow":["GET"]}}],"collection":[{"href":"https:\/\/www.europesays.com\/fr\/wp-json\/wp\/v2\/posts"}],"about":[{"href":"https:\/\/www.europesays.com\/fr\/wp-json\/wp\/v2\/types\/post"}],"author":[{"embeddable":true,"href":"https:\/\/www.europesays.com\/fr\/wp-json\/wp\/v2\/users\/2"}],"replies":[{"embeddable":true,"href":"https:\/\/www.europesays.com\/fr\/wp-json\/wp\/v2\/comments?post=564030"}],"version-history":[{"count":0,"href":"https:\/\/www.europesays.com\/fr\/wp-json\/wp\/v2\/posts\/564030\/revisions"}],"wp:featuredmedia":[{"embeddable":true,"href":"https:\/\/www.europesays.com\/fr\/wp-json\/wp\/v2\/media\/564031"}],"wp:attachment":[{"href":"https:\/\/www.europesays.com\/fr\/wp-json\/wp\/v2\/media?parent=564030"}],"wp:term":[{"taxonomy":"category","embeddable":true,"href":"https:\/\/www.europesays.com\/fr\/wp-json\/wp\/v2\/categories?post=564030"},{"taxonomy":"post_tag","embeddable":true,"href":"https:\/\/www.europesays.com\/fr\/wp-json\/wp\/v2\/tags?post=564030"}],"curies":[{"name":"wp","href":"https:\/\/api.w.org\/{rel}","templated":true}]}}