{"id":564040,"date":"2025-11-28T08:00:24","date_gmt":"2025-11-28T08:00:24","guid":{"rendered":"https:\/\/www.europesays.com\/fr\/564040\/"},"modified":"2025-11-28T08:00:24","modified_gmt":"2025-11-28T08:00:24","slug":"toute-lactualite-de-ce-vendredi-28-novembre-2025-a-lyon","status":"publish","type":"post","link":"https:\/\/www.europesays.com\/fr\/564040\/","title":{"rendered":"Toute l&rsquo;actualit\u00e9 de ce vendredi 28 novembre 2025 \u00e0 Lyon"},"content":{"rendered":"<p>A la une de l\u2019info \u00e0 Lyon : Un arbre en l\u2019honneur d\u2019Ilan Halimi plant\u00e9 dans le square Jussieu , un train entre Lyon et Bordeaux, la F\u00eate des Lumi\u00e8res et les Lumignons du coeur\u2026<\/p>\n<p>ECOUTEZ LE 1\/4H LYONNAIS\u2026 Toute l\u2019actualit\u00e9 de ce vendredi 28 novembre 2025 \u00e0 Lyon<\/p>\n<p>Un arbre en l\u2019honneur d\u2019Ilan Halimi plant\u00e9 dans le square Jussieu dans le 3\u00e8me arrondissement. La c\u00e9r\u00e9monie a eu lieu en pr\u00e9sence du maire de Lyon<strong> Gr\u00e9gory Doucet<\/strong> et la pr\u00e9sidente AURA de la LICRA, <strong>Myriam Picot<\/strong>. .<\/p>\n<p>La <strong>SNCF<\/strong> va cr\u00e9er d\u2019ici l\u2019\u00e9t\u00e9 2027 une <strong>liaison entre Lyon et Bordeaux,<\/strong> en cinq heures. Un train province-province mais qui se fera par Massy-TGV, situ\u00e9e \u00e0 une vingtaine de kilom\u00e8tres au sud de Paris.. Donc pas de desserte par le Massif Central<\/p>\n<p>Ecoutez aussi : <a href=\"https:\/\/www.lyondemain.fr\/yasmine-bouagga-lancement-campagne-gauche-1er-arrondissement-lyon\/\" target=\"_blank\" rel=\"noopener\">Yasmine Bouagga : \u00ab\u00a0Le 1er n\u2019e<\/a><a href=\"https:\/\/www.lyondemain.fr\/yasmine-bouagga-lancement-campagne-gauche-1er-arrondissement-lyon\/\" target=\"_blank\" rel=\"noreferrer noopener\">s<\/a><a href=\"https:\/\/www.lyondemain.fr\/yasmine-bouagga-lancement-campagne-gauche-1er-arrondissement-lyon\/\" target=\"_blank\" rel=\"noopener\">t pas un il\u00f4t de r\u00e9sistance, mais une locomotive\u00a0\u00bb<\/a><\/p>\n<p>Egalement dans l\u2019actualit\u00e9 de ce vendredi 28 novembre<\/p>\n<p>Comme chaque ann\u00e9e, la<strong> F\u00eate des Lumi\u00e8res<\/strong> s\u2019accompagne de l\u2019op\u00e9ration solidaire des <strong>Lumignons du C\u0153ur<\/strong>. Les visiteurs sont invit\u00e9s \u00e0 acheter un lumignon au prix de 2 \u20ac. Dont la totalit\u00e9 des recettes est revers\u00e9e \u00e0 une association caritative.Et cette ann\u00e9e, c\u2019est <strong>SINGA LYON <\/strong>qui a \u00e9t\u00e9 choisie. Association qui<a href=\"https:\/\/singalyon.fr\/lumignons-du-coeur-x-singalyon\/\" target=\"_blank\" rel=\"noreferrer noopener\"> <strong>favorise l\u2019inclusion des personnes r\u00e9fugi\u00e9es<\/strong><\/a> en cr\u00e9ant des liens durables avec la soci\u00e9t\u00e9 d\u2019accueil.<\/p>\n<p>Nos invit\u00e9s :<strong> Sylvie Tomic<\/strong>, adjointe au maire de <strong>Lyon<\/strong> en charge de l\u2019Accueil et de l\u2019Hospitalit\u00e9. <strong>Mubarak et Sylvie<\/strong>, deux b\u00e9n\u00e9voles de l\u2019association. Et <strong>Birgit Vynckier<\/strong>, directrice de <strong>Singa Lyon<\/strong>.<\/p>\n<p><strong>SINGA Lyon<\/strong> esp\u00e8re r\u00e9colter 70 000 euros gr\u00e2ce \u00e0 la <strong>vente des Lumignons du C\u0153ur<\/strong>. Les petites bougies sont en vente 2\u20ac dans les <strong>chalets de la F\u00eate des Lumi\u00e8res<\/strong> et les 4 soirs de f\u00eate, <strong>place des Jacobins<\/strong> o\u00f9 ils seront d\u00e9ploy\u00e9s pour constituer <strong>L\u2019\u00eele des Jacobins <\/strong>les 5, 6, 7 et 8 d\u00e9cembre<\/p>\n<p>L\u2019Olympique Lyonnais n\u2019a eu aucun mal \u00e0 surclasser le Maccabi Tel Aviv avec un tripl\u00e9 de Corentin Tolisso.<\/p>\n<p>Basket : lASVEL\u2019 affrontera bien le Maccabi <strong>\u00e0 Tel Aviv<\/strong> une semaine plus tard.<\/p>\n<p>Ecoutez aussi : <a href=\"https:\/\/www.lyondemain.fr\/actualite-de-ce-jeudi-27-novembre-campagne-gauche-ecolo-yasmine-bouagga\/\" target=\"_blank\" rel=\"noreferrer noopener\">Toute l\u2019actualit\u00e9 de ce jeudi 27 novembre 2025 \u00e0 Lyon<\/a><\/p>\n<p><img fetchpriority=\"high\" decoding=\"async\" width=\"1200\" height=\"675\" src=\"https:\/\/www.europesays.com\/fr\/wp-content\/uploads\/2025\/11\/actualite-de-ce-vendredi-28-novembre-2025-1.jpg\" alt=\"actualit\u00e9 de ce vendredi 28 novembre  2025 info \u00e0 Lyon\" class=\"wp-image-252593\"  \/>Retrouvez aussi le Quart d\u2019Heure Lyonnais de Lyon Demain sur les antennes de Radio Pluriel (Lyon). Radio Salam (Lyon, Saint-Etienne et Bourg) et Radio Arm\u00e9nie (Lyon et Vienne)<br \/>\nJ\u2019aime \u00e7a\u00a0:<\/p>\n<p>J\u2019aime chargement\u2026<\/p>\n<p><a class=\"sd-link-color\"\/><\/p>\n<p>\n\tArticles similaires\n<\/p>\n<p>\t\t\t\t<img decoding=\"async\" src=\"https:\/\/www.europesays.com\/fr\/wp-content\/uploads\/2025\/11\/1764316824_876_7866158698e17e8ed633c05e8f8e7fe5d9e057ad78661c4dc34e413abb6b9f19\" alt=\"G\u00e9rald Bouchon\"\/><\/p>\n<p>Pionnier des radios libres, passionn\u00e9 de radio, journaliste et dirigeant de m\u00e9dias \u00e9co-responsables..<\/p>\n","protected":false},"excerpt":{"rendered":"A la une de l\u2019info \u00e0 Lyon : Un arbre en l\u2019honneur d\u2019Ilan Halimi plant\u00e9 dans le square&hellip;\n","protected":false},"author":2,"featured_media":564041,"comment_status":"","ping_status":"","sticky":false,"template":"","format":"standard","meta":{"footnotes":""},"categories":[1889],"tags":[1111,11,2430,67994,1777,674,48836,1011,27,45788,65251,2428,1251,12,2495,25,54065,67995],"class_list":{"0":"post-564040","1":"post","2":"type-post","3":"status-publish","4":"format-standard","5":"has-post-thumbnail","7":"category-lyon","8":"tag-actu","9":"tag-actualites","10":"tag-auvergne-rhone-alpes","11":"tag-birgit-vynckier","12":"tag-eu","13":"tag-europe","14":"tag-fete-des-lumieres","15":"tag-fr","16":"tag-france","17":"tag-ilan-halimi","18":"tag-lumignons-du-coeur","19":"tag-lyon","20":"tag-migrants","21":"tag-news","22":"tag-refugies","23":"tag-republique-francaise","24":"tag-singa","25":"tag-sylvie-tomic"},"share_on_mastodon":{"url":"https:\/\/pubeurope.com\/@fr\/115626274303625881","error":""},"_links":{"self":[{"href":"https:\/\/www.europesays.com\/fr\/wp-json\/wp\/v2\/posts\/564040","targetHints":{"allow":["GET"]}}],"collection":[{"href":"https:\/\/www.europesays.com\/fr\/wp-json\/wp\/v2\/posts"}],"about":[{"href":"https:\/\/www.europesays.com\/fr\/wp-json\/wp\/v2\/types\/post"}],"author":[{"embeddable":true,"href":"https:\/\/www.europesays.com\/fr\/wp-json\/wp\/v2\/users\/2"}],"replies":[{"embeddable":true,"href":"https:\/\/www.europesays.com\/fr\/wp-json\/wp\/v2\/comments?post=564040"}],"version-history":[{"count":0,"href":"https:\/\/www.europesays.com\/fr\/wp-json\/wp\/v2\/posts\/564040\/revisions"}],"wp:featuredmedia":[{"embeddable":true,"href":"https:\/\/www.europesays.com\/fr\/wp-json\/wp\/v2\/media\/564041"}],"wp:attachment":[{"href":"https:\/\/www.europesays.com\/fr\/wp-json\/wp\/v2\/media?parent=564040"}],"wp:term":[{"taxonomy":"category","embeddable":true,"href":"https:\/\/www.europesays.com\/fr\/wp-json\/wp\/v2\/categories?post=564040"},{"taxonomy":"post_tag","embeddable":true,"href":"https:\/\/www.europesays.com\/fr\/wp-json\/wp\/v2\/tags?post=564040"}],"curies":[{"name":"wp","href":"https:\/\/api.w.org\/{rel}","templated":true}]}}