{"id":564042,"date":"2025-11-28T08:03:14","date_gmt":"2025-11-28T08:03:14","guid":{"rendered":"https:\/\/www.europesays.com\/fr\/564042\/"},"modified":"2025-11-28T08:03:14","modified_gmt":"2025-11-28T08:03:14","slug":"circulation-au-ralenti-sur-les-routes-de-paris-et-dile-de-france-les-bouchons-saccumulent","status":"publish","type":"post","link":"https:\/\/www.europesays.com\/fr\/564042\/","title":{"rendered":"Circulation au ralenti sur les routes de Paris et d\u2019\u00cele-de-France : les bouchons s\u2019accumulent"},"content":{"rendered":"<p>                    Par<br \/>\n        <strong><br \/>\n            <a href=\"https:\/\/actu.fr\/auteur\/redaction-paris\" title=\"Consulter tous les articles de R\u00e9daction Paris\" target=\"_blank\" rel=\"noopener\">R\u00e9daction Paris<\/a><br \/>\n                    <\/strong><\/p>\n<p>        Publi\u00e9 le<\/p>\n<p>            28 nov. 2025 \u00e0 8h30        <\/p>\n<p>C\u2019est une fin de semaine qui commence tout doucement sur les routes de Paris et d\u2019\u00cele-de-France. Ce vendredi 28 novembre 2025, la <a href=\"https:\/\/actu.fr\/tag\/circulation\" target=\"_blank\" rel=\"noopener\">circulation<\/a> est <strong>difficile sur plusieurs axes<\/strong> franciliens, en t\u00e9moignent les embouteillages.<\/p>\n<p>260 kilom\u00e8tres de bouchons<\/p>\n<p class=\" wall-content\">Selon le barom\u00e8tre de cumul des bouchons de <a href=\"https:\/\/www.sytadin.fr\/\" target=\"_blank\" rel=\"noopener\">Sytadin.fr<\/a>, leur niveau est une nouvelle fois exceptionnel : il atteint, \u00e0 8h15, <strong>260 kilom\u00e8tres<\/strong>. Quelques incidents ralentissent le parcours des automobilistes :<\/p>\n<p class=\" wall-content\">\u2013 Sur l\u2019<strong>A15<\/strong> vers Paris, entre \u00c9ragny et Gennevilliers : un accident s\u2019est produit au niveau d\u2019Argenteuil<\/p>\n<p class=\" wall-content\">\u2013 Sur la <strong>N406<\/strong> en direction de Paris, entre la N406W-Cr\u00e9teil-D60 et Cr\u00e9teil Pompadour : un accident implique deux v\u00e9hicules l\u00e9gers. Sur les deux voies, celle de droite et la bande d\u2019arr\u00eat d\u2019urgence sont ferm\u00e9es<\/p>\n<p class=\" wall-content\">\u2013 Sur l\u2019<strong>A1<\/strong>, de Roissy vers l\u2019a\u00e9roport Charles-de-Gaulle : un accident impliquant un v\u00e9hicule l\u00e9ger entra\u00eene la fermeture de la bande d\u2019arr\u00eat d\u2019urgence<\/p>\n<p class=\" wall-content\">Personnalisez votre actualit\u00e9 en ajoutant vos villes et m\u00e9dias en favori avec <a href=\"https:\/\/moncompte.actu.fr\" title=\"D\u00e9couvez Mon Actu\" rel=\"nofollow noopener\" data-trk=\"{&quot;cta&quot;:{&quot;action&quot;:&quot;https:\\\/\\\/moncompte.actu.fr&quot;,&quot;category&quot;:&quot;mon compte&quot;,&quot;from&quot;:&quot;article footer&quot;,&quot;name&quot;:&quot;Mon actu&quot;,&quot;type&quot;:&quot;cta&quot;}}\" target=\"_blank\">Mon Actu<\/a>.<\/p>\n","protected":false},"excerpt":{"rendered":"Par R\u00e9daction Paris Publi\u00e9 le 28 nov. 2025 \u00e0 8h30 C\u2019est une fin de semaine qui commence tout&hellip;\n","protected":false},"author":2,"featured_media":564043,"comment_status":"","ping_status":"","sticky":false,"template":"","format":"standard","meta":{"footnotes":""},"categories":[1592],"tags":[119,1111,11,3542,1777,674,1011,27,662,12,626,25,104],"class_list":{"0":"post-564042","1":"post","2":"type-post","3":"status-publish","4":"format-standard","5":"has-post-thumbnail","7":"category-ile-de-france","8":"tag-accident","9":"tag-actu","10":"tag-actualites","11":"tag-circulation","12":"tag-eu","13":"tag-europe","14":"tag-fr","15":"tag-france","16":"tag-ile-de-france","17":"tag-news","18":"tag-paris","19":"tag-republique-francaise","20":"tag-societe"},"share_on_mastodon":{"url":"https:\/\/pubeurope.com\/@fr\/115626285759861189","error":""},"_links":{"self":[{"href":"https:\/\/www.europesays.com\/fr\/wp-json\/wp\/v2\/posts\/564042","targetHints":{"allow":["GET"]}}],"collection":[{"href":"https:\/\/www.europesays.com\/fr\/wp-json\/wp\/v2\/posts"}],"about":[{"href":"https:\/\/www.europesays.com\/fr\/wp-json\/wp\/v2\/types\/post"}],"author":[{"embeddable":true,"href":"https:\/\/www.europesays.com\/fr\/wp-json\/wp\/v2\/users\/2"}],"replies":[{"embeddable":true,"href":"https:\/\/www.europesays.com\/fr\/wp-json\/wp\/v2\/comments?post=564042"}],"version-history":[{"count":0,"href":"https:\/\/www.europesays.com\/fr\/wp-json\/wp\/v2\/posts\/564042\/revisions"}],"wp:featuredmedia":[{"embeddable":true,"href":"https:\/\/www.europesays.com\/fr\/wp-json\/wp\/v2\/media\/564043"}],"wp:attachment":[{"href":"https:\/\/www.europesays.com\/fr\/wp-json\/wp\/v2\/media?parent=564042"}],"wp:term":[{"taxonomy":"category","embeddable":true,"href":"https:\/\/www.europesays.com\/fr\/wp-json\/wp\/v2\/categories?post=564042"},{"taxonomy":"post_tag","embeddable":true,"href":"https:\/\/www.europesays.com\/fr\/wp-json\/wp\/v2\/tags?post=564042"}],"curies":[{"name":"wp","href":"https:\/\/api.w.org\/{rel}","templated":true}]}}