{"id":564044,"date":"2025-11-28T08:04:14","date_gmt":"2025-11-28T08:04:14","guid":{"rendered":"https:\/\/www.europesays.com\/fr\/564044\/"},"modified":"2025-11-28T08:04:14","modified_gmt":"2025-11-28T08:04:14","slug":"le-bilan-est-desormais-de-128-morts-les-operations-de-lutte-contre-le-feu-sont-terminees","status":"publish","type":"post","link":"https:\/\/www.europesays.com\/fr\/564044\/","title":{"rendered":"le bilan est d\u00e9sormais de 128 morts, les op\u00e9rations de lutte contre le feu sont termin\u00e9es"},"content":{"rendered":"\n<p class=\"c-chapo \">\n  Des dizaines de personnes sont toujours port\u00e9es disparues, deux jours apr\u00e8s l&rsquo;incendie dans le complexe r\u00e9sidentiel Wang Fuk Court.\n<\/p>\n<p>      lire plus tard<\/p>\n<p id=\"dialog__title\" class=\"dialog__title\">Pour sauvegarder cet article, connectez-vous ou cr\u00e9ez un compte franceinfo<\/p>\n<p class=\"dialog__description\">Sans paiement. Sans abonnement.<\/p>\n<p>        Fermer la fen\u00eatre d\u2019activation des notifications France Info<\/p>\n<p>      cr\u00e9er votre compte<\/p>\n<p>      se connecter<\/p>\n<p>        Fermer la fen\u00eatre de pr\u00e9sentation<\/p>\n<p>    <img loading=\"lazy\" decoding=\"async\" class=\"signature__image lazyload\" width=\"100\" height=\"100\" data- alt=\"\" src=\"https:\/\/www.europesays.com\/fr\/wp-content\/uploads\/2025\/05\/64a68815cd1a7_placeholder-36b69ec8.png\"\/><\/p>\n<p>    Publi\u00e9 le 28\/11\/2025 06:48<\/p>\n<p>      Mis \u00e0 jour le 28\/11\/2025 08:41<\/p>\n<p>        Temps de lecture : 1min<\/p>\n<p>    <img decoding=\"async\"  alt=\"Un des b\u00e2timents endommag\u00e9s apr\u00e8s l'incendie majeur qui a ravag\u00e9 un complexe r\u00e9sidentiel \u00e0 Hong Kong, le 28 novembre 2025. (PHILIP FONG \/ AFP)\" width=\"432\" height=\"243\" src=\"https:\/\/www.europesays.com\/fr\/wp-content\/uploads\/2025\/11\/000-86ez9j6-6929371f04000220852296.jpg\" fetchpriority=\"high\"\/><\/p>\n<p>      Un des b\u00e2timents endommag\u00e9s apr\u00e8s l&rsquo;incendie majeur qui a ravag\u00e9 un complexe r\u00e9sidentiel \u00e0 Hong Kong, le 28 novembre 2025. (PHILIP FONG \/ AFP)<\/p>\n<p>Le bilan du pire feu qu&rsquo;ait connu Hong Kong depuis 1948 est d\u00e9sormais de 128 morts, a annonc\u00e9 le chef de la s\u00e9curit\u00e9, Chris Tang, vendredi 28 novembre. Un pr\u00e9c\u00e9dent bilan faisait \u00e9tat d&rsquo;au moins 94 morts, deux jours apr\u00e8s <a href=\"https:\/\/www.franceinfo.fr\/monde\/chine\/hong-kong\/au-moins-55-morts-plus-de-250-disparus-ce-que-l-on-sait-de-l-immense-incendie-a-hong-kong-qui-a-ravage-plusieurs-tours-d-habitation_7643030.html\" target=\"_blank\" rel=\"noopener\">l&rsquo;incendie dans le complexe r\u00e9sidentiel Wang Fuk Court<\/a>. Le sinistre a \u00e9galement fait 79 bless\u00e9s, ont dit les services de secours et de s\u00e9curit\u00e9 devant la presse. Sur les 128 personnes d\u00e9c\u00e9d\u00e9es, 89 ne sont toujours pas identifi\u00e9es, ont-ils pr\u00e9cis\u00e9.\u00a0Chris Tang a aussi fait \u00e9tat de 200 personnes toujours port\u00e9es disparues, mais en y incluant les personnes d\u00e9c\u00e9d\u00e9es, mais non identifi\u00e9es.\u00a0Il a rapport\u00e9 que l&rsquo;enqu\u00eate pour d\u00e9terminer les causes du drame \u00e9tait toujours en cours et pourrait prendre 3 ou 4 semaines.<\/p>\n<p>Les pompiers de Hong Kong ont par ailleurs annonc\u00e9 avoir fini les op\u00e9rations de lutte contre le feu, vendredi.\u00a0Les flammes \u00e9taient \u00ab\u00a0largement \u00e9teintes\u00a0\u00bb \u00e0 10h18 (3h18 \u00e0 Paris), a pr\u00e9cis\u00e9 un porte-parole du gouvernement, en citant les services de pompiers.<\/p>\n","protected":false},"excerpt":{"rendered":"Des dizaines de personnes sont toujours port\u00e9es disparues, deux jours apr\u00e8s l&rsquo;incendie dans le complexe r\u00e9sidentiel Wang Fuk&hellip;\n","protected":false},"author":2,"featured_media":564045,"comment_status":"","ping_status":"","sticky":false,"template":"","format":"standard","meta":{"footnotes":""},"categories":[1888],"tags":[1111,1928,11,1927,1777,674,1011,27,12,1926,626,1925,25],"class_list":{"0":"post-564044","1":"post","2":"type-post","3":"status-publish","4":"format-standard","5":"has-post-thumbnail","7":"category-paris","8":"tag-actu","9":"tag-actu-paris","10":"tag-actualites","11":"tag-actualites-paris","12":"tag-eu","13":"tag-europe","14":"tag-fr","15":"tag-france","16":"tag-news","17":"tag-news-paris","18":"tag-paris","19":"tag-paris-news","20":"tag-republique-francaise"},"share_on_mastodon":{"url":"https:\/\/pubeurope.com\/@fr\/115626290565344244","error":""},"_links":{"self":[{"href":"https:\/\/www.europesays.com\/fr\/wp-json\/wp\/v2\/posts\/564044","targetHints":{"allow":["GET"]}}],"collection":[{"href":"https:\/\/www.europesays.com\/fr\/wp-json\/wp\/v2\/posts"}],"about":[{"href":"https:\/\/www.europesays.com\/fr\/wp-json\/wp\/v2\/types\/post"}],"author":[{"embeddable":true,"href":"https:\/\/www.europesays.com\/fr\/wp-json\/wp\/v2\/users\/2"}],"replies":[{"embeddable":true,"href":"https:\/\/www.europesays.com\/fr\/wp-json\/wp\/v2\/comments?post=564044"}],"version-history":[{"count":0,"href":"https:\/\/www.europesays.com\/fr\/wp-json\/wp\/v2\/posts\/564044\/revisions"}],"wp:featuredmedia":[{"embeddable":true,"href":"https:\/\/www.europesays.com\/fr\/wp-json\/wp\/v2\/media\/564045"}],"wp:attachment":[{"href":"https:\/\/www.europesays.com\/fr\/wp-json\/wp\/v2\/media?parent=564044"}],"wp:term":[{"taxonomy":"category","embeddable":true,"href":"https:\/\/www.europesays.com\/fr\/wp-json\/wp\/v2\/categories?post=564044"},{"taxonomy":"post_tag","embeddable":true,"href":"https:\/\/www.europesays.com\/fr\/wp-json\/wp\/v2\/tags?post=564044"}],"curies":[{"name":"wp","href":"https:\/\/api.w.org\/{rel}","templated":true}]}}