{"id":564046,"date":"2025-11-28T08:05:18","date_gmt":"2025-11-28T08:05:18","guid":{"rendered":"https:\/\/www.europesays.com\/fr\/564046\/"},"modified":"2025-11-28T08:05:18","modified_gmt":"2025-11-28T08:05:18","slug":"paris-previsions-meteo-du-jeudi-27-novembre-2025","status":"publish","type":"post","link":"https:\/\/www.europesays.com\/fr\/564046\/","title":{"rendered":"Paris : pr\u00e9visions m\u00e9t\u00e9o du jeudi 27 novembre 2025"},"content":{"rendered":"<p>\u00c0 Paris, la journ\u00e9e du jeudi 27 novembre 2025 sera marqu\u00e9e par un ciel clair le matin et en d\u00e9but d\u2019apr\u00e8s-midi, avec des temp\u00e9ratures fra\u00eeches mais stables. Le soir, une couverture nuageuse s\u2019installe sans pluie, tandis qu\u2019un temps plus humide est attendu pour le lendemain.<\/p>\n<p>Ce jeudi 27 novembre 2025, la capitale b\u00e9n\u00e9ficie d\u2019un temps calme et sec. Nous vous proposons un point complet sur les conditions heure par heure, les \u00e9ventuels impacts et la tendance pour demain, afin d\u2019anticiper au mieux d\u00e9placements et loisirs.<\/p>\n<p>Matin : ciel limpide d\u00e8s l\u2019aube<\/p>\n<p>Le soleil se l\u00e8ve \u00e0 08 h 17, d\u00e9voilant un ciel parfaitement d\u00e9gag\u00e9. L\u2019anticyclone positionn\u00e9 sur l\u2019Europe occidentale maintient la couverture nuageuse \u00e0 distance et stabilise l\u2019air sur l\u2019\u00cele-de-France.<\/p>\n<p>\u00c0 09 h, le thermom\u00e8tre indique <b>3 \u00b0C<\/b>, avec un ressenti de <b>1 \u00b0C<\/b>. L\u2019humidit\u00e9 atteint 80 % et la pression est de 1 025 hPa. Une l\u00e9g\u00e8re brise de sud (8 km\/h) accentue la fra\u00eecheur matinale.<\/p>\n<p>Pensez \u00e0 enfiler gants et manteau isolant pour vos trajets matinaux. L\u2019indice de pollution restant \u00ab ind\u00e9fini \u00bb, il est conseill\u00e9 aux personnes sensibles d\u2019\u00e9viter les efforts prolong\u00e9s dans l\u2019air froid.<\/p>\n<p>Apr\u00e8s-midi : douceur relative et plein soleil<\/p>\n<p>Le soleil r\u00e8gne sans partage sur le ciel parisien, soutenu par une pression \u00e9lev\u00e9e (1 023 hPa). \u00c0 15 h, la temp\u00e9rature atteint <b>7 \u00b0C<\/b>, ressentie \u00e0 5 \u00b0C, soit un niveau l\u00e9g\u00e8rement inf\u00e9rieur aux normales de saison.<\/p>\n<p>Le flux s\u2019oriente sud-sud-ouest et se renforce mod\u00e9r\u00e9ment, atteignant 13 km\/h en moyenne. Avec une faible hygrom\u00e9trie de 60 %, aucune condensation n\u2019est attendue : la journ\u00e9e restera s\u00e8che, offrant une excellente visibilit\u00e9 pour les activit\u00e9s ext\u00e9rieures.<\/p>\n<p>Profitez des mus\u00e9es ou d\u2019une promenade le long de la Seine, mais conservez une \u00e9charpe : l\u2019air demeure piquant \u00e0 l\u2019ombre et la brise accentue la sensation de fra\u00eecheur.<\/p>\n<p>Soir : couverture nuageuse en hausse avant la nuit<\/p>\n<p>Le soleil se couche \u00e0 16 h 58. Apr\u00e8s son d\u00e9part, la n\u00e9bulosit\u00e9 s\u2019accentue : le ciel devient tr\u00e8s nuageux vers 21 h, tout en restant sec.<\/p>\n<p>La temp\u00e9rature descend \u00e0 <b>6 \u00b0C<\/b>, avec un ressenti de 4 \u00b0C. L\u2019humidit\u00e9 remonte \u00e0 67 %, tandis que la pression s\u2019\u00e9tablit \u00e0 1 022 hPa. Le vent reste orient\u00e9 sud, autour de 14 km\/h, sans rafales notables.<\/p>\n<p>La nuit s\u2019annonce paisible, propice au retour des brouillards en seconde partie de nuit sous l\u2019effet d\u2019une humidit\u00e9 croissante et d\u2019un vent qui faiblira progressivement.<\/p>\n<ul>\n<li><b>Temp\u00e9rature mini<\/b> : 2 \u00b0C \u00e0 l\u2019aube.<\/li>\n<li><b>Temp\u00e9rature maxi<\/b> : 7 \u00b0C vers 15 h.<\/li>\n<li><b>Pluie<\/b> : 0 mm, journ\u00e9e s\u00e8che.<\/li>\n<\/ul>\n<p>Tendance pour le vendredi 28 novembre : retour d\u2019un temps humide<\/p>\n<p>D\u00e8s la fin de nuit, un brouillard dense est probable avec 97 % d\u2019humidit\u00e9 et 6 \u00b0C. Le brassage atmosph\u00e9rique limit\u00e9 retardera sa dissipation et pourra affecter la visibilit\u00e9 sur le r\u00e9seau routier francilien.<\/p>\n<p>Sous l\u2019influence d\u2019une perturbation atlantique, la journ\u00e9e s\u2019annonce grise avec une <b>pluie faible<\/b> quasi continue. On attend 4,3 mm de pr\u00e9cipitations sur l\u2019ensemble de la journ\u00e9e, un maximum de 7 \u00b0C et un ressenti plafonnant \u00e0 6 \u00b0C.<\/p>\n<p>Le vent, toujours orient\u00e9 sud autour de 14 km\/h, maintiendra une masse d\u2019air douce et humide. Pas de rafales significatives, mais les chauss\u00e9es deviendront glissantes : prudence recommand\u00e9e pour les deux-roues.<\/p>\n<p>Pour suivre l\u2019\u00e9volution heure par heure et pr\u00e9parer vos d\u00e9placements, consultez <a href=\"https:\/\/www.meteocity.com\/france\/paris-v2988507\/meteo-demain\" target=\"_blank\" rel=\"noopener\">nos pr\u00e9visions d\u00e9taill\u00e9es<\/a> mises \u00e0 jour en continu.<\/p>\n","protected":false},"excerpt":{"rendered":"\u00c0 Paris, la journ\u00e9e du jeudi 27 novembre 2025 sera marqu\u00e9e par un ciel clair le matin et&hellip;\n","protected":false},"author":2,"featured_media":564047,"comment_status":"","ping_status":"","sticky":false,"template":"","format":"standard","meta":{"footnotes":""},"categories":[1888],"tags":[1111,1928,11,1927,1777,674,1011,27,12,1926,626,1925,25],"class_list":{"0":"post-564046","1":"post","2":"type-post","3":"status-publish","4":"format-standard","5":"has-post-thumbnail","7":"category-paris","8":"tag-actu","9":"tag-actu-paris","10":"tag-actualites","11":"tag-actualites-paris","12":"tag-eu","13":"tag-europe","14":"tag-fr","15":"tag-france","16":"tag-news","17":"tag-news-paris","18":"tag-paris","19":"tag-paris-news","20":"tag-republique-francaise"},"share_on_mastodon":{"url":"https:\/\/pubeurope.com\/@fr\/115626293656639578","error":""},"_links":{"self":[{"href":"https:\/\/www.europesays.com\/fr\/wp-json\/wp\/v2\/posts\/564046","targetHints":{"allow":["GET"]}}],"collection":[{"href":"https:\/\/www.europesays.com\/fr\/wp-json\/wp\/v2\/posts"}],"about":[{"href":"https:\/\/www.europesays.com\/fr\/wp-json\/wp\/v2\/types\/post"}],"author":[{"embeddable":true,"href":"https:\/\/www.europesays.com\/fr\/wp-json\/wp\/v2\/users\/2"}],"replies":[{"embeddable":true,"href":"https:\/\/www.europesays.com\/fr\/wp-json\/wp\/v2\/comments?post=564046"}],"version-history":[{"count":0,"href":"https:\/\/www.europesays.com\/fr\/wp-json\/wp\/v2\/posts\/564046\/revisions"}],"wp:featuredmedia":[{"embeddable":true,"href":"https:\/\/www.europesays.com\/fr\/wp-json\/wp\/v2\/media\/564047"}],"wp:attachment":[{"href":"https:\/\/www.europesays.com\/fr\/wp-json\/wp\/v2\/media?parent=564046"}],"wp:term":[{"taxonomy":"category","embeddable":true,"href":"https:\/\/www.europesays.com\/fr\/wp-json\/wp\/v2\/categories?post=564046"},{"taxonomy":"post_tag","embeddable":true,"href":"https:\/\/www.europesays.com\/fr\/wp-json\/wp\/v2\/tags?post=564046"}],"curies":[{"name":"wp","href":"https:\/\/api.w.org\/{rel}","templated":true}]}}