{"id":564052,"date":"2025-11-28T08:08:15","date_gmt":"2025-11-28T08:08:15","guid":{"rendered":"https:\/\/www.europesays.com\/fr\/564052\/"},"modified":"2025-11-28T08:08:15","modified_gmt":"2025-11-28T08:08:15","slug":"en-direct-guerre-en-ukraine-perquisitions-en-cours-visant-le-bras-droit-de-zelensky","status":"publish","type":"post","link":"https:\/\/www.europesays.com\/fr\/564052\/","title":{"rendered":"EN DIRECT &#8211; Guerre en Ukraine : perquisitions en cours visant le bras droit de Zelensky"},"content":{"rendered":"<ul class=\"jsx-862013697 ArticleChapo__List\">\n<li class=\"jsx-862013697 ArticleChapo__List_Item flex\">Des perquisitions visant Andrii Iermak, chef de cabinet de Volodymyr Zelensky, sont en cours ce vendredi, annonce l&rsquo;agence nationale anticorruption ukrainienne.<\/li>\n<li class=\"jsx-862013697 ArticleChapo__List_Item flex\">Suivez les derni\u00e8res informations.<\/li>\n<\/ul>\n<p><a href=\"https:\/\/www.tf1info.fr\/actualite\/guerre-ukraine-russie-une-rencontre-donald-trump-vladimir-poutine-historique-le-vendredi-15-aout-2025-en-alaska-sans-volodymyr-zelensky-14326\/\" rel=\"noopener\" class=\"jsx-484472199 Link jsx-1428418400 jsx-554215408\" target=\"_blank\"><\/p>\n<p style=\"font-weight:400\" class=\"jsx-1837267516\">Suivez la couverture compl\u00e8te<\/p>\n<p style=\"font-weight:800\" class=\"jsx-1837267516\">Ukraine-Russie : la perspective de n\u00e9gociations relanc\u00e9e ?<\/p>\n<p><\/a>Minute par minuteDES PERQUISITIONS EN COURS VISANT LE BRAS DROIT DE ZELENSKY08:29<\/p>\n<p>Des perquisitions visant Andrii Iermak, puissant chef de cabinet du pr\u00e9sident ukrainien Volodymyr Zelensky, sont en cours vendredi, a annonc\u00e9 l&rsquo;agence nationale anticorruption ukrainienne (NABU). \u00ab\u00a0Le NABU et le SAP (le parquet sp\u00e9cialis\u00e9 anticorruption) m\u00e8nent actuellement des actes d&rsquo;enqu\u00eate chez le directeur de cabinet du pr\u00e9sident de l&rsquo;Ukraine. Ces op\u00e9rations sont autoris\u00e9es et s&rsquo;inscrivent dans le cadre d&rsquo;une enqu\u00eate\u00a0\u00bb, a indiqu\u00e9 le NABU dans un communiqu\u00e9, annon\u00e7ant \u00ab\u00a0plus de d\u00e9tails \u00e0 venir\u00a0\u00bb.<\/p>\n<p>ORBAN \u00c0 MOSCOU POUR RENCONTRER POUTINE07:52<\/p>\n<p>Le Premier ministre hongrois Viktor Orban a annonc\u00e9 vendredi se rendre \u00e0 Moscou pour rencontrer le pr\u00e9sident russe Vladimir Poutine pour des discussions ax\u00e9es sur l&rsquo;\u00e9nergie. \u00ab\u00a0Je m&rsquo;y rends pour m&rsquo;assurer que l&rsquo;approvisionnement \u00e9nerg\u00e9tique de la Hongrie est s\u00e9curis\u00e9 pour l&rsquo;hiver et l&rsquo;ann\u00e9e prochaine \u00e0 un prix abordable\u00a0\u00bb, a d\u00e9clar\u00e9 le dirigeant nationaliste dans une vid\u00e9o publi\u00e9e sur Facebook.<\/p>\n<p>REPORTAGE EXCLUSIF DANS LA \u00ab\u00a0ZONE DE LA MORT\u00a0\u00bb07:25<\/p>\n<p>Revoyez ce reportage exclusif au c\u0153ur du sauvetage \u00e0 haut risque de deux soldats ukrainiens dans la \u00ab\u00a0zone de la mort\u00a0\u00bb. Exceptionnellement, une \u00e9quipe du 20H de TF1 a pu tourner sur le front sud aupr\u00e8s d&rsquo;une unit\u00e9 du renseignement ukrainien. Attention, certaines images de ce grand reportage peuvent heurter.<\/p>\n<p>International<img decoding=\"async\" src=\"https:\/\/www.europesays.com\/fr\/wp-content\/uploads\/2025\/11\/cap-msis-b6c4f6-2@1x.jpeg\" alt=\"&quot;Pas d'autre moyen de les sortir&quot; : au c\u0153ur du sauvetage \u00e0 haut risque de 2 soldats ukrainiens dans la &quot;zone de la mort&quot;\" loading=\"lazy\" importance=\"low\" fetchpriority=\"low\" class=\"\" aria-hidden=\"true\"\/>[Vid\u00e9o]Publi\u00e9 hier \u00e0 20h46BONJOUR06:07<\/p>\n<p>Bienvenue dans ce direct consacr\u00e9 \u00e0 la guerre en Ukraine et \u00e0 ses cons\u00e9quences. Retrouvez ici les moments marquants et les images fortes sur ce conflit.<\/p>\n<p data-module=\"article-paragraph\" class=\"jsx-3046738180 Paragraph\">Le pr\u00e9sident russe Vladimir Poutine a affirm\u00e9, jeudi 27 novembre, que Moscou \u00ab\u00a0cessera les hostilit\u00e9s\u00a0\u00bb en Ukraine si les forces de Kiev acceptent de se retirer des territoires dont la Russie revendique l&rsquo;annexion. M. Poutine n&rsquo;a pas pr\u00e9cis\u00e9 s&rsquo;il parlait uniquement des r\u00e9gions de Donetsk et de Lougansk, dans l&rsquo;est de l&rsquo;Ukraine, vues comme cibles prioritaires par le Kremlin, ou \u00e9galement de celles de Kherson et Zaporijia dans le sud.<\/p>\n<p data-module=\"article-paragraph\" class=\"jsx-3046738180 Paragraph Paragraph__End\">L&rsquo;\u00e9missaire am\u00e9ricain Steve Witkoff est attendu la semaine prochaine \u00e0 Moscou pour \u00e9voquer le <a href=\"https:\/\/www.tf1info.fr\/international\/plan-de-paix-pour-l-ukraine-guerre-russie-ce-que-l-on-sait-de-l-accord-en-19-points-qui-a-mis-d-accord-trump-et-zelensky-2408877.html\" target=\"_blank\" rel=\"noopener\">plan de paix am\u00e9ricain<\/a> avec les responsables russes.<\/p>\n<p data-module=\"article-paragraph\" class=\"jsx-3046738180 Paragraph\">Le chef de la pr\u00e9sidence ukrainienne, Andri\u00ef Iermak, a de son c\u00f4t\u00e9 annonc\u00e9 jeudi sur Telegram que le \u00ab\u00a0travail conjoint des d\u00e9l\u00e9gations ukrainienne et am\u00e9ricaine\u00a0\u00bb sur le plan se poursuivra \u00ab\u00a0\u00e0 la fin de cette semaine\u00a0\u00bb.<\/p>\n<p data-module=\"article-paragraph\" class=\"jsx-3046738180 Paragraph Paragraph__End\">Le secr\u00e9taire g\u00e9n\u00e9ral de l&rsquo;Otan, Mark Rutte, a salu\u00e9 les efforts de Donald Trump autour du plan am\u00e9ricain pour mettre fin \u00e0 la guerre en Ukraine, \u00e0 l&rsquo;occasion d&rsquo;une visite en Islande jeudi. \u00ab\u00a0La Russie a pay\u00e9 un prix \u00e9lev\u00e9 pour des gains marginaux, et l&rsquo;Ukraine continue de se d\u00e9fendre avec courage\u00a0\u00bb, a soulign\u00e9 M. Rutte lors d&rsquo;une conf\u00e9rence de presse conjointe avec la Premi\u00e8re ministre islandaise, Kristrun Frostadottir.<\/p>\n<p>La r\u00e9daction de TF1info<\/p>\n","protected":false},"excerpt":{"rendered":"Des perquisitions visant Andrii Iermak, chef de cabinet de Volodymyr Zelensky, sont en cours ce vendredi, annonce l&rsquo;agence&hellip;\n","protected":false},"author":2,"featured_media":5029,"comment_status":"","ping_status":"","sticky":false,"template":"","format":"standard","meta":{"footnotes":""},"categories":[1591],"tags":[1111,11,1921,1887,1922,12,1885,1886,132,220,1917,67457,133,1920,135,134],"class_list":{"0":"post-564052","1":"post","2":"type-post","3":"status-publish","4":"format-standard","5":"has-post-thumbnail","7":"category-russie","8":"tag-actu","9":"tag-actualites","10":"tag-article-video","11":"tag-federation-de-russie","12":"tag-info","13":"tag-news","14":"tag-russia","15":"tag-russian-federation","16":"tag-russie","17":"tag-ukraine","18":"tag-ukraine-4-annee-de-guerre","19":"tag-ukraine-russie-la-perspective-de-negociations-relancee","20":"tag-video","21":"tag-video-international","22":"tag-vladimir-poutine","23":"tag-volodymyr-zelensky"},"share_on_mastodon":{"url":"https:\/\/pubeurope.com\/@fr\/115626306555939872","error":""},"_links":{"self":[{"href":"https:\/\/www.europesays.com\/fr\/wp-json\/wp\/v2\/posts\/564052","targetHints":{"allow":["GET"]}}],"collection":[{"href":"https:\/\/www.europesays.com\/fr\/wp-json\/wp\/v2\/posts"}],"about":[{"href":"https:\/\/www.europesays.com\/fr\/wp-json\/wp\/v2\/types\/post"}],"author":[{"embeddable":true,"href":"https:\/\/www.europesays.com\/fr\/wp-json\/wp\/v2\/users\/2"}],"replies":[{"embeddable":true,"href":"https:\/\/www.europesays.com\/fr\/wp-json\/wp\/v2\/comments?post=564052"}],"version-history":[{"count":0,"href":"https:\/\/www.europesays.com\/fr\/wp-json\/wp\/v2\/posts\/564052\/revisions"}],"wp:featuredmedia":[{"embeddable":true,"href":"https:\/\/www.europesays.com\/fr\/wp-json\/wp\/v2\/media\/5029"}],"wp:attachment":[{"href":"https:\/\/www.europesays.com\/fr\/wp-json\/wp\/v2\/media?parent=564052"}],"wp:term":[{"taxonomy":"category","embeddable":true,"href":"https:\/\/www.europesays.com\/fr\/wp-json\/wp\/v2\/categories?post=564052"},{"taxonomy":"post_tag","embeddable":true,"href":"https:\/\/www.europesays.com\/fr\/wp-json\/wp\/v2\/tags?post=564052"}],"curies":[{"name":"wp","href":"https:\/\/api.w.org\/{rel}","templated":true}]}}