{"id":564057,"date":"2025-11-28T08:12:19","date_gmt":"2025-11-28T08:12:19","guid":{"rendered":"https:\/\/www.europesays.com\/fr\/564057\/"},"modified":"2025-11-28T08:12:19","modified_gmt":"2025-11-28T08:12:19","slug":"leurnok-reste-stable-apres-les-faibles-ventes-au-detail-en-allemagne-et-la-hausse-du-chomage-en-norvege","status":"publish","type":"post","link":"https:\/\/www.europesays.com\/fr\/564057\/","title":{"rendered":"L\u2019EURNOK reste stable apr\u00e8s les faibles ventes au d\u00e9tail en Allemagne et la hausse du ch\u00f4mage en Norv\u00e8ge"},"content":{"rendered":"<p data-end=\"159\" data-start=\"35\">Les ventes au d\u00e9tail allemandes pour octobre se sont \u00e9tablies \u00e0 <strong data-end=\"113\" data-start=\"99\">-0,3 % m\/m<\/strong><br data-end=\"116\" data-start=\"113\"\/>&#13;<br \/>\n(pr\u00e9vision : 0,2 %, pr\u00e9c\u00e9dent : 0,2 %).<\/p>\n<p data-end=\"271\" data-start=\"161\">Le taux de ch\u00f4mage norv\u00e9gien pour novembre s\u2019est \u00e9lev\u00e9 \u00e0 <strong data-end=\"227\" data-start=\"218\">2,1 %<\/strong><br data-end=\"230\" data-start=\"227\"\/>&#13;<br \/>\n(pr\u00e9vision : 2 %, pr\u00e9c\u00e9dent : 2,0 %).<\/p>\n<p data-end=\"369\" data-start=\"273\">Les ventes au d\u00e9tail su\u00e9doises pour octobre ressortent \u00e0 <strong data-end=\"344\" data-start=\"330\">-0,3 % m\/m<\/strong><br data-end=\"347\" data-start=\"344\"\/>&#13;<br \/>\n(pr\u00e9c\u00e9dent : 0,1 %).<\/p>\n<p data-end=\"598\" data-start=\"371\">Ce matin a apport\u00e9 une s\u00e9rie de publications macro\u00e9conomiques dans plusieurs \u00e9conomies europ\u00e9ennes. Toutefois, elles n\u2019ont pas eu d\u2019impact significatif sur les mouvements de prix des paires <strong data-end=\"571\" data-start=\"561\">EURUSD<\/strong>, <strong data-end=\"583\" data-start=\"573\">USDNOK<\/strong> ou <strong data-end=\"597\" data-start=\"587\">EURSEK<\/strong>.<\/p>\n<p data-end=\"698\" data-is-last-node=\"\" data-is-only-node=\"\" data-start=\"600\">Vous trouverez ci-dessous une heatmap illustrant la volatilit\u00e9 actuelle sur le march\u00e9 des changes.<\/p>\n<p data-end=\"661\" data-start=\"583\"><img decoding=\"async\" alt=\"\" data-source-description=\"\" src=\"https:\/\/xtb.scdn5.secure.raxcdn.com\/default\/0104\/34\/5b6f63fe-dff3-4ab6-8f79-b75ec9d088c5\/unnamed-2025-11-28t080639-362.webp\" class=\"lazyload\"\/><\/p>\n<p>\u00ab\u00a0Ce contenu est une communication marketing au sens de l&rsquo;art. 24, paragraphe 3, de la directive 2014\/65 \/UE du Parlement europ\u00e9en et du Conseil du 15 mai 2014 concernant les march\u00e9s d&rsquo;instruments financiers et modifiant la directive 2002\/92 \/CE et la directive 2011\/61 \/UE (MiFID II). La communication marketing n&rsquo;est pas une recommandation d&rsquo;investissement ou une information recommandant ou sugg\u00e9rant une strat\u00e9gie d&rsquo;investissement au sens du r\u00e8glement (UE) n\u00b0596\/2014 du Parlement europ\u00e9en et du Conseil du 16 avril 2014 sur les abus de march\u00e9 (r\u00e8glement sur les abus de march\u00e9) et abrogeant la directive 2003\/6 \/ CE du Parlement europ\u00e9en et du Conseil et directives 2003\/124 \/ CE, 2003\/125 \/ CE et 2004\/72 \/ CE de la Commission et r\u00e8glement d\u00e9l\u00e9gu\u00e9 (UE) 2016\/958 de la Commission du 9 mars 2016 compl\u00e9tant le r\u00e8glement (UE) n\u00b0596\/2014 du Parlement europ\u00e9en et du Conseil en ce qui concerne les normes techniques de r\u00e9glementation relatives aux modalit\u00e9s techniques de pr\u00e9sentation objective de recommandations d&rsquo;investissement ou d&rsquo;autres informations recommandant ou sugg\u00e9rant une strat\u00e9gie d&rsquo;investissement et pour la divulgation d&rsquo;int\u00e9r\u00eats particuliers ou d&rsquo;indications de conflits d&rsquo;int\u00e9r\u00eat ou tout autre conseil, y compris dans le domaine du conseil en investissement,  au sens de l&rsquo;article L321-1 du Code mon\u00e9taire et financier.&#13;<br \/>\nL\u2019ensemble des informations, analyses et formations dispens\u00e9es sont fournies \u00e0 titre indicatif et ne doivent pas \u00eatre interpr\u00e9t\u00e9es comme un conseil, une recommandation, une sollicitation d\u2019investissement ou incitation \u00e0 acheter ou vendre des produits financiers. XTB ne peut \u00eatre tenu responsable de l\u2019utilisation qui en est faite et des cons\u00e9quences qui en r\u00e9sultent, l\u2019investisseur final restant le seul d\u00e9cisionnaire quant \u00e0 la prise de position sur son compte de trading XTB. Toute utilisation des informations \u00e9voqu\u00e9es, et \u00e0 cet \u00e9gard toute d\u00e9cision prise relativement \u00e0 une \u00e9ventuelle op\u00e9ration d\u2019achat ou de vente de CFD, est sous la responsabilit\u00e9 exclusive de l\u2019investisseur final. Il est strictement interdit de reproduire ou de distribuer tout ou partie de ces informations \u00e0 des fins commerciales ou priv\u00e9es. Les performances pass\u00e9es ne sont pas n\u00e9cessairement indicatives des r\u00e9sultats futurs, et toute personne agissant sur la base de ces informations le fait enti\u00e8rement \u00e0 ses risques et p\u00e9rils.&#13;<br \/>\nLes CFD sont des instruments complexes et pr\u00e9sentent un risque \u00e9lev\u00e9 de perte rapide en capital en raison de l&rsquo;effet de levier. 71% de comptes d&rsquo;investisseurs de d\u00e9tail perdent de l&rsquo;argent lors de la n\u00e9gociation de CFD avec ce fournisseur. Vous devez vous assurer que vous comprenez comment les CFD fonctionnent et que vous pouvez vous permettre de prendre le risque probable de perdre votre argent. Avec le Compte Risque Limit\u00e9, le risque de pertes est limit\u00e9 au capital investi.\u00a0\u00bb<\/p>\n","protected":false},"excerpt":{"rendered":"Les ventes au d\u00e9tail allemandes pour octobre se sont \u00e9tablies \u00e0 -0,3 % m\/m&#13; (pr\u00e9vision : 0,2 %,&hellip;\n","protected":false},"author":2,"featured_media":437125,"comment_status":"","ping_status":"","sticky":false,"template":"","format":"standard","meta":{"footnotes":""},"categories":[1587],"tags":[11,672,1804,1805,1803,1777,674,1801,12,1802],"class_list":{"0":"post-564057","1":"post","2":"type-post","3":"status-publish","4":"format-standard","5":"has-post-thumbnail","7":"category-allemagne","8":"tag-actualites","9":"tag-allemagne","10":"tag-bundesrepublik-deutschland","11":"tag-de","12":"tag-deutschland","13":"tag-eu","14":"tag-europe","15":"tag-germany","16":"tag-news","17":"tag-republique-federale-dallemagne"},"share_on_mastodon":{"url":"https:\/\/pubeurope.com\/@fr\/115626321829238753","error":""},"_links":{"self":[{"href":"https:\/\/www.europesays.com\/fr\/wp-json\/wp\/v2\/posts\/564057","targetHints":{"allow":["GET"]}}],"collection":[{"href":"https:\/\/www.europesays.com\/fr\/wp-json\/wp\/v2\/posts"}],"about":[{"href":"https:\/\/www.europesays.com\/fr\/wp-json\/wp\/v2\/types\/post"}],"author":[{"embeddable":true,"href":"https:\/\/www.europesays.com\/fr\/wp-json\/wp\/v2\/users\/2"}],"replies":[{"embeddable":true,"href":"https:\/\/www.europesays.com\/fr\/wp-json\/wp\/v2\/comments?post=564057"}],"version-history":[{"count":0,"href":"https:\/\/www.europesays.com\/fr\/wp-json\/wp\/v2\/posts\/564057\/revisions"}],"wp:featuredmedia":[{"embeddable":true,"href":"https:\/\/www.europesays.com\/fr\/wp-json\/wp\/v2\/media\/437125"}],"wp:attachment":[{"href":"https:\/\/www.europesays.com\/fr\/wp-json\/wp\/v2\/media?parent=564057"}],"wp:term":[{"taxonomy":"category","embeddable":true,"href":"https:\/\/www.europesays.com\/fr\/wp-json\/wp\/v2\/categories?post=564057"},{"taxonomy":"post_tag","embeddable":true,"href":"https:\/\/www.europesays.com\/fr\/wp-json\/wp\/v2\/tags?post=564057"}],"curies":[{"name":"wp","href":"https:\/\/api.w.org\/{rel}","templated":true}]}}